{"id":326907,"date":"2025-08-18T10:59:09","date_gmt":"2025-08-18T10:59:09","guid":{"rendered":"https:\/\/www.europesays.com\/fr\/326907\/"},"modified":"2025-08-18T10:59:09","modified_gmt":"2025-08-18T10:59:09","slug":"la-pire-torture-du-monde-denitsa-ikonomova-sans-fard-su","status":"publish","type":"post","link":"https:\/\/www.europesays.com\/fr\/326907\/","title":{"rendered":"\u00ab\u00a0la pire torture du monde\u00a0\u00bb, Denitsa Ikonomova sans fard su &#8230;"},"content":{"rendered":"<p>EN BREF<\/p>\n<ul class=\"bloc_resume_post_list\">\n<li>Denitsa Ikonomova, danseuse embl\u00e9matique r\u00e9v\u00e9l\u00e9e en 2012,<br \/>\na accueilli une fille avec Fran\u00e7ois Alu en novembre<br \/>\n2024.<\/li>\n<li>Elle a partag\u00e9 son exp\u00e9rience de maternit\u00e9, \u00e9voquant une<br \/>\ngrossesse facile mais un post-partum difficile.<\/li>\n<li>Sa priorit\u00e9 est d\u00e9sormais sa fille, et elle envisage une<br \/>\nreconversion professionnelle, potentiellement comme membre du<br \/>\njury.<\/li>\n<\/ul>\n<p class=\"p1\">R\u00e9v\u00e9l\u00e9e en 2012 dans Danse avec les stars sur TF1,<br \/>\n<strong>Denitsa Ikonomova<\/strong> s\u2019est rapidement impos\u00e9e comme<br \/>\nune danseuse embl\u00e9matique. La Bulgaro-canadienne a ainsi remport\u00e9<br \/>\nl\u2019\u00e9mission \u00e0 quatre reprises. C\u00f4t\u00e9 vie priv\u00e9e, elle partage sa vie<br \/>\navec le danseur <a href=\"https:\/\/www.telestar.fr\/people\/pas-un-coup-de-foudre-entre-denitsa-ikonomova-et-francois-alu-tres-loin-de-la-1734962\" target=\"_blank\" rel=\"noopener\"><br \/>\nFran\u00e7ois Alu<\/a>. Le couple a accueilli <strong>son premier<br \/>\nenfant<\/strong>, une petite fille, au mois de novembre 2024.<\/p>\n<p class=\"p1\">Mercredi 13 ao\u00fbt, <a href=\"https:\/\/www.telestar.fr\/tele_realite\/denitsa-ikonomova-danse-avec-les-stars-surprise-la-danseuse-annonce-etre-enceinte-de-son-premier-enfant-1685468\" target=\"_blank\" rel=\"noopener\"><br \/>\nDenitsa Ikonomova<\/a> s\u2019est confi\u00e9e sur <strong>la<br \/>\nmaternit\u00e9<\/strong> au m\u00e9dia Lou. \u201cMa grossesse s\u2019est<br \/>\nextr\u00eamement bien pass\u00e9e. J\u2019ai pu danser jusqu\u2019\u00e0 mes huit mois !<br \/>\nApr\u00e8s l\u2019accouchement, c\u2019est l\u00e0 que c\u2019\u00e9tait un peu plus<br \/>\ncompliqu\u00e9\u201d, a-t-elle r\u00e9v\u00e9l\u00e9.<\/p>\n<p>Denitsa Ikonomova a souffert du post-partum<\/p>\n<p class=\"p1\">Apr\u00e8s un <a href=\"https:\/\/www.closermag.fr\/people\/denitsa-ikonomova-droguee-pendant-son-accouchement-elle-donne-tous-les-details-meme-les-plus-glauques-3571513\" target=\"_blank\" rel=\"noopener\">accouchement par c\u00e9sarienne<\/a>,<br \/>\nDenitsa Ikonomova a eu le bonheur de rencontrer sa fille. Les<br \/>\n<strong>premiers mois<\/strong> n\u2019ont cependant pas \u00e9t\u00e9 simples pour<br \/>\nla compagne de Fran\u00e7ois Alu. \u201cMoi, je n\u2019ai pas peur de le dire<br \/>\n: c\u2019est beaucoup de bonheur, mais ce n\u2019est pas que bonheur\u201d,<br \/>\na-t-elle affirm\u00e9.<\/p>\n<p class=\"p1\">L\u2019ancienne <a href=\"https:\/\/www.telestar.fr\/tele_realite\/danse-avec-les-stars-on-ne-sent-plus-nos-bras-denitsa-ikonomova-pas-au-top-de-sa-forme-et-on-connait-la-petite-coupable-1733917\" target=\"_blank\" rel=\"noopener\"><br \/>\ndanseuse<\/a> de Danse avec les stars a pris la d\u00e9cision<br \/>\nd\u2019<strong>allaiter sa fille<\/strong>. \u201c\u00c7a a \u00e9t\u00e9 encore plus<br \/>\ndur. Sur 24 heures, on ne dort pas beaucoup. Le manque de sommeil,<br \/>\nc\u2019est la pire torture du monde\u201d, a-t-elle assur\u00e9. Puis de<br \/>\n<strong>relativiser<\/strong> : \u201cIl faut vraiment s\u2019accrocher et<br \/>\nse dire que c\u2019est une p\u00e9riode qui passe. Apr\u00e8s, il y a beaucoup de<br \/>\nbonheur qui arrive\u201d.<\/p>\n<blockquote class=\"instagram-media\" style=\"background: #ffffff;border: 0;margin: 1px;width: 100%;padding: 0;max-width: 500px;\" data-instgrm-permalink=\"https:\/\/www.instagram.com\/p\/DNSoOTOM4gf\/\" data-instgrm-version=\"14\"\/><p>\nLa fille de la danseuse est devenue<br \/>\nsa priorit\u00e9<\/p>\n<p class=\"p1\">Depuis la naissance de sa fille, Denitsa Ikonomova a<br \/>\nd\u00e9cid\u00e9 de <strong>r\u00e9orienter sa carri\u00e8re<\/strong>. \u201cMaintenant,<br \/>\nma priorit\u00e9, c\u2019est ma fille\u201d, a ainsi indiqu\u00e9 l\u2019ex de <a href=\"https:\/\/www.telestar.fr\/people\/rayane-bensetti-en-couple-ou-celibataire-il-leve-enfin-le-voile-631508\" target=\"_blank\" rel=\"noopener\"><br \/>\nRayane Bensetti<\/a>. Au quotidien, Fran\u00e7ois Alu travaille donc<br \/>\ndavantage tandis qu\u2019elle se permet de \u201crester un peu plus \u00e0 la<br \/>\nmaison\u201d pour <strong>s\u2019occuper du b\u00e9b\u00e9<\/strong>. Une<br \/>\norganisation qui a permis au couple de trouver une vraie<br \/>\nstabilit\u00e9.<\/p>\n<p class=\"p1\">Et concernant l\u2019avenir, la femme de 38 ans ne<br \/>\ns\u2019imagine pas remonter sur le parquet de <a href=\"https:\/\/www.telestar.fr\/people\/danse-avec-les-stars-denitsa-ikonomova-bientot-de-retour-elle-repond-1732017\" target=\"_blank\" rel=\"noopener\"><br \/>\nDanse avec les stars<\/a>. Elle a expliqu\u00e9 : \u201cMaintenant, je<br \/>\nn\u2019ai plus l\u2019\u00e2ge. Mais j\u2019aimerais bien me reconvertir dans un r\u00f4le<br \/>\nqui me convient mieux. Assise sur une chaise et juste parler, \u00e7a me<br \/>\nva tr\u00e8s bien\u201d. Un retour comme <strong>membre du jury<\/strong><br \/>\nn\u2019est donc pas \u00e0 exclure.<\/p>\n<p><script async src=\"\/\/www.instagram.com\/embed.js\"><\/script><\/p>\n","protected":false},"excerpt":{"rendered":"EN BREF Denitsa Ikonomova, danseuse embl\u00e9matique r\u00e9v\u00e9l\u00e9e en 2012, a accueilli une fille avec Fran\u00e7ois Alu en novembre&hellip;\n","protected":false},"author":2,"featured_media":326908,"comment_status":"","ping_status":"","sticky":false,"template":"","format":"standard","meta":{"footnotes":""},"categories":[1359],"tags":[548,194,5986,58,59,1011,27,973],"class_list":{"0":"post-326907","1":"post","2":"type-post","3":"status-publish","4":"format-standard","5":"has-post-thumbnail","7":"category-people","8":"tag-article-simple","9":"tag-danse-avec-les-stars","10":"tag-denitsa-ikonomova","11":"tag-divertissement","12":"tag-entertainment","13":"tag-fr","14":"tag-france","15":"tag-people"},"share_on_mastodon":{"url":"https:\/\/pubeurope.com\/@fr\/115049422194473041","error":""},"_links":{"self":[{"href":"https:\/\/www.europesays.com\/fr\/wp-json\/wp\/v2\/posts\/326907","targetHints":{"allow":["GET"]}}],"collection":[{"href":"https:\/\/www.europesays.com\/fr\/wp-json\/wp\/v2\/posts"}],"about":[{"href":"https:\/\/www.europesays.com\/fr\/wp-json\/wp\/v2\/types\/post"}],"author":[{"embeddable":true,"href":"https:\/\/www.europesays.com\/fr\/wp-json\/wp\/v2\/users\/2"}],"replies":[{"embeddable":true,"href":"https:\/\/www.europesays.com\/fr\/wp-json\/wp\/v2\/comments?post=326907"}],"version-history":[{"count":0,"href":"https:\/\/www.europesays.com\/fr\/wp-json\/wp\/v2\/posts\/326907\/revisions"}],"wp:featuredmedia":[{"embeddable":true,"href":"https:\/\/www.europesays.com\/fr\/wp-json\/wp\/v2\/media\/326908"}],"wp:attachment":[{"href":"https:\/\/www.europesays.com\/fr\/wp-json\/wp\/v2\/media?parent=326907"}],"wp:term":[{"taxonomy":"category","embeddable":true,"href":"https:\/\/www.europesays.com\/fr\/wp-json\/wp\/v2\/categories?post=326907"},{"taxonomy":"post_tag","embeddable":true,"href":"https:\/\/www.europesays.com\/fr\/wp-json\/wp\/v2\/tags?post=326907"}],"curies":[{"name":"wp","href":"https:\/\/api.w.org\/{rel}","templated":true}]}}