{"id":326909,"date":"2025-08-18T11:00:30","date_gmt":"2025-08-18T11:00:30","guid":{"rendered":"https:\/\/www.europesays.com\/fr\/326909\/"},"modified":"2025-08-18T11:00:30","modified_gmt":"2025-08-18T11:00:30","slug":"cette-maison-invisible-dans-le-desert-californien-est-toujours-en-vente-et-le-prix-est-etourdissant","status":"publish","type":"post","link":"https:\/\/www.europesays.com\/fr\/326909\/","title":{"rendered":"Cette maison \u201cinvisible\u201d dans le d\u00e9sert californien est toujours en vente et le prix est \u00e9tourdissant"},"content":{"rendered":"<p>Avez-vous d\u00e9j\u00e0 entendu parler de la \u201cmaison invisible\u201d, de son<br \/>\nvrai nom \u201cThe Invisible House\u201d ? Non, il ne s\u2019agit pas d\u2019un<br \/>\nb\u00e2timent tout droit sorti d\u2019un film de science-fiction, m\u00eame si \u00e0<br \/>\nen croire les images, c\u2019est tout comme. C\u2019est dans le d\u00e9sert<br \/>\ncalifornien et plus pr\u00e9cis\u00e9men<a class=\"qbe-widget\" href=\"https:\/\/www.closermag.fr\/vecu\/faits-divers\/un-couple-de-randonneurs-retrouves-morts-blottis-l-un-contre-l-autre-dans-une-derniere-etreinte-754355#item=1\" target=\"_blank\" rel=\"noopener noreferrer nofollow\">t \u00e0 Joshua Tree<\/a> que<br \/>\ncette propri\u00e9t\u00e9 architecturale fascinante a \u00e9t\u00e9 construite.<\/p>\n<p>Mais apr\u00e8s un an sur le march\u00e9, elle n\u2019a toujours pas trouv\u00e9<br \/>\nd&rsquo;acqu\u00e9reur. Pourtant, son singularisme aurait de quoi s\u00e9duire plus<br \/>\nd\u2019une c\u00e9l\u00e9brit\u00e9, d\u2019autant plus que les voisins ne risquent pas<br \/>\nd\u2019\u00eatre trop d\u00e9rangeants.<\/p>\n<p>Quel est le prix de \u201cThe Invisible House\u201d ?<\/p>\n<p>En approchant, on ne distingue presque rien et pourtant, la<br \/>\nmaison est bien l\u00e0. Les fa\u00e7ades de l\u2019<strong>Invisible<br \/>\nHouse<\/strong> sont recouvertes de <strong>miroirs hautement<br \/>\nr\u00e9fl\u00e9chissants<\/strong>. De loin, la b\u00e2tisse se confond<br \/>\nlitt\u00e9ralement avec le d\u00e9sert californien, refl\u00e9tant roches, sable<br \/>\net ciel, comme un mirage architectural. <a class=\"qbe-widget\" href=\"https:\/\/www.closermag.fr\/people\/michel-sardou-piscine-interieure-jardin-dhiver-son-ancienne-maison-de-luxe-est-a-vendre-a-un-prix-exorbitant-3567254\" target=\"_blank\" rel=\"noopener noreferrer nofollow\">Le prix, lui, semble tout<br \/>\naussi irr\u00e9el<\/a> que la maison. En effet, elle est mise en vente<br \/>\npour la modique somme de\u2026 <strong>18 millions de dollars.<\/strong><br \/>\nBien que certaines stars d\u00e9boursent plus pour leur <a class=\"qbe-widget\" href=\"https:\/\/www.closermag.fr\/people\/maison-de-luxe-a-quoi-ressemble-la-villa-la-plus-chere-de-guadeloupe-3549200\" target=\"_blank\" rel=\"noopener noreferrer nofollow\">villa de luxe<\/a>, elles<br \/>\nrestent peu \u00e0 d\u00e9penser autant pour leur logement.<\/p>\n<p>Vu de l&rsquo;ext\u00e9rieur, la maison invisible est un rectangle<br \/>\nde\u00a0<strong>70 m\u00e8tres de long<\/strong>, pos\u00e9 au milieu des 90<br \/>\nacres de terrain. Son aspect monolithique rappelle un gratte-ciel<br \/>\ncouch\u00e9 dans le d\u00e9sert. Ensuite, l\u2019entr\u00e9e se compose d\u2019une baie<br \/>\nvitr\u00e9e coulissante qui s\u2019ouvre sur un vaste espace de vie<br \/>\nminimaliste. \u00c0 l&rsquo;int\u00e9rieur, le spectacle est plut\u00f4t saisissant.<\/p>\n<p>La maison invisible ouvre ses<br \/>\nportes.<\/p>\n<p>Une fois que l\u2019on pousse la porte de ce rectangle g\u00e9ant<a class=\"qbe-widget\" href=\"https:\/\/www.closermag.fr\/people\/anouchka-delon-250-m2-piscine-interieure-terrasse-ce-luxueux-appartement-a-geneve-legue-par-son-pere-3549266\" target=\"_blank\" rel=\"noopener noreferrer nofollow\">, une immense piscine<br \/>\nint\u00e9rieure<\/a> se dresse comme la v\u00e9ritable star de la maison. Elle<br \/>\nmesure 30 m\u00e8tres de long et\u00a0traverse le s\u00e9jour, baign\u00e9e de<br \/>\nlumi\u00e8re naturelle.<\/p>\n<p>Les espaces de vie sont assez minimalistes en termes de<br \/>\nd\u00e9coration, mais les baies vitr\u00e9es qui composent la maison offrent<br \/>\n<a class=\"qbe-widget\" href=\"https:\/\/www.closermag.fr\/people\/maison-de-luxe-a-quoi-ressemble-la-villa-avec-la-plus-belle-vue-sur-monte-carlo-3542284\" target=\"_blank\" rel=\"noopener noreferrer nofollow\">des vues panoramiques<\/a><br \/>\nsur le parc national de Joshua Tree. Le salon est ouvert sur la<br \/>\ncuisine et la villa est aussi compos\u00e9e de\u00a03 chambres<br \/>\nluxueuses, dont une suite avec <a class=\"qbe-widget\" href=\"https:\/\/www.closermag.fr\/people\/maison-de-luxe-a-quoi-ressemble-une-villa-dinspiration-francaise-a-santa-barbara-3540982\" target=\"_blank\" rel=\"noopener noreferrer nofollow\">salle de bain en<br \/>\nmarbre<\/a> et vue directe sur les roches du d\u00e9sert. Ceux qui<br \/>\nvoudraient tenter l&rsquo;exp\u00e9rience de dormir dans cette maison insolite<br \/>\npeuvent la r\u00e9server pour deux nuits minimum sur Airbnb.<\/p>\n<p>Diaporama<br \/>\n<img decoding=\"async\" class=\"diapo_img img-responsive lazy-load\" loading=\"lazy\" src=\"https:\/\/www.europesays.com\/fr\/wp-content\/uploads\/2025\/08\/bestimage_00718411_000002.jpg\"\/><\/p>\n<p>Invisible House &#8211; Bestimage<\/p>\n<p>1\/6 Illustrations de \u00ab\u00a0The Invisible House\u00a0\u00bb \u00e0<br \/>\nJoshua Tree (Californie) toujours sur le march\u00e9 un an apr\u00e8s avoir<br \/>\n\u00e9t\u00e9 mise en vente pour 18 millions de dollars<\/p>\n<p>La maison invisible se fond dans le d\u00e9sert<\/p>\n<p><img decoding=\"async\" class=\"diapo_img img-responsive lazy-load\" loading=\"lazy\" src=\"https:\/\/www.europesays.com\/fr\/wp-content\/uploads\/2025\/08\/bestimage_00718411_000005.jpg\"\/><\/p>\n<p>Invisible House &#8211; Bestimage<\/p>\n<p>2\/6 Illustrations de \u00ab\u00a0The Invisible House\u00a0\u00bb \u00e0<br \/>\nJoshua Tree (Californie) toujours sur le march\u00e9 un an apr\u00e8s avoir<br \/>\n\u00e9t\u00e9 mise en vente pour 18 millions de dollars<\/p>\n<p>Elle est vendue au prix de 18 milions d&rsquo;euros<\/p>\n<p><img decoding=\"async\" class=\"diapo_img img-responsive lazy-load\" loading=\"lazy\" src=\"https:\/\/www.europesays.com\/fr\/wp-content\/uploads\/2025\/08\/bestimage_00718411_000007.jpg\"\/><\/p>\n<p>Invisible House &#8211; Bestimage<\/p>\n<p>3\/6 Illustrations de \u00ab\u00a0The Invisible House\u00a0\u00bb \u00e0<br \/>\nJoshua Tree (Californie) toujours sur le march\u00e9 un an apr\u00e8s avoir<br \/>\n\u00e9t\u00e9 mise en vente pour 18 millions de dollars<\/p>\n<p>La maison invisble mesure 70 m\u00e8tres de long<\/p>\n<p><img decoding=\"async\" class=\"diapo_img img-responsive lazy-load\" loading=\"lazy\" src=\"https:\/\/www.europesays.com\/fr\/wp-content\/uploads\/2025\/08\/bestimage_00718411_000008.jpg\"\/><\/p>\n<p>Invisible House &#8211; Bestimage<\/p>\n<p>4\/6 Illustrations de \u00ab\u00a0The Invisible House\u00a0\u00bb \u00e0<br \/>\nJoshua Tree (Californie) toujours sur le march\u00e9 un an apr\u00e8s avoir<br \/>\n\u00e9t\u00e9 mise en vente pour 18 millions de dollars<\/p>\n<p>Elle comporte une immense piscine interieur de 30 m\u00e8tres<\/p>\n<p><img decoding=\"async\" class=\"diapo_img img-responsive lazy-load\" loading=\"lazy\" src=\"https:\/\/www.europesays.com\/fr\/wp-content\/uploads\/2025\/08\/bestimage_00718411_000010.jpg\"\/><\/p>\n<p>Invisible House &#8211; Bestimage<\/p>\n<p>5\/6 Illustrations de \u00ab\u00a0The Invisible House\u00a0\u00bb \u00e0<br \/>\nJoshua Tree (Californie) toujours sur le march\u00e9 un an apr\u00e8s avoir<br \/>\n\u00e9t\u00e9 mise en vente pour 18 millions de dollars<\/p>\n<p>Les baies vitr\u00e9es de la maison invisible offrent une vue<br \/>\npanoramique sur le d\u00e9sert<\/p>\n<p><img decoding=\"async\" class=\"diapo_img img-responsive lazy-load\" loading=\"lazy\" src=\"https:\/\/www.europesays.com\/fr\/wp-content\/uploads\/2025\/08\/bestimage_00718411_000011.jpg\"\/><\/p>\n<p>Invisible House &#8211; Bestimage<\/p>\n<p>6\/6 Illustrations de \u00ab\u00a0The Invisible House\u00a0\u00bb \u00e0<br \/>\nJoshua Tree (Californie) toujours sur le march\u00e9 un an apr\u00e8s avoir<br \/>\n\u00e9t\u00e9 mise en vente pour 18 millions de dollars<\/p>\n<p>La maison invisble n&rsquo;a toujours pas trouv\u00e9 de propri\u00e9taire<\/p>\n","protected":false},"excerpt":{"rendered":"Avez-vous d\u00e9j\u00e0 entendu parler de la \u201cmaison invisible\u201d, de son vrai nom \u201cThe Invisible House\u201d ? Non, il&hellip;\n","protected":false},"author":2,"featured_media":326910,"comment_status":"","ping_status":"","sticky":false,"template":"","format":"standard","meta":{"footnotes":""},"categories":[1358],"tags":[1348,1384,1385,1386,58,59,1011,27,1638],"class_list":{"0":"post-326909","1":"post","2":"type-post","3":"status-publish","4":"format-standard","5":"has-post-thumbnail","7":"category-arts-et-design","8":"tag-arts","9":"tag-arts-and-design","10":"tag-arts-et-design","11":"tag-design","12":"tag-divertissement","13":"tag-entertainment","14":"tag-fr","15":"tag-france","16":"tag-has_diapo"},"share_on_mastodon":{"url":"https:\/\/pubeurope.com\/@fr\/115049426343937723","error":""},"_links":{"self":[{"href":"https:\/\/www.europesays.com\/fr\/wp-json\/wp\/v2\/posts\/326909","targetHints":{"allow":["GET"]}}],"collection":[{"href":"https:\/\/www.europesays.com\/fr\/wp-json\/wp\/v2\/posts"}],"about":[{"href":"https:\/\/www.europesays.com\/fr\/wp-json\/wp\/v2\/types\/post"}],"author":[{"embeddable":true,"href":"https:\/\/www.europesays.com\/fr\/wp-json\/wp\/v2\/users\/2"}],"replies":[{"embeddable":true,"href":"https:\/\/www.europesays.com\/fr\/wp-json\/wp\/v2\/comments?post=326909"}],"version-history":[{"count":0,"href":"https:\/\/www.europesays.com\/fr\/wp-json\/wp\/v2\/posts\/326909\/revisions"}],"wp:featuredmedia":[{"embeddable":true,"href":"https:\/\/www.europesays.com\/fr\/wp-json\/wp\/v2\/media\/326910"}],"wp:attachment":[{"href":"https:\/\/www.europesays.com\/fr\/wp-json\/wp\/v2\/media?parent=326909"}],"wp:term":[{"taxonomy":"category","embeddable":true,"href":"https:\/\/www.europesays.com\/fr\/wp-json\/wp\/v2\/categories?post=326909"},{"taxonomy":"post_tag","embeddable":true,"href":"https:\/\/www.europesays.com\/fr\/wp-json\/wp\/v2\/tags?post=326909"}],"curies":[{"name":"wp","href":"https:\/\/api.w.org\/{rel}","templated":true}]}}