{"id":326913,"date":"2025-08-18T11:02:11","date_gmt":"2025-08-18T11:02:11","guid":{"rendered":"https:\/\/www.europesays.com\/fr\/326913\/"},"modified":"2025-08-18T11:02:11","modified_gmt":"2025-08-18T11:02:11","slug":"stephane-guy-de-retour-sur-canal-presque-cinq-ans-apres-son-eviction","status":"publish","type":"post","link":"https:\/\/www.europesays.com\/fr\/326913\/","title":{"rendered":"St\u00e9phane Guy de retour sur Canal+, presque cinq ans apr\u00e8s son \u00e9viction"},"content":{"rendered":"<p>    St\u00e9phane Guy dans \u00abL\u2019\u00c9quipe du soir\u00bb<br \/>\n                Capture d&rsquo;\u00e9cran<\/p>\n<p>En d\u00e9cembre 2020, le journaliste avait \u00e9t\u00e9 licenci\u00e9 de la cha\u00eene apr\u00e8s avoir affich\u00e9 son soutien \u00e0 S\u00e9bastien Thoen. Le commentateur a gagn\u00e9 en juin dernier son recours \u00e0 ce licenciement abusif. Il fait son retour ce lundi 18 ao\u00fbt.<\/p>\n<p class=\"fig-paragraph\">Belle victoire pour\u00a0<a href=\"https:\/\/www.lefigaro.fr\/tag\/stephane-guy\" target=\"_blank\" rel=\"noopener\" data-gtm-custom-categorie=\"navigation\" data-gtm-custom-action=\"crossclick\" data-gtm-custom-label=\"Contextuel\" data-gtm-event=\"customEventSPE\"><strong>St\u00e9phane Guy<\/strong><\/a> \u00a0! Apr\u00e8s avoir gagn\u00e9 son proc\u00e8s en appel, d\u00e9clarant l\u2019annulation de son licenciement, le journaliste a officiellement \u00e9t\u00e9 r\u00e9int\u00e9gr\u00e9 au sein de <strong>Canal+<\/strong>, et fera son retour \u00e0 l\u2019antenne d\u00e8s ce lundi 18 ao\u00fbt. Le commentateur avait \u00e9t\u00e9 renvoy\u00e9 en d\u00e9cembre 2020, la veille de No\u00ebl, apr\u00e8s s\u2019\u00eatre appropri\u00e9 l\u2019antenne selon la direction du groupe d\u00e9tenu par\u00a0<a href=\"https:\/\/www.lefigaro.fr\/tag\/vincent-bollore\" target=\"_blank\" rel=\"noopener\" data-gtm-custom-categorie=\"navigation\" data-gtm-custom-action=\"crossclick\" data-gtm-custom-label=\"Contextuel\" data-gtm-event=\"customEventSPE\">Vincent Bollor\u00e9<\/a>. La raison\u00a0? St\u00e9phane Guy avait affich\u00e9 son soutien \u00e0 son coll\u00e8gue\u00a0<a href=\"https:\/\/www.lefigaro.fr\/tag\/sebastien-thoen\" target=\"_blank\" rel=\"noopener\" data-gtm-custom-categorie=\"navigation\" data-gtm-custom-action=\"crossclick\" data-gtm-custom-label=\"Contextuel\" data-gtm-event=\"customEventSPE\"><strong>S\u00e9bastien Thoen<\/strong><\/a>, lui-m\u00eame licenci\u00e9 pour avoir particip\u00e9 \u00e0 une parodie de l\u2019\u00e9mission CNews\u00a0<a href=\"https:\/\/tvmag.lefigaro.fr\/programme-tv\/programme\/l-heure-des-pros-f99616431\" target=\"_blank\" rel=\"noopener\" data-gtm-custom-categorie=\"navigation\" data-gtm-custom-action=\"crossclick\" data-gtm-custom-label=\"Contextuel\" data-gtm-event=\"customEventSPE\">\u00abL\u2019Heure des pros\u00bb<\/a>.<\/p>\n<p class=\"fig-paragraph\">La soci\u00e9t\u00e9 des journalistes du groupe avait\u00a0<a href=\"https:\/\/tvmag.lefigaro.fr\/programme-tv\/maxime-saada-justifie-le-licenciement-de-stephane-guy-un-journaliste-ne-doit-pas-s-approprier-l-antenne-de-canal_c14aa670-c9c1-11eb-b1e3-a14c7d346d49\" target=\"_blank\" data-fig-type=\"Article\" rel=\"noopener\" data-gtm-custom-categorie=\"navigation\" data-gtm-custom-action=\"crossclick\" data-gtm-custom-label=\"Contextuel\" data-gtm-event=\"customEventSPE\" data-fig-domain=\"TVMAG\">d\u00e9nonc\u00e9 cette \u00e9viction<\/a>\u00a0qu\u2019elle jugeait contre la libert\u00e9 d\u2019expression dans un communiqu\u00e9 sign\u00e9 par plusieurs journalistes, dont St\u00e9phane Guy, renvoy\u00e9s quelques semaines plus tard.\u00a0Ce dernier, apr\u00e8s 23 ans de bons et loyaux services, avait d\u00e9cid\u00e9 de poursuivre Canal+. Le Conseil des prud\u2019hommes en 2022 avait d\u00e9j\u00e0 condamn\u00e9 le groupe pour \u00ablicenciement sans cause r\u00e9elle et s\u00e9rieuse\u00bb. Le journaliste avait ensuite fait appel pour obtenir l\u2019annulation de son licenciement.<\/p>\n<p>                                    <a class=\"fig-a11y-skip a11y-hidden\" href=\"#fig-a11y-skip-main-inarticle\"><br \/>\n        Passer la publicit\u00e9<br \/>\n    <\/a><\/p>\n<p class=\"fig-paragraph\">En attendant la d\u00e9cision de la justice, le commentateur a rebondi sur RMC et BFMTV, o\u00f9 il a couvert l\u2019Euro 2020, et est intervenu r\u00e9guli\u00e8rement sur la cha\u00eene L\u2019\u00c9quipe. Finalement, le 25 juin dernier, il a annonc\u00e9 fi\u00e8rement\u00a0: \u00abMon licenciement est annul\u00e9 par la Cour d\u2019appel de Paris\u00bb.<\/p>\n<p class=\"fig-body-link\">\n            \u00c0 lire aussi<br \/>\n        <a class=\"fig-body-link__link\" href=\"http:\/\/tvmag.lefigaro.fr\/programme-tv\/actu-tele\/quand-stephane-guy-provoquait-le-fc-barcelone-c-est-pas-gijon-c-est-valladolid-20230711\" target=\"_blank\" data-fig-type=\"Article\" rel=\"noopener\" data-gtm-custom-categorie=\"navigation\" data-gtm-custom-action=\"crossclick\" data-gtm-custom-label=\"Contextuel\" data-gtm-event=\"customEventSPE\" data-fig-domain=\"TVMAG\">Quand St\u00e9phane Guy provoquait le FC Barcelone\u00a0: \u00abC&rsquo;est pas Gijon, c&rsquo;est pas Valladolid, c\u2019est le Paris Saint-Germain\u00bb<br \/>\n    <\/a>\n<\/p>\n<p class=\"fig-paragraph\">L\u2019animateur a tenu \u00e0 saluer la d\u00e9cision de l\u2019instance de justice\u00a0: \u00abVive la libert\u00e9 d\u2019expression parce qu\u2019elle a \u00e9t\u00e9 salu\u00e9e en tant que telle par la Cour d\u2019Appel de Paris\u00bb, rappelant toutefois que tous n\u2019ont pas obtenu gain de cause dans cette affaire\u00a0: \u00abUne pens\u00e9e amicale \u00e0 tous mes camarades qui, dans cette triste affaire Thoen ont perdu leur emploi parce que je n\u2019\u00e9tais pas tout seul. Il y avait une trentaine de camarades qui, eux, n\u2019ont pas \u00e9t\u00e9 r\u00e9int\u00e9gr\u00e9s\u00bb.<\/p>\n<p class=\"fig-paragraph\">La cha\u00eene a \u00e9t\u00e9 condamn\u00e9e \u00e0 verser plus de 700.000 euros au commentateur en plus de sa r\u00e9int\u00e9gration, au titre de \u00abl\u2019indemnit\u00e9 d\u2019\u00e9viction\u00bb, soit les rappels de salaires. St\u00e9phane Guy fera donc bien son retour ce lundi 18 ao\u00fbt au sein du service des sports. Il devrait commenter le match Manchester City-Tottenham ce samedi 23 ao\u00fbt prochain.<\/p>\n","protected":false},"excerpt":{"rendered":"St\u00e9phane Guy dans \u00abL\u2019\u00c9quipe du soir\u00bb Capture d&rsquo;\u00e9cran En d\u00e9cembre 2020, le journaliste avait \u00e9t\u00e9 licenci\u00e9 de la&hellip;\n","protected":false},"author":2,"featured_media":326914,"comment_status":"","ping_status":"","sticky":false,"template":"","format":"standard","meta":{"footnotes":""},"categories":[1356],"tags":[10474,58,59,1011,27,414,517,252,1364],"class_list":{"0":"post-326913","1":"post","2":"type-post","3":"status-publish","4":"format-standard","5":"has-post-thumbnail","7":"category-television","8":"tag-canal","9":"tag-divertissement","10":"tag-entertainment","11":"tag-fr","12":"tag-france","13":"tag-licenciement","14":"tag-sport","15":"tag-television","16":"tag-tv"},"share_on_mastodon":{"url":"https:\/\/pubeurope.com\/@fr\/115049433950839325","error":""},"_links":{"self":[{"href":"https:\/\/www.europesays.com\/fr\/wp-json\/wp\/v2\/posts\/326913","targetHints":{"allow":["GET"]}}],"collection":[{"href":"https:\/\/www.europesays.com\/fr\/wp-json\/wp\/v2\/posts"}],"about":[{"href":"https:\/\/www.europesays.com\/fr\/wp-json\/wp\/v2\/types\/post"}],"author":[{"embeddable":true,"href":"https:\/\/www.europesays.com\/fr\/wp-json\/wp\/v2\/users\/2"}],"replies":[{"embeddable":true,"href":"https:\/\/www.europesays.com\/fr\/wp-json\/wp\/v2\/comments?post=326913"}],"version-history":[{"count":0,"href":"https:\/\/www.europesays.com\/fr\/wp-json\/wp\/v2\/posts\/326913\/revisions"}],"wp:featuredmedia":[{"embeddable":true,"href":"https:\/\/www.europesays.com\/fr\/wp-json\/wp\/v2\/media\/326914"}],"wp:attachment":[{"href":"https:\/\/www.europesays.com\/fr\/wp-json\/wp\/v2\/media?parent=326913"}],"wp:term":[{"taxonomy":"category","embeddable":true,"href":"https:\/\/www.europesays.com\/fr\/wp-json\/wp\/v2\/categories?post=326913"},{"taxonomy":"post_tag","embeddable":true,"href":"https:\/\/www.europesays.com\/fr\/wp-json\/wp\/v2\/tags?post=326913"}],"curies":[{"name":"wp","href":"https:\/\/api.w.org\/{rel}","templated":true}]}}