{"id":326915,"date":"2025-08-18T11:03:10","date_gmt":"2025-08-18T11:03:10","guid":{"rendered":"https:\/\/www.europesays.com\/fr\/326915\/"},"modified":"2025-08-18T11:03:10","modified_gmt":"2025-08-18T11:03:10","slug":"taylor-swift-deja-un-record-grace-a-the-life-of-a-showgirl","status":"publish","type":"post","link":"https:\/\/www.europesays.com\/fr\/326915\/","title":{"rendered":"Taylor Swift: d\u00e9j\u00e0 un record gr\u00e2ce \u00e0 \u00abThe Life of a Showgirl\u00bb"},"content":{"rendered":"<p>Le 12 ao\u00fbt 2025, Taylor Swift <a href=\"https:\/\/www.20min.ch\/fr\/story\/musique-taylor-swift-annonce-son-nouvel-album-103396740\" rel=\"nofollow noopener\" target=\"_blank\">annon\u00e7ait un nouvel album<\/a>, \u00abThe Life of a Showgirl\u00bb. Le lendemain, elle r\u00e9v\u00e9lait dans le podcast \u00abNew Heights\u00bb, anim\u00e9 par son petit copain Travis Kelce et le fr\u00e8re de ce dernier Jason, que <a href=\"https:\/\/www.20min.ch\/fr\/story\/musique-le-12e-album-de-taylor-swift-sortira-le-3-octobre-103397832\" rel=\"nofollow noopener\" target=\"_blank\">son nouvel opus sortirait le 3 octobre<\/a>. Si ses fans doivent faire preuve d&rsquo;encore un peu de patience avant de d\u00e9couvrir les nouvelles chansons, ils ont d\u00e9j\u00e0 permis \u00e0 la chanteuse de 35 ans de battre un record.<\/p>\n<p>D&rsquo;apr\u00e8s le site The Daily Beast, ils \u00e9taient 1,3 million \u00e0 suivre la premi\u00e8re heure du live sur YouTube. Taylor Swift d\u00e9tient ainsi le record de la plus grande audience pour un podcast. Selon la pr\u00e9sentatrice de la CNN, Kate Bolduan, cet \u00e9pisode est \u00abd\u00e9j\u00e0 en passe de devenir l&rsquo;un des podcasts les plus regard\u00e9s de tous les temps\u00bb. Toujours selon le <a target=\"_blank\" href=\"https:\/\/www.thedailybeast.com\/taylor-swift-smashed-joe-rogans-trump-podcast-ratings-in-first-hour-of-new-heights-appearance\/\" rel=\"noopener noreferrer nofollow\">m\u00e9dia am\u00e9ricain<\/a>, la section commentaire a satur\u00e9 alors que l&rsquo;artiste livrait des d\u00e9tails sur \u00abThe Life of a Showgirl\u00bb.<\/p>\n<p>Voil\u00e0 une nouvelle qui ne va pas plaire \u00e0 Donald Trump. Le pr\u00e9sident am\u00e9ricain, qui dit <a href=\"https:\/\/www.20min.ch\/fr\/story\/presidentielle-americaine-donald-trump-deteste-taylor-swift-qui-soutient-sa-rivale-103185314\" rel=\"nofollow noopener\" target=\"_blank\">d\u00e9tester Taylor Swift depuis qu&rsquo;elle a soutenu Kamala Harris<\/a> lors des \u00e9lections, \u00e9tait le pr\u00e9c\u00e9dent d\u00e9tenteur de ce record. Son passage en octobre 2024 dans le podcast \u00abThe Joe Rogan Experience\u00bb avait r\u00e9uni 800&rsquo;000 personnes lors de la premi\u00e8re heure. Cela semble aujourd&rsquo;hui presque peu au regard de l&rsquo;audience de Taylor.<\/p>\n","protected":false},"excerpt":{"rendered":"Le 12 ao\u00fbt 2025, Taylor Swift annon\u00e7ait un nouvel album, \u00abThe Life of a Showgirl\u00bb. Le lendemain, elle&hellip;\n","protected":false},"author":2,"featured_media":326916,"comment_status":"","ping_status":"","sticky":false,"template":"","format":"standard","meta":{"footnotes":""},"categories":[1355],"tags":[58,59,1011,27,1361,873],"class_list":{"0":"post-326915","1":"post","2":"type-post","3":"status-publish","4":"format-standard","5":"has-post-thumbnail","7":"category-musique","8":"tag-divertissement","9":"tag-entertainment","10":"tag-fr","11":"tag-france","12":"tag-music","13":"tag-musique"},"share_on_mastodon":{"url":"https:\/\/pubeurope.com\/@fr\/115049437989116388","error":""},"_links":{"self":[{"href":"https:\/\/www.europesays.com\/fr\/wp-json\/wp\/v2\/posts\/326915","targetHints":{"allow":["GET"]}}],"collection":[{"href":"https:\/\/www.europesays.com\/fr\/wp-json\/wp\/v2\/posts"}],"about":[{"href":"https:\/\/www.europesays.com\/fr\/wp-json\/wp\/v2\/types\/post"}],"author":[{"embeddable":true,"href":"https:\/\/www.europesays.com\/fr\/wp-json\/wp\/v2\/users\/2"}],"replies":[{"embeddable":true,"href":"https:\/\/www.europesays.com\/fr\/wp-json\/wp\/v2\/comments?post=326915"}],"version-history":[{"count":0,"href":"https:\/\/www.europesays.com\/fr\/wp-json\/wp\/v2\/posts\/326915\/revisions"}],"wp:featuredmedia":[{"embeddable":true,"href":"https:\/\/www.europesays.com\/fr\/wp-json\/wp\/v2\/media\/326916"}],"wp:attachment":[{"href":"https:\/\/www.europesays.com\/fr\/wp-json\/wp\/v2\/media?parent=326915"}],"wp:term":[{"taxonomy":"category","embeddable":true,"href":"https:\/\/www.europesays.com\/fr\/wp-json\/wp\/v2\/categories?post=326915"},{"taxonomy":"post_tag","embeddable":true,"href":"https:\/\/www.europesays.com\/fr\/wp-json\/wp\/v2\/tags?post=326915"}],"curies":[{"name":"wp","href":"https:\/\/api.w.org\/{rel}","templated":true}]}}