{"id":326927,"date":"2025-08-18T11:09:10","date_gmt":"2025-08-18T11:09:10","guid":{"rendered":"https:\/\/www.europesays.com\/fr\/326927\/"},"modified":"2025-08-18T11:09:10","modified_gmt":"2025-08-18T11:09:10","slug":"peugeot-jeep-opel-lancia-fiat-rappel-massif-de-nombreux-modeles-de-voitures-menaces-par-des-problemes-materiels","status":"publish","type":"post","link":"https:\/\/www.europesays.com\/fr\/326927\/","title":{"rendered":"Peugeot, Jeep, Opel, Lancia, Fiat&#8230; Rappel massif de nombreux mod\u00e8les de voitures menac\u00e9s par des probl\u00e8mes mat\u00e9riels"},"content":{"rendered":"<p>Des milliers de v\u00e9hicules de marques populaires doivent repasser en atelier. Les autorit\u00e9s mettent en garde contre des d\u00e9faillances techniques, qui peuvent notamment provoquer un d\u00e9part de feu.<\/p>\n<p class=\"fig-paragraph\">Nouvelle alerte pour les\u00a0<a href=\"http:\/\/www.lefigaro.fr\/societes\/airbags-takata-le-gouvernement-oblige-les-constructeurs-automobiles-a-preter-des-vehicules-de-remplacement-20250729\" target=\"_blank\" data-fig-type=\"Article\" rel=\"noopener\" data-gtm-custom-categorie=\"navigation\" data-gtm-custom-action=\"crossclick\" data-gtm-custom-label=\"Contextuel\" data-gtm-event=\"customEventSPE\" data-fig-domain=\"LEFIGARO\">automobilistes<\/a>. Le site gouvernemental Rappel Conso a annonc\u00e9, le vendredi 15 ao\u00fbt, une vaste campagne de rappel concernant plusieurs constructeurs europ\u00e9ens. En cause\u00a0: diff\u00e9rents probl\u00e8mes, dont un d\u00e9faut de fabrication sur le circuit d\u2019alimentation en carburant, susceptible de provoquer un incendie.<\/p>\n<p class=\"fig-paragraph\">Selon un avis publi\u00e9 sur le site Rappel conso, certains mod\u00e8les peuvent pr\u00e9senter \u00abune fuite de carburant dans le tuyau \u00e0 haute pression, entre la pompe \u00e0 haute pression et le rail\u00bb, qui pourrait ainsi \u00abprovoquer un incendie dans le v\u00e9hicule\u00bb. Cette anomalie est li\u00e9e \u00e0 \u00abl\u2019absence d\u2019un \u00e9crou\u00bb et est jug\u00e9e comme un \u00abrisque grave\u00bb par RAPEX, le syst\u00e8me europ\u00e9en de surveillance des produits dangereux. La liste publi\u00e9e par les autorit\u00e9s inclut une large gamme de v\u00e9hicules vendus en France ces derni\u00e8res ann\u00e9es. Chez Lancia, on trouve la Lancia Ypsillon, et chez Keep, plusieurs r\u00e9f\u00e9rences du mod\u00e8le Jeep Avenger. De m\u00eame, chez Fiat, le constructeur a rappel\u00e9 des mod\u00e8les 600 et Grande Panda.<\/p>\n<p>                                    <a class=\"fig-a11y-skip a11y-hidden\" href=\"#fig-a11y-skip-main-inarticle\"><br \/>\n        Passer la publicit\u00e9<br \/>\n    <\/a><\/p>\n<p>Des marques et mod\u00e8les tr\u00e8s r\u00e9pandus concern\u00e9s<\/p>\n<p class=\"fig-paragraph\">Cette vague de rappels ne concerne pas uniquement le risque d\u2019<a href=\"http:\/\/www.lefigaro.fr\/secteur\/high-tech\/incendies-inondations-tsunami-lors-des-catastrophes-la-surenchere-inquietante-des-videos-generees-par-l-ia-20250817\" target=\"_blank\" data-fig-type=\"Article\" rel=\"noopener\" data-gtm-custom-categorie=\"navigation\" data-gtm-custom-action=\"crossclick\" data-gtm-custom-label=\"Contextuel\" data-gtm-event=\"customEventSPE\" data-fig-domain=\"LEFIGARO\">incendie<\/a>. Des anomalies ont aussi \u00e9t\u00e9 identifi\u00e9es sur certains utilitaires Toyota Proace et sur des mod\u00e8les Ford Transit et Tourneo Connect, pour lesquels des dysfonctionnements de freinage d\u2019urgence et de cam\u00e9ras de recul ont \u00e9t\u00e9 relev\u00e9s, augmentant le \u00abrisque de blessures\u00bb. Rappel Conso pr\u00e9cise ainsi que \u00ablorsque le conducteur d\u00e9sactive et r\u00e9active le frein d\u2019urgence automatique au cours du m\u00eame cycle de conduite, il reste d\u00e9sactiv\u00e9 sans qu\u2019un voyant d\u2019avertissement n\u2019indique la d\u00e9sactivation.\u00bb et que des risques d\u2019accident sont \u00e9galement possibles en raison du gel de la cam\u00e9ra de recul qui peut donner \u00abla fausse impression que la zone derri\u00e8re le v\u00e9hicule est claire, malgr\u00e9 la pr\u00e9sence de personnes ou d\u2019obstacles\u00bb.<\/p>\n<p class=\"fig-paragraph\">De m\u00eame, des rappels concernent des mod\u00e8les Peugeot 308, qui sont concern\u00e9s par un probl\u00e8me mat\u00e9riel pouvant occasionner des \u00abblessures\u00bb. \u00abLes ancrages de ceinture de s\u00e9curit\u00e9 du si\u00e8ge arri\u00e8re peuvent ne pas r\u00e9sister suffisamment \u00e0 l\u2019impact de la force. Cela pourrait limiter la capacit\u00e9 du r\u00e9tracteur \u00e0 retenir un passager en cas d\u2019accident entra\u00eenant des blessures\u00bb, pr\u00e9cise le document. Chez Citro\u00ebn, des mod\u00e8les C4 II, DS4 et DS5 sont rappel\u00e9s car \u00abl\u2019airbag peut se d\u00e9t\u00e9riorer au fil du temps et, s\u2019il est d\u00e9ploy\u00e9, une pression interne excessive peut provoquer l\u2019\u00e9clatement du corps du gonfleur et des fragments de m\u00e9tal pourraient traverser le mat\u00e9riau du coussin, causant des blessures aux occupants\u00bb. Le m\u00eame probl\u00e8me a \u00e9t\u00e9 identifi\u00e9 chez Opel, pour des mod\u00e8les \u00abSignum, Vectra, Astra, Cascada, Meriva, Zafira et Mokka\u00bb.<\/p>\n<p class=\"fig-paragraph\">Chaque mod\u00e8le rappel\u00e9 correspond \u00e0 une s\u00e9rie de num\u00e9ros de r\u00e9ception CE, mentionn\u00e9s dans la case K de la carte grise. Les propri\u00e9taires de mod\u00e8les concern\u00e9s sont invit\u00e9s \u00e0 comparer ces r\u00e9f\u00e9rences avec la liste officielle publi\u00e9e sur Rappel Conso. En cas de correspondance, les autorit\u00e9s recommandent de contacter rapidement un concessionnaire pour effectuer les r\u00e9parations n\u00e9cessaires.<\/p>\n","protected":false},"excerpt":{"rendered":"Des milliers de v\u00e9hicules de marques populaires doivent repasser en atelier. Les autorit\u00e9s mettent en garde contre des&hellip;\n","protected":false},"author":2,"featured_media":326928,"comment_status":"","ping_status":"","sticky":false,"template":"","format":"standard","meta":{"footnotes":""},"categories":[6],"tags":[4376,35,33,34,1011,27,46392,4752],"class_list":{"0":"post-326927","1":"post","2":"type-post","3":"status-publish","4":"format-standard","5":"has-post-thumbnail","7":"category-economie","8":"tag-accident-de-la-route","9":"tag-business","10":"tag-economie","11":"tag-economy","12":"tag-fr","13":"tag-france","14":"tag-risque-incendie","15":"tag-voiture"},"share_on_mastodon":{"url":"https:\/\/pubeurope.com\/@fr\/115049461437278191","error":""},"_links":{"self":[{"href":"https:\/\/www.europesays.com\/fr\/wp-json\/wp\/v2\/posts\/326927","targetHints":{"allow":["GET"]}}],"collection":[{"href":"https:\/\/www.europesays.com\/fr\/wp-json\/wp\/v2\/posts"}],"about":[{"href":"https:\/\/www.europesays.com\/fr\/wp-json\/wp\/v2\/types\/post"}],"author":[{"embeddable":true,"href":"https:\/\/www.europesays.com\/fr\/wp-json\/wp\/v2\/users\/2"}],"replies":[{"embeddable":true,"href":"https:\/\/www.europesays.com\/fr\/wp-json\/wp\/v2\/comments?post=326927"}],"version-history":[{"count":0,"href":"https:\/\/www.europesays.com\/fr\/wp-json\/wp\/v2\/posts\/326927\/revisions"}],"wp:featuredmedia":[{"embeddable":true,"href":"https:\/\/www.europesays.com\/fr\/wp-json\/wp\/v2\/media\/326928"}],"wp:attachment":[{"href":"https:\/\/www.europesays.com\/fr\/wp-json\/wp\/v2\/media?parent=326927"}],"wp:term":[{"taxonomy":"category","embeddable":true,"href":"https:\/\/www.europesays.com\/fr\/wp-json\/wp\/v2\/categories?post=326927"},{"taxonomy":"post_tag","embeddable":true,"href":"https:\/\/www.europesays.com\/fr\/wp-json\/wp\/v2\/tags?post=326927"}],"curies":[{"name":"wp","href":"https:\/\/api.w.org\/{rel}","templated":true}]}}