{"id":326929,"date":"2025-08-18T11:10:09","date_gmt":"2025-08-18T11:10:09","guid":{"rendered":"https:\/\/www.europesays.com\/fr\/326929\/"},"modified":"2025-08-18T11:10:09","modified_gmt":"2025-08-18T11:10:09","slug":"une-petite-heroine-de-11-ans-sauve-un-enfant-de-5-ans-tombe-dans-un-puits","status":"publish","type":"post","link":"https:\/\/www.europesays.com\/fr\/326929\/","title":{"rendered":"Une petite h\u00e9ro\u00efne de 11\u00a0ans sauve un enfant de 5\u00a0ans tomb\u00e9 dans un puits"},"content":{"rendered":"<p>Une petite fille de 11\u00a0ans a sauv\u00e9 un enfant de 5\u00a0ans tomb\u00e9 dans un puits aux \u00c9tats-Unis apr\u00e8s avoir entendu les cris de sa m\u00e8re.<\/p>\n<p>Elle n\u2019a pas h\u00e9sit\u00e9 avant de passer \u00e0 l\u2019action. Une petite fille de 11\u00a0ans, Juliana Fischer, a sauv\u00e9 un enfant de 5\u00a0ans tomb\u00e9 dans un puits dans le Massachusetts, aux \u00c9tats-Unis. Elle a racont\u00e9 ce moment aussi angoissant qu\u2019h\u00e9ro\u00efque \u00e0 la cha\u00eene <a href=\"https:\/\/local12.com\/news\/nation-world\/screams-11-year-old-girl-called-hero-after-saving-boy-who-fell-into-well-life-saving-hurt-injured-injuries-kingsboro-boston-massachusetts-dangerous-hazard-emergency-rescue-crews-concrete-stuck-juliana-fischer-child-kids\" target=\"_blank\" rel=\"nofollow noopener\">Local 12<\/a>, expliquant avoir entendu des cris d\u2019appels \u00e0 l\u2019aide.<\/p>\n<p>Elle se rappelle avoir entendu un gros bruit alors que le jeune Jack Buss, 5\u00a0ans, jouait dans un jardin voisin, vendredi. Sa m\u00e8re confie avoir \u00ab\u00a0entendu un hurlement jamais encore entendu de la part de (son) fils\u00a0\u00bb. Elle a alors compris que ses cris venaient d\u2019en bas, sous le sol. En le cherchant partout, elle a fini par comprendre qu\u2019il \u00e9tait tomb\u00e9 dans un puits.<\/p>\n<p>    La suite apr\u00e8s cette publicit\u00e9<\/p>\n<p>Un sauvetage parfait<\/p>\n<p>Selon le r\u00e9cit de sa m\u00e8re, le jeune Jack a march\u00e9 sur le couvercle du puits, qui a c\u00e9d\u00e9, le projetant \u00e0 environ six m\u00e8tres de profondeur. \u00c0 l\u2019int\u00e9rieur, l\u2019enfant a r\u00e9ussi \u00e0 se retenir sur un petit morceau de b\u00e9ton et \u00e0 s\u2019accrocher \u00e0 un poteau. Parce qu\u2019elle ne voulait pas le laisser seul et essayait de le rassurer, la m\u00e8re a donc appel\u00e9 \u00e0 l\u2019aide ses voisins. Et c\u2019est Juliana Fischer qui a r\u00e9pondu en premier. \u00ab\u00a0J\u2019ai regard\u00e9 autour de moi et j\u2019ai vu une \u00e9chelle. Je me suis dit\u00a0: \u2018Je devrais juste aller la chercher\u2019\u00a0\u00bb, a expliqu\u00e9 la petite fille qui dans le m\u00eame temps, a appel\u00e9 les secours.<\/p>\n<p>    La suite apr\u00e8s cette publicit\u00e9<\/p>\n<p>Juliana a ensuite mis l\u2019\u00e9chelle dans le puits et y est descendu pendant que la m\u00e8re de Jack, et le p\u00e8re de Juliana, la retenait. Et c\u2019est tous les deux que les enfants ont refait surface. Le petit gar\u00e7on s\u2019en est sorti avec seulement quelques \u00e9gratignures et contusions et a \u00e9t\u00e9 conduit \u00e0 l\u2019h\u00f4pital.<\/p>\n<p>Depuis ce sauvetage, la famille de Jack ne cesse de rendre hommage \u00e0 Juliana, qui est \u00e0 pr\u00e9sent qualifi\u00e9e d\u2019\u00ab\u00a0h\u00e9ro\u00efne\u00a0\u00bb. \u00ab\u00a0N\u2019importe qui aurait fait la m\u00eame chose\u00a0\u00bb, assure-t-elle de son c\u00f4t\u00e9 avec humilit\u00e9. Les autorit\u00e9s ont de leur c\u00f4t\u00e9 plac\u00e9 une lourde plaque m\u00e9tallique sur le puits avec des briques pour s\u2019assurer que personne ne puisse plus tomber dedans, mais ont \u00e9galement assur\u00e9 \u00e0 la m\u00e8re inqui\u00e8te qu\u2019une solution plus durable serait trouv\u00e9e.<\/p>\n","protected":false},"excerpt":{"rendered":"Une petite fille de 11\u00a0ans a sauv\u00e9 un enfant de 5\u00a0ans tomb\u00e9 dans un puits aux \u00c9tats-Unis apr\u00e8s&hellip;\n","protected":false},"author":2,"featured_media":326930,"comment_status":"","ping_status":"","sticky":false,"template":"","format":"standard","meta":{"footnotes":""},"categories":[5],"tags":[11,1011,27,14,12,28],"class_list":{"0":"post-326929","1":"post","2":"type-post","3":"status-publish","4":"format-standard","5":"has-post-thumbnail","7":"category-international","8":"tag-actualites","9":"tag-fr","10":"tag-france","11":"tag-international","12":"tag-news","13":"tag-world"},"share_on_mastodon":{"url":"https:\/\/pubeurope.com\/@fr\/115049465315270833","error":""},"_links":{"self":[{"href":"https:\/\/www.europesays.com\/fr\/wp-json\/wp\/v2\/posts\/326929","targetHints":{"allow":["GET"]}}],"collection":[{"href":"https:\/\/www.europesays.com\/fr\/wp-json\/wp\/v2\/posts"}],"about":[{"href":"https:\/\/www.europesays.com\/fr\/wp-json\/wp\/v2\/types\/post"}],"author":[{"embeddable":true,"href":"https:\/\/www.europesays.com\/fr\/wp-json\/wp\/v2\/users\/2"}],"replies":[{"embeddable":true,"href":"https:\/\/www.europesays.com\/fr\/wp-json\/wp\/v2\/comments?post=326929"}],"version-history":[{"count":0,"href":"https:\/\/www.europesays.com\/fr\/wp-json\/wp\/v2\/posts\/326929\/revisions"}],"wp:featuredmedia":[{"embeddable":true,"href":"https:\/\/www.europesays.com\/fr\/wp-json\/wp\/v2\/media\/326930"}],"wp:attachment":[{"href":"https:\/\/www.europesays.com\/fr\/wp-json\/wp\/v2\/media?parent=326929"}],"wp:term":[{"taxonomy":"category","embeddable":true,"href":"https:\/\/www.europesays.com\/fr\/wp-json\/wp\/v2\/categories?post=326929"},{"taxonomy":"post_tag","embeddable":true,"href":"https:\/\/www.europesays.com\/fr\/wp-json\/wp\/v2\/tags?post=326929"}],"curies":[{"name":"wp","href":"https:\/\/api.w.org\/{rel}","templated":true}]}}