{"id":326934,"date":"2025-08-18T11:13:15","date_gmt":"2025-08-18T11:13:15","guid":{"rendered":"https:\/\/www.europesays.com\/fr\/326934\/"},"modified":"2025-08-18T11:13:15","modified_gmt":"2025-08-18T11:13:15","slug":"le-melies-saint-francois-termine-son-grand-lifting","status":"publish","type":"post","link":"https:\/\/www.europesays.com\/fr\/326934\/","title":{"rendered":"Le M\u00e9li\u00e8s Saint-Fran\u00e7ois termine son grand lifting"},"content":{"rendered":"<p>Le M\u00e9li\u00e8s Saint-Fran\u00e7ois a ferm\u00e9 ses portes d\u00e8s le 13\u00a0juillet au soir et il ne les rouvrira que le mercredi 27\u00a0ao\u00fbt. Comme en 2024, la fermeture estivale aura \u00e9t\u00e9 beaucoup plus longue qu\u2019\u00e0 l\u2019accoutum\u00e9e, le temps pour le cin\u00e9ma de la rue de la Valse de terminer son grand lifting.<\/p>\n<p>L\u2019\u00e9tablissement, bient\u00f4t centenaire (il a ouvert en 1928), fait l\u2019objet d\u2019un vaste chantier de r\u00e9novation, men\u00e9 en deux temps. L\u2019an dernier, Paul-Marie Claret (qui avait repris Le France, devenu Le M\u00e9li\u00e8s Saint-Fran\u00e7ois, en 2014) avait investi 250\u00a0000\u00a0euros pour <a href=\"https:\/\/www.leprogres.fr\/culture-loisirs\/2024\/09\/05\/le-melies-saint-francois-a-rouvert-apres-un-grand-lifting\" target=\"_blank\" rel=\"nofollow noopener\">une premi\u00e8re tranche de travaux<\/a> \u00a0: changement de la quasi-totalit\u00e9 des fauteuils ainsi que des moquettes dans la grande et la petite salle (respectivement 358 et 122 places), changement de l\u2019\u00e9clairage, reprise des peintures dans les salles et les espaces&#8230;<\/p>\n","protected":false},"excerpt":{"rendered":"Le M\u00e9li\u00e8s Saint-Fran\u00e7ois a ferm\u00e9 ses portes d\u00e8s le 13\u00a0juillet au soir et il ne les rouvrira que&hellip;\n","protected":false},"author":2,"featured_media":326935,"comment_status":"","ping_status":"","sticky":false,"template":"","format":"standard","meta":{"footnotes":""},"categories":[9653],"tags":[1111,11,2430,650,4406,1687,33,7539,1777,674,1011,27,12,25,4001,7538],"class_list":{"0":"post-326934","1":"post","2":"type-post","3":"status-publish","4":"format-standard","5":"has-post-thumbnail","7":"category-saint-etienne","8":"tag-actu","9":"tag-actualites","10":"tag-auvergne-rhone-alpes","11":"tag-cinema","12":"tag-commerce-et-services","13":"tag-culture-loisirs","14":"tag-economie","15":"tag-edition-loire-sud","16":"tag-eu","17":"tag-europe","18":"tag-fr","19":"tag-france","20":"tag-news","21":"tag-republique-francaise","22":"tag-saint-etienne","23":"tag-saint-etienne-ville"},"share_on_mastodon":{"url":"https:\/\/pubeurope.com\/@fr\/115049477218954498","error":""},"_links":{"self":[{"href":"https:\/\/www.europesays.com\/fr\/wp-json\/wp\/v2\/posts\/326934","targetHints":{"allow":["GET"]}}],"collection":[{"href":"https:\/\/www.europesays.com\/fr\/wp-json\/wp\/v2\/posts"}],"about":[{"href":"https:\/\/www.europesays.com\/fr\/wp-json\/wp\/v2\/types\/post"}],"author":[{"embeddable":true,"href":"https:\/\/www.europesays.com\/fr\/wp-json\/wp\/v2\/users\/2"}],"replies":[{"embeddable":true,"href":"https:\/\/www.europesays.com\/fr\/wp-json\/wp\/v2\/comments?post=326934"}],"version-history":[{"count":0,"href":"https:\/\/www.europesays.com\/fr\/wp-json\/wp\/v2\/posts\/326934\/revisions"}],"wp:featuredmedia":[{"embeddable":true,"href":"https:\/\/www.europesays.com\/fr\/wp-json\/wp\/v2\/media\/326935"}],"wp:attachment":[{"href":"https:\/\/www.europesays.com\/fr\/wp-json\/wp\/v2\/media?parent=326934"}],"wp:term":[{"taxonomy":"category","embeddable":true,"href":"https:\/\/www.europesays.com\/fr\/wp-json\/wp\/v2\/categories?post=326934"},{"taxonomy":"post_tag","embeddable":true,"href":"https:\/\/www.europesays.com\/fr\/wp-json\/wp\/v2\/tags?post=326934"}],"curies":[{"name":"wp","href":"https:\/\/api.w.org\/{rel}","templated":true}]}}