{"id":326936,"date":"2025-08-18T11:14:16","date_gmt":"2025-08-18T11:14:16","guid":{"rendered":"https:\/\/www.europesays.com\/fr\/326936\/"},"modified":"2025-08-18T11:14:16","modified_gmt":"2025-08-18T11:14:16","slug":"saint-etienne-une-octogenaire-se-fait-arracher-son-collier-en-plein-centre-ville","status":"publish","type":"post","link":"https:\/\/www.europesays.com\/fr\/326936\/","title":{"rendered":"Saint-Etienne. Une octog\u00e9naire se fait arracher son collier en plein centre-ville"},"content":{"rendered":"<p>Mercredi 13 ao\u00fbt, peu avant 18 heures, une dame \u00e2g\u00e9e de 81 ans rentrait \u00e0 son domicile, \u00e0 proximit\u00e9 de la place du Peuple \u00e0 Saint-Etienne, apr\u00e8s avoir fait ses courses, quand elle s\u2019est fait arracher son collier devant la porte de son immeuble.<\/p>\n<p>Elle appelle la police et donne un signalement pr\u00e9cis aux agents. Deux jeunes St\u00e9phanois de 17 ans sont rapidement interpell\u00e9s puis plac\u00e9s en garde \u00e0 vue.<\/p>\n<p>Un des deux adolescents reconna\u00eet les faits et d\u00e9douane son acolyte. Il sera prochainement convoqu\u00e9 devant le juge des enfants pour vol \u00e0 l\u2019arrach\u00e9.<\/p>\n","protected":false},"excerpt":{"rendered":"Mercredi 13 ao\u00fbt, peu avant 18 heures, une dame \u00e2g\u00e9e de 81 ans rentrait \u00e0 son domicile, \u00e0&hellip;\n","protected":false},"author":2,"featured_media":326937,"comment_status":"","ping_status":"","sticky":false,"template":"","format":"standard","meta":{"footnotes":""},"categories":[9653],"tags":[1111,11,2430,271,272,7539,1777,674,274,1011,27,12,25,4001,7538],"class_list":{"0":"post-326936","1":"post","2":"type-post","3":"status-publish","4":"format-standard","5":"has-post-thumbnail","7":"category-saint-etienne","8":"tag-actu","9":"tag-actualites","10":"tag-auvergne-rhone-alpes","11":"tag-crime","12":"tag-delit-et-contravention","13":"tag-edition-loire-sud","14":"tag-eu","15":"tag-europe","16":"tag-faits-divers-justice","17":"tag-fr","18":"tag-france","19":"tag-news","20":"tag-republique-francaise","21":"tag-saint-etienne","22":"tag-saint-etienne-ville"},"share_on_mastodon":{"url":"https:\/\/pubeurope.com\/@fr\/115049480955548744","error":""},"_links":{"self":[{"href":"https:\/\/www.europesays.com\/fr\/wp-json\/wp\/v2\/posts\/326936","targetHints":{"allow":["GET"]}}],"collection":[{"href":"https:\/\/www.europesays.com\/fr\/wp-json\/wp\/v2\/posts"}],"about":[{"href":"https:\/\/www.europesays.com\/fr\/wp-json\/wp\/v2\/types\/post"}],"author":[{"embeddable":true,"href":"https:\/\/www.europesays.com\/fr\/wp-json\/wp\/v2\/users\/2"}],"replies":[{"embeddable":true,"href":"https:\/\/www.europesays.com\/fr\/wp-json\/wp\/v2\/comments?post=326936"}],"version-history":[{"count":0,"href":"https:\/\/www.europesays.com\/fr\/wp-json\/wp\/v2\/posts\/326936\/revisions"}],"wp:featuredmedia":[{"embeddable":true,"href":"https:\/\/www.europesays.com\/fr\/wp-json\/wp\/v2\/media\/326937"}],"wp:attachment":[{"href":"https:\/\/www.europesays.com\/fr\/wp-json\/wp\/v2\/media?parent=326936"}],"wp:term":[{"taxonomy":"category","embeddable":true,"href":"https:\/\/www.europesays.com\/fr\/wp-json\/wp\/v2\/categories?post=326936"},{"taxonomy":"post_tag","embeddable":true,"href":"https:\/\/www.europesays.com\/fr\/wp-json\/wp\/v2\/tags?post=326936"}],"curies":[{"name":"wp","href":"https:\/\/api.w.org\/{rel}","templated":true}]}}