{"id":326938,"date":"2025-08-18T11:16:11","date_gmt":"2025-08-18T11:16:11","guid":{"rendered":"https:\/\/www.europesays.com\/fr\/326938\/"},"modified":"2025-08-18T11:16:11","modified_gmt":"2025-08-18T11:16:11","slug":"un-homme-tue-dans-un-contexte-familial-un-suspect-place-en-garde-a-vue","status":"publish","type":"post","link":"https:\/\/www.europesays.com\/fr\/326938\/","title":{"rendered":"un homme tu\u00e9 dans un \u00ab\u00a0contexte familial\u00a0\u00bb, un suspect plac\u00e9 en garde \u00e0 vue"},"content":{"rendered":"<p>            Par<br \/>\n        <strong><br \/>\n            <a href=\"https:\/\/actu.fr\/auteur\/emil-vautrin\" title=\"Consulter tous les articles de Emil Vautrin\" target=\"_blank\" rel=\"noopener\">Emil Vautrin<\/a><br \/>\n        <\/strong><\/p>\n<p>        Publi\u00e9 le<\/p>\n<p>            18 ao\u00fbt 2025 \u00e0 12h54        <\/p>\n<p>D\u2019apr\u00e8s l\u2019AFP, un individu a \u00e9t\u00e9 tu\u00e9 samedi 16 ao\u00fbt au soir \u00e0 Neuves-Maisons (<a href=\"https:\/\/actu.fr\/grand-est\/meurthe-et-moselle_54\" target=\"_blank\" rel=\"noopener\">Meurthe-et-Moselle<\/a>), proche de Nancy. Le drame a eu lieu dans un \u00ab\u00a0<strong>contexte familial<\/strong>\u00a0\u00bb selon les informations communiqu\u00e9es par le parquet.\u00a0<\/p>\n<p>Un suspect plac\u00e9 en garde \u00e0 vue<\/p>\n<p class=\" wall-content\">Toujours d\u2019apr\u00e8s le parquet, un individu, consid\u00e9r\u00e9 comme <strong>suspect<\/strong>, a \u00e9t\u00e9 plac\u00e9 en <strong>garde \u00e0 vue<\/strong> et doit \u00eatre d\u00e9f\u00e9r\u00e9 lundi devant la <a href=\"https:\/\/actu.fr\/tag\/justice\" target=\"_blank\" rel=\"noopener\">justice<\/a>.<\/p>\n<p class=\" wall-content\">\u00ab\u00a0Une ouverture d\u2019information judiciaire pour <strong>homicide<\/strong> est pr\u00e9vue\u00a0\u00bb, a d\u00e9clar\u00e9 le procureur adjoint de Nancy, Amaury Lac\u00f4te.<\/p>\n<p class=\" wall-content\">Personnalisez votre actualit\u00e9 en ajoutant vos villes et m\u00e9dias en favori avec <a href=\"https:\/\/moncompte.actu.fr\" title=\"D\u00e9couvez Mon Actu\" rel=\"nofollow noopener\" data-trk=\"{&quot;cta&quot;:{&quot;action&quot;:&quot;https:\\\/\\\/moncompte.actu.fr&quot;,&quot;category&quot;:&quot;mon compte&quot;,&quot;from&quot;:&quot;article footer&quot;,&quot;name&quot;:&quot;Mon actu&quot;,&quot;type&quot;:&quot;cta&quot;}}\" target=\"_blank\">Mon Actu<\/a>.<\/p>\n","protected":false},"excerpt":{"rendered":"Par Emil Vautrin Publi\u00e9 le 18 ao\u00fbt 2025 \u00e0 12h54 D\u2019apr\u00e8s l\u2019AFP, un individu a \u00e9t\u00e9 tu\u00e9 samedi&hellip;\n","protected":false},"author":2,"featured_media":326825,"comment_status":"","ping_status":"","sticky":false,"template":"","format":"standard","meta":{"footnotes":""},"categories":[9635],"tags":[1111,11,1777,674,118,1011,27,775,777,1702,12,25],"class_list":{"0":"post-326938","1":"post","2":"type-post","3":"status-publish","4":"format-standard","5":"has-post-thumbnail","7":"category-nancy","8":"tag-actu","9":"tag-actualites","10":"tag-eu","11":"tag-europe","12":"tag-faits-divers","13":"tag-fr","14":"tag-france","15":"tag-grand-est","16":"tag-meurtre","17":"tag-nancy","18":"tag-news","19":"tag-republique-francaise"},"share_on_mastodon":{"url":"https:\/\/pubeurope.com\/@fr\/115049488994768466","error":""},"_links":{"self":[{"href":"https:\/\/www.europesays.com\/fr\/wp-json\/wp\/v2\/posts\/326938","targetHints":{"allow":["GET"]}}],"collection":[{"href":"https:\/\/www.europesays.com\/fr\/wp-json\/wp\/v2\/posts"}],"about":[{"href":"https:\/\/www.europesays.com\/fr\/wp-json\/wp\/v2\/types\/post"}],"author":[{"embeddable":true,"href":"https:\/\/www.europesays.com\/fr\/wp-json\/wp\/v2\/users\/2"}],"replies":[{"embeddable":true,"href":"https:\/\/www.europesays.com\/fr\/wp-json\/wp\/v2\/comments?post=326938"}],"version-history":[{"count":0,"href":"https:\/\/www.europesays.com\/fr\/wp-json\/wp\/v2\/posts\/326938\/revisions"}],"wp:featuredmedia":[{"embeddable":true,"href":"https:\/\/www.europesays.com\/fr\/wp-json\/wp\/v2\/media\/326825"}],"wp:attachment":[{"href":"https:\/\/www.europesays.com\/fr\/wp-json\/wp\/v2\/media?parent=326938"}],"wp:term":[{"taxonomy":"category","embeddable":true,"href":"https:\/\/www.europesays.com\/fr\/wp-json\/wp\/v2\/categories?post=326938"},{"taxonomy":"post_tag","embeddable":true,"href":"https:\/\/www.europesays.com\/fr\/wp-json\/wp\/v2\/tags?post=326938"}],"curies":[{"name":"wp","href":"https:\/\/api.w.org\/{rel}","templated":true}]}}