{"id":326941,"date":"2025-08-18T11:18:12","date_gmt":"2025-08-18T11:18:12","guid":{"rendered":"https:\/\/www.europesays.com\/fr\/326941\/"},"modified":"2025-08-18T11:18:12","modified_gmt":"2025-08-18T11:18:12","slug":"accident-sur-la50-a-hauteur-de-chateauvallon-la-circulation-a-nouveau-fluide-vers-toulon","status":"publish","type":"post","link":"https:\/\/www.europesays.com\/fr\/326941\/","title":{"rendered":"Accident sur l\u2019A50 \u00e0 hauteur de Ch\u00e2teauvallon\u202f: la circulation \u00e0 nouveau fluide vers Toulon"},"content":{"rendered":"<p>Un accident a perturb\u00e9 la circulation ce matin sur l\u2019A50, l\u2019incident est d\u00e9sormais termin\u00e9 selon les autorit\u00e9s.<\/p>\n<p><img fetchpriority=\"high\" decoding=\"async\" width=\"1200\" height=\"834\" alt=\"Accident tunnel sud Toulon enfant Accident A50 Toulon Ch\u00e2teauvallon circulation\" title=\"TUNNEL TOULON FL\" src=\"https:\/\/www.europesays.com\/fr\/wp-content\/uploads\/2025\/08\/TUNNEL-TOULON-FL.jpg\" class=\"img-responsive wp-image-56877\"\/><\/p>\n<p>Accident A50 Toulon Ch\u00e2teauvallon\u2013 CREDIT : VarActu<\/p>\n<p data-start=\"127\" data-end=\"453\">Un accident survenu ce matin aux alentours de 8h56 a temporairement perturb\u00e9 la circulation sur l\u2019autoroute A50 en direction de Toulon, juste apr\u00e8s l\u2019entr\u00e9e n\u00b014 Ch\u00e2teauvallon. L\u2019annonce a \u00e9t\u00e9 faite par le Tunnel de Toulon via son compte officiel X (ex-Twitter), \u2026<\/p>\n<p>Lire la suite dans l\u2019article <a href=\"https:\/\/www.varactu.fr\/accident-sur-la50-a-hauteur-de-chateauvallon-la-circulation-a-nouveau-fluide-vers-toulon\/\" rel=\"nofollow noopener\" target=\"_blank\">Accident sur l\u2019A50 \u00e0 hauteur de Ch\u00e2teauvallon\u202f: la circulation \u00e0 nouveau fluide vers Toulon<\/a> qui est apparu en premier sur <a href=\"https:\/\/www.varactu.fr\" rel=\"nofollow noopener\" target=\"_blank\">Var Actu<\/a>.<\/p>\n","protected":false},"excerpt":{"rendered":"Un accident a perturb\u00e9 la circulation ce matin sur l\u2019A50, l\u2019incident est d\u00e9sormais termin\u00e9 selon les autorit\u00e9s. Accident&hellip;\n","protected":false},"author":2,"featured_media":326942,"comment_status":"","ping_status":"","sticky":false,"template":"","format":"standard","meta":{"footnotes":""},"categories":[9619],"tags":[1111,11,1777,674,1011,27,12,882,25,2310],"class_list":{"0":"post-326941","1":"post","2":"type-post","3":"status-publish","4":"format-standard","5":"has-post-thumbnail","7":"category-toulon","8":"tag-actu","9":"tag-actualites","10":"tag-eu","11":"tag-europe","12":"tag-fr","13":"tag-france","14":"tag-news","15":"tag-provence-alpes-cote-dazur","16":"tag-republique-francaise","17":"tag-toulon"},"share_on_mastodon":{"url":"https:\/\/pubeurope.com\/@fr\/115049497144866491","error":""},"_links":{"self":[{"href":"https:\/\/www.europesays.com\/fr\/wp-json\/wp\/v2\/posts\/326941","targetHints":{"allow":["GET"]}}],"collection":[{"href":"https:\/\/www.europesays.com\/fr\/wp-json\/wp\/v2\/posts"}],"about":[{"href":"https:\/\/www.europesays.com\/fr\/wp-json\/wp\/v2\/types\/post"}],"author":[{"embeddable":true,"href":"https:\/\/www.europesays.com\/fr\/wp-json\/wp\/v2\/users\/2"}],"replies":[{"embeddable":true,"href":"https:\/\/www.europesays.com\/fr\/wp-json\/wp\/v2\/comments?post=326941"}],"version-history":[{"count":0,"href":"https:\/\/www.europesays.com\/fr\/wp-json\/wp\/v2\/posts\/326941\/revisions"}],"wp:featuredmedia":[{"embeddable":true,"href":"https:\/\/www.europesays.com\/fr\/wp-json\/wp\/v2\/media\/326942"}],"wp:attachment":[{"href":"https:\/\/www.europesays.com\/fr\/wp-json\/wp\/v2\/media?parent=326941"}],"wp:term":[{"taxonomy":"category","embeddable":true,"href":"https:\/\/www.europesays.com\/fr\/wp-json\/wp\/v2\/categories?post=326941"},{"taxonomy":"post_tag","embeddable":true,"href":"https:\/\/www.europesays.com\/fr\/wp-json\/wp\/v2\/tags?post=326941"}],"curies":[{"name":"wp","href":"https:\/\/api.w.org\/{rel}","templated":true}]}}