{"id":326945,"date":"2025-08-18T11:20:13","date_gmt":"2025-08-18T11:20:13","guid":{"rendered":"https:\/\/www.europesays.com\/fr\/326945\/"},"modified":"2025-08-18T11:20:13","modified_gmt":"2025-08-18T11:20:13","slug":"il-porte-le-numero-5-qui-est-ce-nouveau-milieu-recrute-par-le-mhsc","status":"publish","type":"post","link":"https:\/\/www.europesays.com\/fr\/326945\/","title":{"rendered":"il porte le num\u00e9ro 5, qui est ce nouveau milieu recrut\u00e9 par le MHSC\u00a0?"},"content":{"rendered":"<p>            Par<br \/>\n        <strong><br \/>\n            <a href=\"https:\/\/actu.fr\/auteur\/metropoop\" title=\"Consulter tous les articles de R\u00e9daction M\u00e9tropolitain\" rel=\"nofollow noopener\" target=\"_blank\">R\u00e9daction M\u00e9tropolitain<\/a><br \/>\n        <\/strong><\/p>\n<p>        Publi\u00e9 le<\/p>\n<p>            18 ao\u00fbt 2025 \u00e0 12h53<br \/>\n        ; mis \u00e0 jour le 18 ao\u00fbt 2025 \u00e0 12h55    <\/p>\n<p>Le <strong>MHSC<\/strong> poursuit son recrutement estival avec l\u2019arriv\u00e9e officielle du Franco-Br\u00e9silien <strong>Everson Junior<\/strong> (21 ans). L\u2019ancien joueur de l\u2019<strong>AC Ajaccio<\/strong> (2023-2025, 35 matchs et 2 buts) vient renforcer le milieu de terrain pailladin, fort d\u2019un bagage technique solide et d\u2019une bonne connaissance du championnat de <strong>Ligue 2<\/strong>.<\/p>\n<p class=\" wall-content\">Issu d\u2019une famille de footballeurs, il est le fils a\u00een\u00e9 d\u2019Everson, ancien joueur br\u00e9silien pass\u00e9 notamment par Bordeaux et Nice. Form\u00e9 au centre de formation du Gym, Everson Junior portera le num\u00e9ro 5 sous les couleurs du club de la capitale h\u00e9raultaise.<\/p>\n<p class=\" wall-content\">\n<p class=\" wall-content\">D\u00e9j\u00e0 pr\u00e9sent dans le groupe pour affronter <strong>Le Mans,<\/strong> ce <strong>lundi 18 ao\u00fbt \u00e0 20h45<\/strong> au <strong>stade Marie-Marvingt<\/strong>, il pourrait rapidement montrer ce qu\u2019il peut apporter \u00e0 l\u2019effectif montpelli\u00e9rain, en manque d\u2019inspiration lors de la premi\u00e8re journ\u00e9e face au <strong>Red Star<\/strong> (1-1), notamment dans l\u2019entrejeu. Pour rappel, le club a r\u00e9cemment perdu <strong>Jordan Ferri<\/strong>, parti \u00e0 la Sampdoria (Serie B italienne), ainsi que <strong>Birama Tour\u00e9<\/strong>, d\u00e9sormais joueur du Manisa FK en Turquie. Le renfort au milieu de terrain apparaissait donc comme une n\u00e9cessit\u00e9.<\/p>\n<p>Des Br\u00e9siliens au MHSC, \u00e7a ne court pas les rues !<\/p>\n<p class=\" wall-content\">Everson Junior rejoint la courte liste des joueurs br\u00e9siliens pass\u00e9s par le MHSC (et ayant jou\u00e9 au moins un match avec le club) :\u00a0<\/p>\n<ul class=\" wall-content\">\n<li><strong>Vitorino Hilton<\/strong> (2011-2021) : Sans aucun doute le Br\u00e9silien le plus embl\u00e9matique de l\u2019histoire du club, avec dix saisons pass\u00e9es sous les couleurs pailladines et un titre de champion de France d\u00e9croch\u00e9 en 2012. Devenu entra\u00eeneur adjoint au sein du staff dirig\u00e9 par Jean-Louis Gasset, son contrat a pris fin le 30 juin dernier. Le nouvel entra\u00eeneur, Zoumana Camara, n\u2019a pas souhait\u00e9 conserver le d\u00e9fenseur historique pour la saison en Ligue 2. Hilton restera probablement encore longtemps le joueur incarnant l\u2019esprit du MHSC et le chouchou de nombreux supporters.<\/li>\n<li><strong>Julio C\u00e9sar<\/strong> (1987-1990) : V\u00e9ritable monument du MHSC, il forma l\u2019une des d\u00e9fenses les plus solides du championnat aux c\u00f4t\u00e9s notamment de <strong>Laurent Blanc<\/strong>, <strong>Nenad Stojkovi\u0107<\/strong> ou encore d\u2019un certain <strong>Michel Der Zakarian<\/strong>. Il contribua largement \u00e0 la conqu\u00eate de la premi\u00e8re Coupe de France du club en 1990. D\u00e9fenseur impressionnant, il quitta Montpellier apr\u00e8s trois belles saisons pour rejoindre la Juventus Turin, puis le Borussia Dortmund, entre autres.<\/li>\n<li><strong>Luizinho da Silva<\/strong> (1981-1982) : Pass\u00e9 par N\u00eemes, Guingamp, Orl\u00e9ans, Reims ou encore Botafogo au Br\u00e9sil, Luizinho da Silva n\u2019a port\u00e9 le maillot pailladin qu\u2019une seule saison (36 matchs, 3 buts). Celle-ci s\u2019acheva par une rel\u00e9gation en 1982, ce qui poussa le Br\u00e9silien vers la sortie apr\u00e8s une aventure aussi courte que peu marquante.<\/li>\n<\/ul>\n<p>Vid\u00e9os : en ce moment sur Actu<\/p>\n<ul class=\" wall-content\">\n<li><strong>Roberto de Assis Moreira<\/strong> (2001-2002) : Son nom ne vous dit peut-\u00eatre rien, et pourtant Roberto Assis est le fr\u00e8re a\u00een\u00e9 de l\u2019un des plus grands footballeurs de tous les temps : <strong>Ronaldinho<\/strong>. Globe-trotteur du football, il a port\u00e9 les couleurs de douze clubs dans six pays diff\u00e9rents. C\u2019est \u00e0 Montpellier qu\u2019il met un terme \u00e0 sa carri\u00e8re, au cours d\u2019une saison o\u00f9 il ne dispute que dix matchs.<\/li>\n<li><strong>Matheus Thuler<\/strong> (2021-2022) : Arriv\u00e9 en pr\u00eat de Flamengo \u00e0 l\u2019\u00e9t\u00e9 2021, le d\u00e9fenseur br\u00e9silien n\u2019a pas su convaincre. Bless\u00e9 d\u00e8s le d\u00e9but de saison face au Paris Saint-Germain (25 septembre 2021), il a ensuite perdu sa place avec le retour de Mamadou Sakho et a rapidement gliss\u00e9 sur le banc.<\/li>\n<li><strong>Nelson Zeglio<\/strong> (1952) : Ce milieu de terrain br\u00e9silien n\u2019a disput\u00e9 que deux petits matchs sous le maillot montpelli\u00e9rain. Sa carri\u00e8re, br\u00e8ve et int\u00e9gralement men\u00e9e en France, l\u2019a \u00e9galement conduit \u00e0 Sochaux (1951-1952), au CA Paris (1952-1954) puis au CO Roubaix-Tourcoing (1954-1955).<\/li>\n<\/ul>\n<p>Votre r\u00e9gion, votre actu !<\/p>\n<p>Recevez chaque jour les infos qui comptent pour vous.<\/p>\n<p>\t<a href=\"https:\/\/actu.fr\/newsletter\" class=\"ac-btn ac-btn--corner ac-btn--medium ac-btn--blue800\" rel=\"nofollow noopener\" target=\"_blank\">S&rsquo;incrire<\/a><\/p>\n<p class=\" wall-content\">Au tour d\u2019Everson Junior de tenter de marquer le club montpelli\u00e9rain et de l\u2019aider \u00e0 retrouver la Ligue 1, dans une saison qui s\u2019annonce particuli\u00e8rement disput\u00e9e dans un championnat de deuxi\u00e8me division rempli de clubs historiques tels que <strong>Saint-\u00c9tienne<\/strong>, <strong>Amiens<\/strong>, <strong>Nancy<\/strong>, <strong>Le<\/strong> <strong>Mans<\/strong>, <strong>Bastia<\/strong>, <strong>Grenoble<\/strong>, <strong>Guingamp<\/strong> ou encore <strong>Troyes<\/strong>.<\/p>\n<p class=\" wall-content\">Personnalisez votre actualit\u00e9 en ajoutant vos villes et m\u00e9dias en favori avec <a href=\"https:\/\/moncompte.actu.fr\" title=\"D\u00e9couvez Mon Actu\" rel=\"nofollow noopener\" data-trk=\"{&quot;cta&quot;:{&quot;action&quot;:&quot;https:\\\/\\\/moncompte.actu.fr&quot;,&quot;category&quot;:&quot;mon compte&quot;,&quot;from&quot;:&quot;article footer&quot;,&quot;name&quot;:&quot;Mon actu&quot;,&quot;type&quot;:&quot;cta&quot;}}\" target=\"_blank\">Mon Actu<\/a>.<\/p>\n","protected":false},"excerpt":{"rendered":"Par R\u00e9daction M\u00e9tropolitain Publi\u00e9 le 18 ao\u00fbt 2025 \u00e0 12h53 ; mis \u00e0 jour le 18 ao\u00fbt 2025&hellip;\n","protected":false},"author":2,"featured_media":326946,"comment_status":"","ping_status":"","sticky":false,"template":"","format":"standard","meta":{"footnotes":""},"categories":[9599],"tags":[1111,11,1777,674,63,1011,27,2208,12,2680,25,60],"class_list":{"0":"post-326945","1":"post","2":"type-post","3":"status-publish","4":"format-standard","5":"has-post-thumbnail","7":"category-montpellier","8":"tag-actu","9":"tag-actualites","10":"tag-eu","11":"tag-europe","12":"tag-football","13":"tag-fr","14":"tag-france","15":"tag-montpellier","16":"tag-news","17":"tag-occitanie","18":"tag-republique-francaise","19":"tag-sports"},"share_on_mastodon":{"url":"https:\/\/pubeurope.com\/@fr\/115049504637453401","error":""},"_links":{"self":[{"href":"https:\/\/www.europesays.com\/fr\/wp-json\/wp\/v2\/posts\/326945","targetHints":{"allow":["GET"]}}],"collection":[{"href":"https:\/\/www.europesays.com\/fr\/wp-json\/wp\/v2\/posts"}],"about":[{"href":"https:\/\/www.europesays.com\/fr\/wp-json\/wp\/v2\/types\/post"}],"author":[{"embeddable":true,"href":"https:\/\/www.europesays.com\/fr\/wp-json\/wp\/v2\/users\/2"}],"replies":[{"embeddable":true,"href":"https:\/\/www.europesays.com\/fr\/wp-json\/wp\/v2\/comments?post=326945"}],"version-history":[{"count":0,"href":"https:\/\/www.europesays.com\/fr\/wp-json\/wp\/v2\/posts\/326945\/revisions"}],"wp:featuredmedia":[{"embeddable":true,"href":"https:\/\/www.europesays.com\/fr\/wp-json\/wp\/v2\/media\/326946"}],"wp:attachment":[{"href":"https:\/\/www.europesays.com\/fr\/wp-json\/wp\/v2\/media?parent=326945"}],"wp:term":[{"taxonomy":"category","embeddable":true,"href":"https:\/\/www.europesays.com\/fr\/wp-json\/wp\/v2\/categories?post=326945"},{"taxonomy":"post_tag","embeddable":true,"href":"https:\/\/www.europesays.com\/fr\/wp-json\/wp\/v2\/tags?post=326945"}],"curies":[{"name":"wp","href":"https:\/\/api.w.org\/{rel}","templated":true}]}}