{"id":326947,"date":"2025-08-18T11:23:11","date_gmt":"2025-08-18T11:23:11","guid":{"rendered":"https:\/\/www.europesays.com\/fr\/326947\/"},"modified":"2025-08-18T11:23:11","modified_gmt":"2025-08-18T11:23:11","slug":"prix-rouen-tattoo-festival-prix-air-de-cour-clairefontaine-18-08-2025-partants-pronostics-et-resultats-en-videos-course-6","status":"publish","type":"post","link":"https:\/\/www.europesays.com\/fr\/326947\/","title":{"rendered":"PRIX ROUEN TATTOO FESTIVAL (PRIX AIR DE COUR) &#8211; CLAIREFONTAINE &#8211; 18\/08\/2025 : partants, pronostics et r\u00e9sultats en vid\u00e9os &#8211; Course 6"},"content":{"rendered":"<p _ngcontent-serverapp-c2764344627=\"\" class=\"ticket-prono--analysis--description--title\"> Notre avis : LAVIRCA DODVILLE (9) <\/p>\n<p>Tr\u00e8s bonne finisseuse dans l&rsquo;\u00e9preuve r\u00e9f\u00e9rence (3e), elle avait gagn\u00e9 sur ce parcours en ao\u00fbt 2023. A l&rsquo;arriv\u00e9e !<\/p>\n<p _ngcontent-serverapp-c2764344627=\"\" class=\"ticket-prono--analysis--description--title\"> L&rsquo;analyse de la course <\/p>\n<p>LA DIVA D&rsquo;ALBEN (6) n&rsquo;a plus pass\u00e9 le poteau en t\u00eate depuis mai 2024 mais ne devrait plus tarder \u00e0 briser la glace. Excellente finisseuse derni\u00e8rement tout pr\u00e8s de notre favorite, LAVIRCA DODVILLE (9) a \u00e9galement d\u00e9j\u00e0 gagn\u00e9 sur cette piste. KEEN APPROACH (3) reste comp\u00e9titive malgr\u00e9 la p\u00e9nalisation due \u00e0 sa victoire sign\u00e9e dans la course r\u00e9f\u00e9rence. Adepte de bon terrain, BEAUTIFUL MEMORY (2) peut s&rsquo;inviter \u00e0 la lutte, tout comme AVERNES (4).<\/p>\n","protected":false},"excerpt":{"rendered":"Notre avis : LAVIRCA DODVILLE (9) Tr\u00e8s bonne finisseuse dans l&rsquo;\u00e9preuve r\u00e9f\u00e9rence (3e), elle avait gagn\u00e9 sur ce&hellip;\n","protected":false},"author":2,"featured_media":57877,"comment_status":"","ping_status":"","sticky":false,"template":"","format":"standard","meta":{"footnotes":""},"categories":[9587],"tags":[1111,11,1777,674,1011,27,12,5161,25,9590],"class_list":{"0":"post-326947","1":"post","2":"type-post","3":"status-publish","4":"format-standard","5":"has-post-thumbnail","7":"category-rouen","8":"tag-actu","9":"tag-actualites","10":"tag-eu","11":"tag-europe","12":"tag-fr","13":"tag-france","14":"tag-news","15":"tag-normandie","16":"tag-republique-francaise","17":"tag-rouen"},"share_on_mastodon":{"url":"https:\/\/pubeurope.com\/@fr\/115049516411416289","error":""},"_links":{"self":[{"href":"https:\/\/www.europesays.com\/fr\/wp-json\/wp\/v2\/posts\/326947","targetHints":{"allow":["GET"]}}],"collection":[{"href":"https:\/\/www.europesays.com\/fr\/wp-json\/wp\/v2\/posts"}],"about":[{"href":"https:\/\/www.europesays.com\/fr\/wp-json\/wp\/v2\/types\/post"}],"author":[{"embeddable":true,"href":"https:\/\/www.europesays.com\/fr\/wp-json\/wp\/v2\/users\/2"}],"replies":[{"embeddable":true,"href":"https:\/\/www.europesays.com\/fr\/wp-json\/wp\/v2\/comments?post=326947"}],"version-history":[{"count":0,"href":"https:\/\/www.europesays.com\/fr\/wp-json\/wp\/v2\/posts\/326947\/revisions"}],"wp:featuredmedia":[{"embeddable":true,"href":"https:\/\/www.europesays.com\/fr\/wp-json\/wp\/v2\/media\/57877"}],"wp:attachment":[{"href":"https:\/\/www.europesays.com\/fr\/wp-json\/wp\/v2\/media?parent=326947"}],"wp:term":[{"taxonomy":"category","embeddable":true,"href":"https:\/\/www.europesays.com\/fr\/wp-json\/wp\/v2\/categories?post=326947"},{"taxonomy":"post_tag","embeddable":true,"href":"https:\/\/www.europesays.com\/fr\/wp-json\/wp\/v2\/tags?post=326947"}],"curies":[{"name":"wp","href":"https:\/\/api.w.org\/{rel}","templated":true}]}}