{"id":326950,"date":"2025-08-18T11:26:22","date_gmt":"2025-08-18T11:26:22","guid":{"rendered":"https:\/\/www.europesays.com\/fr\/326950\/"},"modified":"2025-08-18T11:26:22","modified_gmt":"2025-08-18T11:26:22","slug":"la-rave-party-en-cours-en-ille-et-vilaine-pourrait-rassembler-jusqua-2-000-personnes","status":"publish","type":"post","link":"https:\/\/www.europesays.com\/fr\/326950\/","title":{"rendered":"La rave-party en cours en Ille-et-Vilaine pourrait rassembler jusqu\u2019\u00e0 \u00ab\u00a02\u00a0000\u00a0personnes\u00a0\u00bb"},"content":{"rendered":"<p>Commenc\u00e9e dans la nuit du vendredi\u00a015 au samedi 16\u00a0ao\u00fbt 2025, une rave-party est en cours dans la commune de Bains-sur-Oust (<a href=\"https:\/\/www.ouest-france.fr\/bretagne\/ille-et-vilaine\/\" target=\"_blank\" rel=\"noopener\">Ille-et-Vilaine<\/a>) \u00e0 quelques kilom\u00e8tres de Redon. Cette derni\u00e8re se tient dans le hameau de Saint-Marcellin sur une parcelle agricole. Le son devrait \u00eatre coup\u00e9 demain dans l\u2019apr\u00e8s-midi.<\/p>\n<p>Selon les premi\u00e8res informations r\u00e9colt\u00e9es sur place, pr\u00e8s de 600\u00a0teufeurs \u00e9taient pr\u00e9sents sur le pr\u00e9, aux alentours de 12\u00a0h. Pr\u00e9sents un peu partout dans la commune, les festivaliers tentent de se rendre sur les lieux de la rave \u00e0 pied. Pour \u00e9viter au rassemblement festif de prendre trop d\u2019ampleur, les compagnies de gendarmerie de Pipriac et Redon ont \u00e9t\u00e9 d\u00e9p\u00each\u00e9s sur place tout comme la brigade de motards de Rennes. Des barrages ont \u00e9t\u00e9 mis en place et des contr\u00f4les sont op\u00e9r\u00e9s par les forces de l\u2019ordre. Un h\u00e9licopt\u00e8re survole \u00e9galement la zone. Pour l\u2019instant, <strong>\u00ab\u00a0tout se passe bien, il n\u2019y a pas de d\u00e9bordements\u00a0\u00bb<\/strong>, assure les gendarmes.<\/p>\n<p>\t<img decoding=\"async\" src=\"https:\/\/www.europesays.com\/fr\/wp-content\/uploads\/2025\/08\/P35408931D6937067G_px_640_.jpg\" alt=\"photo pour \u00e9viter au rassemblement festif de prendre trop d\u2019ampleur, plusieurs compagnies de gendarmerie ont \u00e9t\u00e9 d\u00e9p\u00each\u00e9es sur place. elles proc\u00e8dent \u00e0 des contr\u00f4les.  \u00a9  ouest-france\" width=\"640\" title=\" Pour \u00e9viter au rassemblement festif de prendre trop d\u2019ampleur, plusieurs compagnies de gendarmerie ont \u00e9t\u00e9 d\u00e9p\u00each\u00e9es sur place. Elles proc\u00e8dent \u00e0 des contr\u00f4les.   Ouest-France \"\/><\/p>\n<p class=\"elmt-legende\"> Pour \u00e9viter au rassemblement festif de prendre trop d\u2019ampleur, plusieurs compagnies de gendarmerie ont \u00e9t\u00e9 d\u00e9p\u00each\u00e9es sur place. Elles proc\u00e8dent \u00e0 des contr\u00f4les.   Ouest-France <\/p>\n<p>Toutefois des \u00e9lus font part de leurs inqui\u00e9tudes. <strong>\u00ab\u00a0Environ 2\u00a0000\u00a0participants pourraient investir le champ\u00a0\u00bb,<\/strong> souligne Philippe Renaud, deuxi\u00e8me adjoint au maire et responsable de la s\u00e9curit\u00e9 dans la commune. De son c\u00f4t\u00e9, une autre \u00e9lue s\u2019agace\u00a0: <strong>\u00ab\u00a0Ce n\u2019est pas tant le probl\u00e8me du bruit mais plut\u00f4t celui du risque d\u2019incendie.\u00a0\u00bb<\/strong> En effet, la parcelle agricole, situ\u00e9e en lisi\u00e8re de for\u00eat est particuli\u00e8rement expos\u00e9e aux risques d\u2019incendie, surtout par temps lourd et sec comme ce week-end. Malgr\u00e9 les inqui\u00e9tudes des riverains, les organisateurs de la f\u00eate assurent qu\u2019ils rendront le terrain \u00ab\u00a0impeccable\u00a0\u00bb.<\/p>\n<p>\t<img decoding=\"async\" src=\"https:\/\/www.europesays.com\/fr\/wp-content\/uploads\/2025\/08\/P35408932D6937067G_px_640_.jpg\" alt=\"photo les teufeurs ont pris le quartier dans un pr\u00e9 dans le hameau de saint-marcellin, dans la commune de bains-sur-oust, pr\u00e8s de redon.  \u00a9  ouest-france\" width=\"640\" title=\" Les teufeurs ont pris le quartier dans un pr\u00e9 dans le hameau de Saint-Marcellin, dans la commune de Bains-sur-Oust, pr\u00e8s de Redon.   Ouest-France \"\/><\/p>\n<p class=\"elmt-legende\"> Les teufeurs ont pris le quartier dans un pr\u00e9 dans le hameau de Saint-Marcellin, dans la commune de Bains-sur-Oust, pr\u00e8s de Redon.   Ouest-France <\/p>\n<p>Les raves-parties interdites<\/p>\n<p>Pour rappel, <a href=\"https:\/\/saint-malo.maville.com\/actu\/actudet_-les-rave-parties-non-declarees-sont-interdites-durant-le-mois-d-aout-en-ille-et-vilaine-_7-6920221_actu.Htm\" target=\"_blank\" rel=\"noopener\">le pr\u00e9fet d\u2019Ille-et-Vilaine a pris un arr\u00eat\u00e9, fin juillet<\/a>, interdisant les raves-parties non d\u00e9clar\u00e9es jusqu\u2019au 1er\u00a0septembre, dans le d\u00e9partement. Tout rassemblement sera sanctionn\u00e9, tout comme le transport de mat\u00e9riel susceptible d\u2019\u00eatre utilis\u00e9 (enceintes, groupes \u00e9lectrog\u00e8nes,\u00a0etc.). En cas d\u2019infraction, le mat\u00e9riel pourra \u00eatre saisi pour une dur\u00e9e maximale de 6\u00a0mois, en vue de sa confiscation par le tribunal.<\/p>\n<p>\u00a0<\/p>\n","protected":false},"excerpt":{"rendered":"Commenc\u00e9e dans la nuit du vendredi\u00a015 au samedi 16\u00a0ao\u00fbt 2025, une rave-party est en cours dans la commune&hellip;\n","protected":false},"author":2,"featured_media":326951,"comment_status":"","ping_status":"","sticky":false,"template":"","format":"standard","meta":{"footnotes":""},"categories":[2821],"tags":[5742,6541,1111,11,829,703,1777,674,1011,27,848,2867,12,3744,24425,7746,584,25],"class_list":{"0":"post-326950","1":"post","2":"type-post","3":"status-publish","4":"format-standard","5":"has-post-thumbnail","7":"category-rennes","8":"tag-5742","9":"tag-6541","10":"tag-actu","11":"tag-actualites","12":"tag-bretagne","13":"tag-cours","14":"tag-eu","15":"tag-europe","16":"tag-fr","17":"tag-france","18":"tag-ille-et-vilaine","19":"tag-jusqu","20":"tag-news","21":"tag-personnes","22":"tag-rassembler","23":"tag-rave-party","24":"tag-rennes","25":"tag-republique-francaise"},"share_on_mastodon":{"url":"https:\/\/pubeurope.com\/@fr\/115049528692683961","error":""},"_links":{"self":[{"href":"https:\/\/www.europesays.com\/fr\/wp-json\/wp\/v2\/posts\/326950","targetHints":{"allow":["GET"]}}],"collection":[{"href":"https:\/\/www.europesays.com\/fr\/wp-json\/wp\/v2\/posts"}],"about":[{"href":"https:\/\/www.europesays.com\/fr\/wp-json\/wp\/v2\/types\/post"}],"author":[{"embeddable":true,"href":"https:\/\/www.europesays.com\/fr\/wp-json\/wp\/v2\/users\/2"}],"replies":[{"embeddable":true,"href":"https:\/\/www.europesays.com\/fr\/wp-json\/wp\/v2\/comments?post=326950"}],"version-history":[{"count":0,"href":"https:\/\/www.europesays.com\/fr\/wp-json\/wp\/v2\/posts\/326950\/revisions"}],"wp:featuredmedia":[{"embeddable":true,"href":"https:\/\/www.europesays.com\/fr\/wp-json\/wp\/v2\/media\/326951"}],"wp:attachment":[{"href":"https:\/\/www.europesays.com\/fr\/wp-json\/wp\/v2\/media?parent=326950"}],"wp:term":[{"taxonomy":"category","embeddable":true,"href":"https:\/\/www.europesays.com\/fr\/wp-json\/wp\/v2\/categories?post=326950"},{"taxonomy":"post_tag","embeddable":true,"href":"https:\/\/www.europesays.com\/fr\/wp-json\/wp\/v2\/tags?post=326950"}],"curies":[{"name":"wp","href":"https:\/\/api.w.org\/{rel}","templated":true}]}}