{"id":326958,"date":"2025-08-18T11:30:13","date_gmt":"2025-08-18T11:30:13","guid":{"rendered":"https:\/\/www.europesays.com\/fr\/326958\/"},"modified":"2025-08-18T11:30:13","modified_gmt":"2025-08-18T11:30:13","slug":"trompe-loeil-a-nice-quand-lillusion-devient-patrimoine-vivant","status":"publish","type":"post","link":"https:\/\/www.europesays.com\/fr\/326958\/","title":{"rendered":"Trompe-l\u2019\u0153il \u00e0 Nice: quand l\u2019illusion devient patrimoine vivant"},"content":{"rendered":"<p data-start=\"81\" data-end=\"878\"><strong data-start=\"81\" data-end=\"125\">Un art pictural ancestral et red\u00e9couvert<\/strong><\/p>\n<p>              <img ci-src=\"https:\/\/www.nicematin.com\/vie-locale\/Image+NIC17Q815_JM_FENETRES+TROMPE+L%27OEIL-HY5QIkot.jpg?vh=61a4fd&amp;ci_seal=293f0aa46f\" alt=\"\"\/><br \/>\n        En s&rsquo;appuyant sur des images du XIXe, une vingtaine fresquistes ont pu redonner vie aux trompe-l&rsquo;\u0153il recouvrant les 4 fa\u00e7ades de la place Garibaldi <strong>Photo Justine Meddah.<\/strong> <\/p>\n<p data-start=\"81\" data-end=\"878\">Ils passent inaper\u00e7us tant ils sont r\u00e9alistes. \u00c0 Nice, les trompe-l\u2019\u0153il constituent un v\u00e9ritable art pictural &#8211; datant au moins du XVIIIe si\u00e8cle &#8211; red\u00e9couvert dans les ann\u00e9es 80 lors de la restauration du patrimoine local. Vraies fen\u00eatres ou simple illusion?<\/p>\n<p data-start=\"81\" data-end=\"878\">On se pose la question place Garibaldi, r\u00e9habilit\u00e9e en 2012 \u00e0 travers 6.500 m\u00b2 de trompe-l\u2019\u0153il recouvrant les quatre fa\u00e7ades de l\u2019esplanade embl\u00e9matique, qui fut jadis la place Royale. Ces d\u00e9cors avaient disparu au cours de diff\u00e9rents ravalements.<\/p>\n<p data-start=\"81\" data-end=\"878\">Pour requalifier le site, une vingtaine de fresquistes ont travaill\u00e9 sur le projet pharaonique, s\u2019appuyant sur des images datant du XIXe si\u00e8cle et pris en charge par la Ville \u00e0 hauteur de 1,4 million d\u2019euros. L\u2019effet d\u2019optique est saisissant.<\/p>\n<p data-start=\"81\" data-end=\"878\"><strong data-start=\"885\" data-end=\"932\">Le Vieux Nice, m\u00e9moire des fen\u00eatres peintes<\/strong><\/p>\n<p>              <img ci-src=\"https:\/\/www.nicematin.com\/vie-locale\/Image+NIC17Q802_JM_FENETRES+TROMPE+L%27OEIL-Kjn2FcBk.jpg?vh=6919a0&amp;ci_seal=b0ab5fd19b\" alt=\"\"\/><br \/>\n        Le g\u00e9nie du peintre restaurateur fresquiste laurentin Guy Ceppa op\u00e8re sur les fa\u00e7ade de la rue de de la Boucherie dans le Vieux Nice avec ses fen\u00eatres factice plus vraies que nature. <strong>Photo Justine Meddah.<\/strong> <\/p>\n<p data-start=\"885\" data-end=\"1427\">Dans le Vieux Nice, ci-dessus, rue de la Boucherie, les trompe-l\u2019\u0153il racontent une histoire. Jadis, on cr\u00e9ait de vraies fen\u00eatres sur la fa\u00e7ade principale, mais on en peignait de fausses sur les c\u00f4t\u00e9s, car leurs ouvertures co\u00fbtaient cher et parfois, le mat\u00e9riau faisait d\u00e9faut.<\/p>\n<p data-start=\"885\" data-end=\"1427\">Au c\u0153ur de la cit\u00e9 historique, le peintre restaurateur fresquiste laurentin Guy Ceppa, d\u00e9c\u00e9d\u00e9 en 2020, a rafra\u00eechi bien des d\u00e9cors et des fen\u00eatres factices avec son g\u00e9nie, ses m\u00e9langes secrets et son sens du relief.<\/p>\n<p data-start=\"885\" data-end=\"1427\"><strong data-start=\"1434\" data-end=\"1484\">Un mur m\u00e9tamorphos\u00e9 par le talent d\u2019Ad Afresco<\/strong><\/p>\n<p>              <img ci-src=\"https:\/\/www.nicematin.com\/vie-locale\/Image+NIC17Q800_JM_FENETRES+TROMPE+L%27OEIL-ANbieGYO.jpg?vh=c689dc&amp;ci_seal=23899c56f9\" alt=\"\"\/><br \/>\n        Toutes les fen\u00eatres sont fausses sur ce b\u00e2timent qui jouxte le parking Sulzer sur le Quai des \u00c9tats-Unis. <strong>Photo Justine Meddah.<\/strong> <\/p>\n<p data-start=\"885\" data-end=\"1427\">Tout est faux sur le mur situ\u00e9 au-dessus du parking Sulzer, 99, quai des \u00c9tats-Unis! Tout, sauf le talent de l\u2019\u00e9quipe qui a revisit\u00e9 cet immense mur aveugle d\u2019un immeuble construit en 1843. Pierre Testud de l\u2019entreprise Ad Afresco est le chef du projet, concr\u00e9tis\u00e9 par cinq fresquistes f\u00e9minines compl\u00e9mentaires, dirig\u00e9es par Gwendoline Bascio.<\/p>\n<p data-start=\"885\" data-end=\"1427\">Ce sont elles qui ont peint 42 fen\u00eatres et 7 soupiraux au rez-de-chauss\u00e9e, qui ont r\u00e9alis\u00e9 bossages, appareillage de pierre, balcons orn\u00e9s de ferronneries diff\u00e9rentes. Le tout en utilisant mat\u00e9riaux et techniques r\u00e9sistant aux embruns, au soleil qui tape, au vent d\u2019Ouest. Un d\u00e9cor feint pour une performance vraie.<\/p>\n<p data-start=\"885\" data-end=\"1427\"><strong data-start=\"2155\" data-end=\"2215\">L\u2019autoportrait discret de Guy Ceppa, hommage \u00e0 un ma\u00eetre<\/strong><\/p>\n<p data-start=\"885\" data-end=\"1427\">Quai des \u00c9tats-Unis, Guy Ceppa s\u2019\u00e9tait repr\u00e9sent\u00e9 de dos, sur son \u00e9chelle, peignant un palmier. R\u00e9alis\u00e9e dans les ann\u00e9es 80, l\u2019\u0153uvre avait \u00e9t\u00e9 per\u00e7ue comme un \u00e9v\u00e9nement, une innovation in\u00e9dite.<\/p>\n<p data-start=\"885\" data-end=\"1427\">C\u2019est ce personnage c\u00f4t\u00e9 verso, qui a touch\u00e9 notre photographe Justine Meddah, dont le grand-p\u00e8re Yves, artisan peintre, r\u00e9nove lui aussi des murs: \u00ab\u00a0Cet autoportrait m\u2019a fait penser \u00e0 mon papy lorsqu\u2019il est sur un chantier de restauration d\u2019\u00e9glise ou d\u2019autres fresques&#8230;\u00a0\u00bb<\/p>\n<p data-start=\"885\" data-end=\"1427\"><strong data-start=\"2694\" data-end=\"2756\">Le palais Corvesy, illusion architecturale grandeur nature<\/strong><\/p>\n<p>              <img ci-src=\"https:\/\/www.nicematin.com\/vie-locale\/Image+NIC17Q819_JM_FENETRES+TROMPE+L%27OEIL-8rx8KWtr.jpg?vh=7368b6&amp;ci_seal=aef055a733\" alt=\"\"\/><br \/>\n        Hormis les fen\u00eatres, tout le palais Corvesy est recouvert de trompe-l\u2019\u0153il. <strong>Photo Justine Meddah.<\/strong> <\/p>\n<p>Seules les vitres sont r\u00e9elles. Le palais Corvesy, situ\u00e9 rue Raoul Bosio, construit au XVIIIe si\u00e8cle, est enti\u00e8rement couvert de trompe-l\u2019\u0153il.<\/p>\n<p>Le b\u00e2timent, rachet\u00e9 par la Ville en 1937, fut transform\u00e9 en mairie annexe et restaur\u00e9 en 2010, restituant le d\u00e9cor d\u2019architecture dans le style de celui d\u2019origine. L\u00e0 encore, le r\u00e9alisme est bluffant.<\/p>\n","protected":false},"excerpt":{"rendered":"Un art pictural ancestral et red\u00e9couvert En s&rsquo;appuyant sur des images du XIXe, une vingtaine fresquistes ont pu&hellip;\n","protected":false},"author":2,"featured_media":326959,"comment_status":"","ping_status":"","sticky":false,"template":"","format":"standard","meta":{"footnotes":""},"categories":[2819],"tags":[1111,11,1777,674,1011,27,12,2401,882,25,3366],"class_list":{"0":"post-326958","1":"post","2":"type-post","3":"status-publish","4":"format-standard","5":"has-post-thumbnail","7":"category-nice","8":"tag-actu","9":"tag-actualites","10":"tag-eu","11":"tag-europe","12":"tag-fr","13":"tag-france","14":"tag-news","15":"tag-nice","16":"tag-provence-alpes-cote-dazur","17":"tag-republique-francaise","18":"tag-vie-locale"},"share_on_mastodon":{"url":"https:\/\/pubeurope.com\/@fr\/115049544086295084","error":""},"_links":{"self":[{"href":"https:\/\/www.europesays.com\/fr\/wp-json\/wp\/v2\/posts\/326958","targetHints":{"allow":["GET"]}}],"collection":[{"href":"https:\/\/www.europesays.com\/fr\/wp-json\/wp\/v2\/posts"}],"about":[{"href":"https:\/\/www.europesays.com\/fr\/wp-json\/wp\/v2\/types\/post"}],"author":[{"embeddable":true,"href":"https:\/\/www.europesays.com\/fr\/wp-json\/wp\/v2\/users\/2"}],"replies":[{"embeddable":true,"href":"https:\/\/www.europesays.com\/fr\/wp-json\/wp\/v2\/comments?post=326958"}],"version-history":[{"count":0,"href":"https:\/\/www.europesays.com\/fr\/wp-json\/wp\/v2\/posts\/326958\/revisions"}],"wp:featuredmedia":[{"embeddable":true,"href":"https:\/\/www.europesays.com\/fr\/wp-json\/wp\/v2\/media\/326959"}],"wp:attachment":[{"href":"https:\/\/www.europesays.com\/fr\/wp-json\/wp\/v2\/media?parent=326958"}],"wp:term":[{"taxonomy":"category","embeddable":true,"href":"https:\/\/www.europesays.com\/fr\/wp-json\/wp\/v2\/categories?post=326958"},{"taxonomy":"post_tag","embeddable":true,"href":"https:\/\/www.europesays.com\/fr\/wp-json\/wp\/v2\/tags?post=326958"}],"curies":[{"name":"wp","href":"https:\/\/api.w.org\/{rel}","templated":true}]}}