{"id":326960,"date":"2025-08-18T11:31:17","date_gmt":"2025-08-18T11:31:17","guid":{"rendered":"https:\/\/www.europesays.com\/fr\/326960\/"},"modified":"2025-08-18T11:31:17","modified_gmt":"2025-08-18T11:31:17","slug":"6-me-pour-un-buteur-de-ligue-1-loffre-de-nice-refusee","status":"publish","type":"post","link":"https:\/\/www.europesays.com\/fr\/326960\/","title":{"rendered":"6 ME pour un buteur de Ligue 1, l&rsquo;offre de Nice refus\u00e9e"},"content":{"rendered":"<p>              <img decoding=\"async\" src=\"https:\/\/www.europesays.com\/fr\/wp-content\/uploads\/2025\/08\/nice-envoie-6-me-sur-un-buteur-de-ligue-1-iconsport_266364_0080-397412.jpg\" alt=\"6 ME pour un buteur de Ligue 1, l'offre de Nice refus\u00e9e\"\/> <\/p>\n<p class=\"credit\">Icon Sport<\/p>\n<p class=\"the_post_info\">\n            Publi\u00e9 Lundi 18 Ao\u00fbt 2025 \u00e0 10:20  Dans\u00a0: <a href=\"https:\/\/www.foot01.com\/equipe\/nice\/\" rel=\"nofollow noopener\" target=\"_blank\">OGC Nice<\/a>.<br \/>Par <a href=\"https:\/\/www.foot01.com\/author\/20\/\" rel=\"nofollow noopener\" target=\"_blank\">Corentin Facy<\/a>\n          <\/p>\n<p class=\"p1\"><strong>A la recherche d\u2019un buteur pour compenser le d\u00e9part de Ga\u00ebtan Laborde en Arabie Saoudite et celui d\u2019Evann Guessand \u00e0 Aston Villa, l\u2019OGC Nice a jet\u00e9 son d\u00e9volu sur Lassine Sinayoko.<\/strong><\/p>\n<p class=\"p1\">Le d\u00e9but de saison est tr\u00e8s compliqu\u00e9 pour <a href=\"https:\/\/www.foot01.com\/equipe\/nice\/\" rel=\"nofollow noopener\" target=\"_blank\">l\u2019OGC Nice<\/a>. Surclass\u00e9 par Benfica lors du troisi\u00e8me tour pr\u00e9liminaire de la Ligue des Champions, le club azur\u00e9en a d\u00e9marr\u00e9 la Ligue 1 par une d\u00e9faite \u00e0 domicile contre Toulouse samedi soir (0-1). Une entame catastrophique qui s\u2019ajoute \u00e0 un mercato d\u00e9licat avec les d\u00e9parts de cadres dans le secteur offensifs \u00e0 l\u2019instar de Ga\u00ebtan Laborde ou encore Evann Guessand. Malgr\u00e9 des moyens financiers r\u00e9duits au strict minimum en raison de la volont\u00e9 d\u2019Ineos de se s\u00e9parer de l\u2019OGC Nice, l\u2019objectif est de se renforcer en attaque d\u2019ici au 31 ao\u00fbt. Selon les informations de L\u2019Equipe, la priorit\u00e9 de l\u2019\u00e9tat-major ni\u00e7ois n\u2019est autre que Lassine Sinayoko, avant-centre malien de 25 ans de l\u2019AJ Auxerre.<\/p>\n<blockquote class=\"twitter-tweet\"><p>&#13;<\/p>\n<p lang=\"fr\" dir=\"ltr\">Auxerre refuse une premi\u00e8re offre de Nice pour Lassine Sinayoko<\/p>\n<p>\u27a1\ufe0f <a href=\"https:\/\/t.co\/TX1YlFpffq\" rel=\"nofollow\">https:\/\/t.co\/TX1YlFpffq<\/a> <a href=\"https:\/\/t.co\/kX75iqfYTO\" rel=\"nofollow\">pic.twitter.com\/kX75iqfYTO<\/a><\/p>\n<p>&#13;<br \/>\n\u2014 L&rsquo;\u00c9quipe (@lequipe) <a href=\"https:\/\/twitter.com\/lequipe\/status\/1957184937116717216?ref_src=twsrc%5Etfw\" rel=\"nofollow noopener\" target=\"_blank\">August 17, 2025<\/a><\/p><\/blockquote>\n<p class=\"p1\">Le quotidien national nous apprend que Nice a transmis une offre \u00e0 hauteur de 6 millions d\u2019euros pour s\u2019offrir le joueur de l\u2019AJA, buteur contre Lorient dimanche apr\u00e8s-midi. Mais le club bourguignon n\u2019a pas l\u2019intention de laisser filer l\u2019un de ses meilleurs atouts offensifs et a refus\u00e9 cette premi\u00e8re offre de l\u2019OGC Nice. Le dossier n\u2019est pas termin\u00e9 pour autant car le Gym a l\u2019intention de revenir \u00e0 la charge et pourrait revoir sa proposition \u00e0 la hausse dans le but de faire craquer l\u2019\u00e9quipe de Christophe Pelissier. Ironie du sort, les deux clubs se retrouveront le week-end prochain lors de la 2e journ\u00e9e de Ligue 1. A n\u2019en pas douter, Lassine Sinayoko jouera. Reste \u00e0 voir pour quelle \u00e9quipe.<\/p>\n<p>\u00a0<\/p>\n<p>      <script async src=\"https:\/\/platform.twitter.com\/widgets.js\" charset=\"utf-8\"><\/script><\/p>\n","protected":false},"excerpt":{"rendered":"Icon Sport Publi\u00e9 Lundi 18 Ao\u00fbt 2025 \u00e0 10:20 Dans\u00a0: OGC Nice.Par Corentin Facy A la recherche d\u2019un&hellip;\n","protected":false},"author":2,"featured_media":326961,"comment_status":"","ping_status":"","sticky":false,"template":"","format":"standard","meta":{"footnotes":""},"categories":[2819],"tags":[1111,11,1777,674,1011,27,12,2401,882,25],"class_list":{"0":"post-326960","1":"post","2":"type-post","3":"status-publish","4":"format-standard","5":"has-post-thumbnail","7":"category-nice","8":"tag-actu","9":"tag-actualites","10":"tag-eu","11":"tag-europe","12":"tag-fr","13":"tag-france","14":"tag-news","15":"tag-nice","16":"tag-provence-alpes-cote-dazur","17":"tag-republique-francaise"},"share_on_mastodon":{"url":"https:\/\/pubeurope.com\/@fr\/115049547939412223","error":""},"_links":{"self":[{"href":"https:\/\/www.europesays.com\/fr\/wp-json\/wp\/v2\/posts\/326960","targetHints":{"allow":["GET"]}}],"collection":[{"href":"https:\/\/www.europesays.com\/fr\/wp-json\/wp\/v2\/posts"}],"about":[{"href":"https:\/\/www.europesays.com\/fr\/wp-json\/wp\/v2\/types\/post"}],"author":[{"embeddable":true,"href":"https:\/\/www.europesays.com\/fr\/wp-json\/wp\/v2\/users\/2"}],"replies":[{"embeddable":true,"href":"https:\/\/www.europesays.com\/fr\/wp-json\/wp\/v2\/comments?post=326960"}],"version-history":[{"count":0,"href":"https:\/\/www.europesays.com\/fr\/wp-json\/wp\/v2\/posts\/326960\/revisions"}],"wp:featuredmedia":[{"embeddable":true,"href":"https:\/\/www.europesays.com\/fr\/wp-json\/wp\/v2\/media\/326961"}],"wp:attachment":[{"href":"https:\/\/www.europesays.com\/fr\/wp-json\/wp\/v2\/media?parent=326960"}],"wp:term":[{"taxonomy":"category","embeddable":true,"href":"https:\/\/www.europesays.com\/fr\/wp-json\/wp\/v2\/categories?post=326960"},{"taxonomy":"post_tag","embeddable":true,"href":"https:\/\/www.europesays.com\/fr\/wp-json\/wp\/v2\/tags?post=326960"}],"curies":[{"name":"wp","href":"https:\/\/api.w.org\/{rel}","templated":true}]}}