{"id":326966,"date":"2025-08-18T11:35:10","date_gmt":"2025-08-18T11:35:10","guid":{"rendered":"https:\/\/www.europesays.com\/fr\/326966\/"},"modified":"2025-08-18T11:35:10","modified_gmt":"2025-08-18T11:35:10","slug":"john-williams-et-les-girondins-de-bordeaux-au-coeur-dune-polemique","status":"publish","type":"post","link":"https:\/\/www.europesays.com\/fr\/326966\/","title":{"rendered":"John Williams et les Girondins de Bordeaux au c\u0153ur d&rsquo;une pol\u00e9mique !"},"content":{"rendered":"<p>Mis de c\u00f4t\u00e9 par Bruno Irl\u00e8s, \u00c9tienne Beugr\u00e9 est toujours bloqu\u00e9 en C\u00f4te d\u2019Ivoire alors que Bordeaux a repris le championnat ce week-end. L\u2019attaquant accuse d\u00e9sormais John Williams, directeur sportif des Girondins, d\u2019emp\u00eacher son retour au club.<\/p>\n<p>\u00c9tienne Beugre accuse John Williams de bloquer son retour \u00e0 Bordeaux<\/p>\n<p>Plus gros salaire bordelais (10 000 \u20ac\/mois), <strong>\u00c9tienne Beugr\u00e9<\/strong> n\u2019a pas encore fait son retour en France et a d\u00fb suivre la reprise de son \u00e9quipe \u00e0 distance. \u00c9cart\u00e9 des plans de <strong>Bruno Irl\u00e8s<\/strong> pour cette saison, l\u2019attaquant de 24 ans a regard\u00e9 depuis son pays natal le match entre le FCBG et Avranches. <strong>Toujours dans l\u2019attente de son visa de travail<\/strong>, il affirme que <strong>John Williams<\/strong> refuse d\u2019envoyer les documents n\u00e9cessaires \u00e0 la r\u00e9gularisation de sa situation.<\/p>\n<p><strong>\u00c0 lire aussi &gt;&gt;<\/strong> <a href=\"https:\/\/le11hdf.fr\/amiens-sc-mercato-leautey-angleterre-attaquant-approche\/\" rel=\"nofollow noopener\" target=\"_blank\">Amiens SC mercato : Antoine Leautey vers l\u2019Angleterre, un attaquant en approche<\/a><\/p>\n<p>Une situation obligeant le joueur \u00e0 faire un communiqu\u00e9 sur Instagram apr\u00e8s la rencontre pour expliquer sa situation : \u00ab Pr\u00eat \u00e0 aider mes co\u00e9quipiers ! <strong>J\u2019attends depuis 40 jours que le directeur John Williams m\u2019envoie les documents n\u00e9cessaires pour mon visa de travail \u00e0 l\u2019ambassade de France \u00e0 Abidjan<\/strong> ! Je sais que je peux aider l\u2019\u00e9quipe et que je suis pay\u00e9 pour \u00e7a ! Loin des yeux pr\u00e8s du c\u0153ur. \u00bb Une d\u00e9claration qui ajoute de la tension dans un contexte d\u00e9j\u00e0 compliqu\u00e9. Engag\u00e9 en National 2, le club girondin doit absolument viser la mont\u00e9e en fin de saison pour assurer sa survie.<\/p>\n<p>Quentin PROVOST<\/p>\n<p>Cr\u00e9dits photo : Dave Winter\/<a href=\"http:\/\/Dave Winter\/Icon Sport\" rel=\"nofollow\">Icon Sport<\/a><\/p>\n","protected":false},"excerpt":{"rendered":"Mis de c\u00f4t\u00e9 par Bruno Irl\u00e8s, \u00c9tienne Beugr\u00e9 est toujours bloqu\u00e9 en C\u00f4te d\u2019Ivoire alors que Bordeaux a&hellip;\n","protected":false},"author":2,"featured_media":326967,"comment_status":"","ping_status":"","sticky":false,"template":"","format":"standard","meta":{"footnotes":""},"categories":[2817],"tags":[1111,11,1997,1777,674,1011,27,12,2219,25],"class_list":{"0":"post-326966","1":"post","2":"type-post","3":"status-publish","4":"format-standard","5":"has-post-thumbnail","7":"category-bordeaux","8":"tag-actu","9":"tag-actualites","10":"tag-bordeaux","11":"tag-eu","12":"tag-europe","13":"tag-fr","14":"tag-france","15":"tag-news","16":"tag-nouvelle-aquitaine","17":"tag-republique-francaise"},"share_on_mastodon":{"url":"https:\/\/pubeurope.com\/@fr\/115049563675607231","error":""},"_links":{"self":[{"href":"https:\/\/www.europesays.com\/fr\/wp-json\/wp\/v2\/posts\/326966","targetHints":{"allow":["GET"]}}],"collection":[{"href":"https:\/\/www.europesays.com\/fr\/wp-json\/wp\/v2\/posts"}],"about":[{"href":"https:\/\/www.europesays.com\/fr\/wp-json\/wp\/v2\/types\/post"}],"author":[{"embeddable":true,"href":"https:\/\/www.europesays.com\/fr\/wp-json\/wp\/v2\/users\/2"}],"replies":[{"embeddable":true,"href":"https:\/\/www.europesays.com\/fr\/wp-json\/wp\/v2\/comments?post=326966"}],"version-history":[{"count":0,"href":"https:\/\/www.europesays.com\/fr\/wp-json\/wp\/v2\/posts\/326966\/revisions"}],"wp:featuredmedia":[{"embeddable":true,"href":"https:\/\/www.europesays.com\/fr\/wp-json\/wp\/v2\/media\/326967"}],"wp:attachment":[{"href":"https:\/\/www.europesays.com\/fr\/wp-json\/wp\/v2\/media?parent=326966"}],"wp:term":[{"taxonomy":"category","embeddable":true,"href":"https:\/\/www.europesays.com\/fr\/wp-json\/wp\/v2\/categories?post=326966"},{"taxonomy":"post_tag","embeddable":true,"href":"https:\/\/www.europesays.com\/fr\/wp-json\/wp\/v2\/tags?post=326966"}],"curies":[{"name":"wp","href":"https:\/\/api.w.org\/{rel}","templated":true}]}}