{"id":326970,"date":"2025-08-18T11:37:17","date_gmt":"2025-08-18T11:37:17","guid":{"rendered":"https:\/\/www.europesays.com\/fr\/326970\/"},"modified":"2025-08-18T11:37:17","modified_gmt":"2025-08-18T11:37:17","slug":"voici-ce-qui-va-y-etre-reconstruit","status":"publish","type":"post","link":"https:\/\/www.europesays.com\/fr\/326970\/","title":{"rendered":"voici ce qui va y \u00eatre reconstruit"},"content":{"rendered":"<p>            Par<br \/>\n        <strong><br \/>\n            <a href=\"https:\/\/actu.fr\/auteur\/nina-hossein-zadeh\" title=\"Consulter tous les articles de Nina Hossein-Zadeh\" target=\"_blank\" rel=\"noopener\">Nina Hossein-Zadeh<\/a><br \/>\n        <\/strong><\/p>\n<p>        Publi\u00e9 le<\/p>\n<p>            18 ao\u00fbt 2025 \u00e0 12h37        <\/p>\n<p>\u00c9viter que le foncier reste \u00ab\u2009vide et moche\u2009\u00bb. C\u2019est ce que pr\u00e9voit le maire du quartier de <a href=\"https:\/\/actu.fr\/occitanie\/toulouse_31555\/jeune-homme-tue-par-balle-a-toulouse-on-en-sait-plus-sur-ce-drame-et-sur-la-victime_62923172.html\" target=\"_blank\" rel=\"noopener\">Bellefontaine<\/a> \u00e0 <a href=\"https:\/\/actu.fr\/toulouse\/\" target=\"_blank\" rel=\"noopener\"><strong>Toulouse<\/strong><\/a> alors qu\u2019un projet de r\u00e9am\u00e9nagement au sud-est est pr\u00e9vu pour 2030. En effet, <strong>la Cit\u00e9-Jardin devrait prendre racine d\u2019ici cinq ans<\/strong> pour offrir de nouveaux logements et d\u00e9senclaver le quartier\u2026 Un nouveau secteur r\u00e9sidentiel qui prend place au niveau de l\u2019ancien coll\u00e8ge de Bellefontaine. <strong>En cours de d\u00e9molition pendant l\u2019\u00e9t\u00e9<\/strong>, il ne restera pas en friche urbaine avant les travaux.<\/p>\n<p>\u00ab\u2009Le temps de la fabrique de la ville prend de plus en plus de temps\u2009\u00bb<\/p>\n<p class=\" wall-content\">Sur le calendrier des \u00e9tapes du chantier de la Cit\u00e9-Jardin, les premi\u00e8res mesures consistent en<strong> la d\u00e9molition de l\u2019ancien coll\u00e8ge de Bellefontaine<\/strong>, situ\u00e9 au 4 chemin Francisco de Goya et \u00e0<strong> la d\u00e9molition du b\u00e2timent Goya<\/strong> qui jouxte l\u2019\u00e9tablissement du secondaire.<\/p>\n<p class=\" wall-content\">Ces travaux vont se faire au cours de l\u2019\u00e9t\u00e9 et d\u2019ici la rentr\u00e9e de septembre\u00a02025, il ne devrait rien rester de ces infrastructures. \u00ab\u2009Le temps de la fabrique de la ville prend de plus en plus de temps\u2009\u00bb, pr\u00e9cise le maire de quartier, <strong>Ga\u00ebtan Cognard<\/strong>.<\/p>\n<p class=\" wall-content\">En effet, d\u00e9sormais la r\u00e9glementation n\u00e9cessite des nombreuses v\u00e9rifications, et la Ville tient \u00e0 prendre \u00ab\u2009l\u2019avis des habitants en consid\u00e9ration\u2009\u00bb avant de se lancer.<\/p>\n<p>    <img   decoding=\"async\" loading=\"lazy\" src=\"https:\/\/www.europesays.com\/fr\/wp-content\/uploads\/2025\/08\/batiment-goya-bellefontaine-960x640.jpg\" alt=\"Le b\u00e2timent Goya va \u00e9galement \u00eatre d\u00e9truit. \" width=\"960\" height=\"640\"\/><br \/>\n    Le b\u00e2timent Goya va \u00e9galement \u00eatre d\u00e9truit. (\u00a9Nina Hossein-Zadeh \/ Actu Toulouse)Jardin participatif et espace loisir<\/p>\n<p class=\" wall-content\">Si la Cit\u00e9-Jardin est un projet valid\u00e9, il ne verra pas le jour de sit\u00f4t. Alors pour \u00e9viter que le terrain de l\u2019ancien coll\u00e8ge de Bellefontaine reste en friche urbaine,<strong> le domaine foncier accueillera un jardin participatif le temps que les travaux de construction d\u00e9marrent.<\/strong><\/p>\n<p class=\" wall-content\">\u00ab\u2009Il y aura \u00e9galement des espaces de jeu inaugur\u00e9s en septembre\u2009\u00bb, d\u00e9taille le maire, avec une table de ping-pong, un espace skate park ou encore baseball.<\/p>\n<p class=\" wall-content\">Cet espace v\u00e9g\u00e9talis\u00e9 \u00e0 un double objectif, dit-il\u2009:<\/p>\n<p>Votre r\u00e9gion, votre actu !<\/p>\n<p>Recevez chaque jour les infos qui comptent pour vous.<\/p>\n<p>\t<a href=\"https:\/\/actu.fr\/newsletter\" class=\"ac-btn ac-btn--corner ac-btn--medium ac-btn--blue800\" target=\"_blank\" rel=\"noopener\">S&rsquo;incrire<\/a><\/p>\n<blockquote class=\"ac-article-quote wall-content\">\n<p>Le premier sera de faire de l\u2019\u00e9ducation et de la sensibilisation. Mais c\u2019est aussi un terrain d\u2019un hectare et demi o\u00f9 l\u2019on va planter des v\u00e9g\u00e9taux qui amendent afin de r\u00e9g\u00e9n\u00e9rer le sol. Pendant plusieurs ann\u00e9es, c\u2019\u00e9tait un coll\u00e8ge et la terre n\u2019est plus aussi riche.<\/p>\n<p>    <strong>Ga\u00ebtan Cognard<\/strong><br \/>\n        Maire du quartier Bellefontaine    <\/p><\/blockquote>\n<p>    <img   decoding=\"async\" loading=\"lazy\" src=\"https:\/\/www.europesays.com\/fr\/wp-content\/uploads\/2025\/08\/capture-decran-2025-08-07-121754-960x640.png\" alt=\"Le jardin participatif et temporaire avant la construction de la Cit\u00e9-Jardin.\" width=\"960\" height=\"640\"\/><br \/>\n    Le jardin participatif et temporaire avant la construction de la Cit\u00e9-Jardin. (\u00a9Toulouse M\u00e9tropole)Des arbres en devenir<\/p>\n<p class=\" wall-content\">Dans le d\u00e9tail, cet espace sera cl\u00f4tur\u00e9 et s\u00e9curis\u00e9. Les habitants pourront y acc\u00e9der via trois ouvertures r\u00e9gul\u00e9es. <strong>Un potager temporaire prendra racine afin que les habitants puissent cultiver des fruits et l\u00e9gumes \u00e0 r\u00e9colter et \u00e0 manger<\/strong>.<\/p>\n<p class=\" wall-content\">Une p\u00e9pini\u00e8re sera \u00e9galement implant\u00e9e sur le terrain de l\u2019ancien coll\u00e8ge de Bellefontaine. Elle accueillera \u00ab<strong>\u2009les arbres qui seront dans un second temps plant\u00e9s dans l\u2019am\u00e9nagement d\u00e9finitif<\/strong> de la Cit\u00e9-Jardin. Cette p\u00e9pini\u00e8re permet de \u2018pr\u00e9parer\u2019 les arbrisseaux au sol du terrain et d\u2019assurer leur bonne reprise dans les futurs espaces publics\u2009\u00bb.<\/p>\n<p class=\" wall-content\">Les habitants, notamment les enfants aux \u00e9coles voisines, participeront \u00e0 l\u2019entretien, ainsi qu\u2019\u00e0 des ateliers vari\u00e9s de d\u00e9couverte.<\/p>\n<p class=\" wall-content\">Personnalisez votre actualit\u00e9 en ajoutant vos villes et m\u00e9dias en favori avec <a href=\"https:\/\/moncompte.actu.fr\" title=\"D\u00e9couvez Mon Actu\" rel=\"nofollow noopener\" data-trk=\"{&quot;cta&quot;:{&quot;action&quot;:&quot;https:\\\/\\\/moncompte.actu.fr&quot;,&quot;category&quot;:&quot;mon compte&quot;,&quot;from&quot;:&quot;article footer&quot;,&quot;name&quot;:&quot;Mon actu&quot;,&quot;type&quot;:&quot;cta&quot;}}\" target=\"_blank\">Mon Actu<\/a>.<\/p>\n","protected":false},"excerpt":{"rendered":"Par Nina Hossein-Zadeh Publi\u00e9 le 18 ao\u00fbt 2025 \u00e0 12h37 \u00c9viter que le foncier reste \u00ab\u2009vide et moche\u2009\u00bb.&hellip;\n","protected":false},"author":2,"featured_media":326971,"comment_status":"","ping_status":"","sticky":false,"template":"","format":"standard","meta":{"footnotes":""},"categories":[2816],"tags":[1111,11,1777,674,1011,27,12,2680,25,104,2312,1090],"class_list":{"0":"post-326970","1":"post","2":"type-post","3":"status-publish","4":"format-standard","5":"has-post-thumbnail","7":"category-toulouse","8":"tag-actu","9":"tag-actualites","10":"tag-eu","11":"tag-europe","12":"tag-fr","13":"tag-france","14":"tag-news","15":"tag-occitanie","16":"tag-republique-francaise","17":"tag-societe","18":"tag-toulouse","19":"tag-toulouse-metropole"},"share_on_mastodon":{"url":"https:\/\/pubeurope.com\/@fr\/115049571666533769","error":""},"_links":{"self":[{"href":"https:\/\/www.europesays.com\/fr\/wp-json\/wp\/v2\/posts\/326970","targetHints":{"allow":["GET"]}}],"collection":[{"href":"https:\/\/www.europesays.com\/fr\/wp-json\/wp\/v2\/posts"}],"about":[{"href":"https:\/\/www.europesays.com\/fr\/wp-json\/wp\/v2\/types\/post"}],"author":[{"embeddable":true,"href":"https:\/\/www.europesays.com\/fr\/wp-json\/wp\/v2\/users\/2"}],"replies":[{"embeddable":true,"href":"https:\/\/www.europesays.com\/fr\/wp-json\/wp\/v2\/comments?post=326970"}],"version-history":[{"count":0,"href":"https:\/\/www.europesays.com\/fr\/wp-json\/wp\/v2\/posts\/326970\/revisions"}],"wp:featuredmedia":[{"embeddable":true,"href":"https:\/\/www.europesays.com\/fr\/wp-json\/wp\/v2\/media\/326971"}],"wp:attachment":[{"href":"https:\/\/www.europesays.com\/fr\/wp-json\/wp\/v2\/media?parent=326970"}],"wp:term":[{"taxonomy":"category","embeddable":true,"href":"https:\/\/www.europesays.com\/fr\/wp-json\/wp\/v2\/categories?post=326970"},{"taxonomy":"post_tag","embeddable":true,"href":"https:\/\/www.europesays.com\/fr\/wp-json\/wp\/v2\/tags?post=326970"}],"curies":[{"name":"wp","href":"https:\/\/api.w.org\/{rel}","templated":true}]}}