{"id":326972,"date":"2025-08-18T11:38:13","date_gmt":"2025-08-18T11:38:13","guid":{"rendered":"https:\/\/www.europesays.com\/fr\/326972\/"},"modified":"2025-08-18T11:38:13","modified_gmt":"2025-08-18T11:38:13","slug":"lille-est-parmi-les-meilleures-villes-de-france-pour-une-escapade-culturelle-selon-ce-classement","status":"publish","type":"post","link":"https:\/\/www.europesays.com\/fr\/326972\/","title":{"rendered":"Lille est parmi les meilleures villes de France pour une escapade culturelle selon ce classement"},"content":{"rendered":"<p>            Par<br \/>\n        <strong><br \/>\n            <a href=\"https:\/\/actu.fr\/auteur\/nicolas-demollien\" title=\"Consulter tous les articles de Nicolas Demollien\" rel=\"nofollow noopener\" target=\"_blank\">Nicolas Demollien<\/a><br \/>\n        <\/strong><\/p>\n<p>        Publi\u00e9 le<\/p>\n<p>            18 ao\u00fbt 2025 \u00e0 12h48        <\/p>\n<p>Quelles sont les <b>meilleures villes de France<\/b> pour une <b>escapade culturelle<\/b> ? Un classement \u00e9tabli par <a href=\"https:\/\/www.sumup.com\/fr-fr\/\" rel=\"nofollow noopener\" target=\"_blank\">SumUp<\/a>, <a href=\"https:\/\/actu.fr\/hauts-de-france\/lille_59350\" rel=\"nofollow noopener\" target=\"_blank\">Lille<\/a> est particuli\u00e8rement bien positionn\u00e9e avec une troisi\u00e8me place parmi les <b>plus grandes villes fran\u00e7aises<\/b>. Elle est devanc\u00e9e par <a href=\"https:\/\/actu.fr\/provence-alpes-cote-d-azur\/marseille_13055\" rel=\"nofollow noopener\" target=\"_blank\">Marseille<\/a> et <a href=\"https:\/\/actu.fr\/grand-est\/strasbourg_67482\" rel=\"nofollow noopener\" target=\"_blank\">Strasbourg<\/a>.<\/p>\n<p>Lille au top de la culture en France<\/p>\n<p class=\" wall-content\">Pour \u00e9tablir ce classement, l\u2019entreprise a pris en compte le nombre d\u2019<b>activit\u00e9s gratuites<\/b>, de <b>mus\u00e9es<\/b>, de <b>galeries d\u2019arts<\/b>, de <b>th\u00e9\u00e2tres<\/b> et de <b>monuments<\/b> dans chaque ville r\u00e9pertori\u00e9e sur TripAdvisor, pour 100 000 habitants.<\/p>\n<p class=\" wall-content\">Elle a ainsi relev\u00e9 dans la capitale des Flandre 48 activit\u00e9s gratuites et 26 activit\u00e9s culturelles pour 100 000 habitants.<\/p>\n<p class=\" wall-content\">\u00ab\u00a0Ville \u00e9tudiante et capitale culturelle du nord, elle b\u00e9n\u00e9ficie d\u2019une sc\u00e8ne artistique active, nourrie par ses mus\u00e9es, ses th\u00e9\u00e2tres et ses monuments embl\u00e9matiques. Son <b>offre gratuite contribue \u00e0 rendre la culture accessible \u00e0 un large public,<\/b> renfor\u00e7ant son attractivit\u00e9\u00a0\u00bb, note SumUp.<\/p>\n<p class=\" wall-content\">Une bonne nouvelle pour le tourisme mais aussi pour les habitants des environs. \u00ab\u00a0En optant pour des escapades locales, de plus en plus de Fran\u00e7ais red\u00e9couvrent les richesses de leur propre r\u00e9gion. Ce changement de comportement a un impact positif direct sur l\u2019\u00e9conomie locale : il permet de dynamiser les commerces de proximit\u00e9, notamment dans les villes moins touristiques habituellement\u00a0\u00bb, assurent d\u2019ailleurs les auteurs de l\u2019\u00e9tude.<\/p>\n<p class=\" wall-content\">Personnalisez votre actualit\u00e9 en ajoutant vos villes et m\u00e9dias en favori avec <a href=\"https:\/\/moncompte.actu.fr\" title=\"D\u00e9couvez Mon Actu\" rel=\"nofollow noopener\" data-trk=\"{&quot;cta&quot;:{&quot;action&quot;:&quot;https:\\\/\\\/moncompte.actu.fr&quot;,&quot;category&quot;:&quot;mon compte&quot;,&quot;from&quot;:&quot;article footer&quot;,&quot;name&quot;:&quot;Mon actu&quot;,&quot;type&quot;:&quot;cta&quot;}}\" target=\"_blank\">Mon Actu<\/a>.<\/p>\n","protected":false},"excerpt":{"rendered":"Par Nicolas Demollien Publi\u00e9 le 18 ao\u00fbt 2025 \u00e0 12h48 Quelles sont les meilleures villes de France pour&hellip;\n","protected":false},"author":2,"featured_media":326973,"comment_status":"","ping_status":"","sticky":false,"template":"","format":"standard","meta":{"footnotes":""},"categories":[2815],"tags":[1111,11,1777,674,1011,27,811,1307,1652,12,25],"class_list":{"0":"post-326972","1":"post","2":"type-post","3":"status-publish","4":"format-standard","5":"has-post-thumbnail","7":"category-lille","8":"tag-actu","9":"tag-actualites","10":"tag-eu","11":"tag-europe","12":"tag-fr","13":"tag-france","14":"tag-hauts-de-france","15":"tag-lille","16":"tag-loisirs-culture","17":"tag-news","18":"tag-republique-francaise"},"share_on_mastodon":{"url":"https:\/\/pubeurope.com\/@fr\/115049575515976083","error":""},"_links":{"self":[{"href":"https:\/\/www.europesays.com\/fr\/wp-json\/wp\/v2\/posts\/326972","targetHints":{"allow":["GET"]}}],"collection":[{"href":"https:\/\/www.europesays.com\/fr\/wp-json\/wp\/v2\/posts"}],"about":[{"href":"https:\/\/www.europesays.com\/fr\/wp-json\/wp\/v2\/types\/post"}],"author":[{"embeddable":true,"href":"https:\/\/www.europesays.com\/fr\/wp-json\/wp\/v2\/users\/2"}],"replies":[{"embeddable":true,"href":"https:\/\/www.europesays.com\/fr\/wp-json\/wp\/v2\/comments?post=326972"}],"version-history":[{"count":0,"href":"https:\/\/www.europesays.com\/fr\/wp-json\/wp\/v2\/posts\/326972\/revisions"}],"wp:featuredmedia":[{"embeddable":true,"href":"https:\/\/www.europesays.com\/fr\/wp-json\/wp\/v2\/media\/326973"}],"wp:attachment":[{"href":"https:\/\/www.europesays.com\/fr\/wp-json\/wp\/v2\/media?parent=326972"}],"wp:term":[{"taxonomy":"category","embeddable":true,"href":"https:\/\/www.europesays.com\/fr\/wp-json\/wp\/v2\/categories?post=326972"},{"taxonomy":"post_tag","embeddable":true,"href":"https:\/\/www.europesays.com\/fr\/wp-json\/wp\/v2\/tags?post=326972"}],"curies":[{"name":"wp","href":"https:\/\/api.w.org\/{rel}","templated":true}]}}