{"id":326974,"date":"2025-08-18T11:39:13","date_gmt":"2025-08-18T11:39:13","guid":{"rendered":"https:\/\/www.europesays.com\/fr\/326974\/"},"modified":"2025-08-18T11:39:13","modified_gmt":"2025-08-18T11:39:13","slug":"lille-la-ligne-1-du-metro-ilevia-interrompue-ce-lundi-apres-un-incident-technique","status":"publish","type":"post","link":"https:\/\/www.europesays.com\/fr\/326974\/","title":{"rendered":"Lille. La ligne 1 du m\u00e9tro Il\u00e9via interrompue ce lundi apr\u00e8s un \u00ab\u00a0incident technique\u00a0\u00bb"},"content":{"rendered":"<p>            Par<br \/>\n        <strong><br \/>\n            <a href=\"https:\/\/actu.fr\/auteur\/nicolas-demollien\" title=\"Consulter tous les articles de Nicolas Demollien\" rel=\"nofollow noopener\" target=\"_blank\">Nicolas Demollien<\/a><br \/>\n        <\/strong><\/p>\n<p>        Publi\u00e9 le<\/p>\n<p>            18 ao\u00fbt 2025 \u00e0 12h46<br \/>\n        ; mis \u00e0 jour le 18 ao\u00fbt 2025 \u00e0 12h56    <\/p>\n<p>Il a fallu prendre son mal en patience. Ce lundi 18 ao\u00fbt 2025, la <b>ligne 1 du m\u00e9tro<\/b> <a href=\"https:\/\/actu.fr\/tag\/ilevia\" rel=\"nofollow noopener\" target=\"_blank\">Il\u00e9via<\/a> de <a href=\"https:\/\/actu.fr\/hauts-de-france\/lille_59350\" rel=\"nofollow noopener\" target=\"_blank\">Lille<\/a> (Nord) a \u00e9t\u00e9 <b>interrompue en raison d\u2019une panne<\/b>.<\/p>\n<p>La ligne 1 du m\u00e9tro interrompue \u00e0 Lille<\/p>\n<p class=\" wall-content\">C\u2019est peu apr\u00e8s 12h30 que cette interruption a \u00e9t\u00e9 annonc\u00e9e aux usagers. Ilevia \u00e9voque un \u00ab\u00a0incident technique\u00a0\u00bb pour justifier ce d\u00e9sagr\u00e9ment.<\/p>\n<p class=\" wall-content\">\n<p class=\" wall-content\">Une annonce toujours accueillie difficilement puisque ces interruptions ont tendance \u00e0 se multiplier ces derniers mois.<\/p>\n<p class=\" wall-content\">La reprise \u00e9tait estim\u00e9e \u00e0 13h, elle fut finalement effective quelques minutes auparavant. Les bus relais n\u2019ont pas \u00e9t\u00e9 d\u00e9ploy\u00e9s.<\/p>\n<p class=\" wall-content\">Personnalisez votre actualit\u00e9 en ajoutant vos villes et m\u00e9dias en favori avec <a href=\"https:\/\/moncompte.actu.fr\" title=\"D\u00e9couvez Mon Actu\" rel=\"nofollow noopener\" data-trk=\"{&quot;cta&quot;:{&quot;action&quot;:&quot;https:\\\/\\\/moncompte.actu.fr&quot;,&quot;category&quot;:&quot;mon compte&quot;,&quot;from&quot;:&quot;article footer&quot;,&quot;name&quot;:&quot;Mon actu&quot;,&quot;type&quot;:&quot;cta&quot;}}\" target=\"_blank\">Mon Actu<\/a>.<\/p>\n","protected":false},"excerpt":{"rendered":"Par Nicolas Demollien Publi\u00e9 le 18 ao\u00fbt 2025 \u00e0 12h46 ; mis \u00e0 jour le 18 ao\u00fbt 2025&hellip;\n","protected":false},"author":2,"featured_media":326975,"comment_status":"","ping_status":"","sticky":false,"template":"","format":"standard","meta":{"footnotes":""},"categories":[2815],"tags":[1111,11,1777,674,1011,27,811,4288,1307,12,25,104,2803],"class_list":{"0":"post-326974","1":"post","2":"type-post","3":"status-publish","4":"format-standard","5":"has-post-thumbnail","7":"category-lille","8":"tag-actu","9":"tag-actualites","10":"tag-eu","11":"tag-europe","12":"tag-fr","13":"tag-france","14":"tag-hauts-de-france","15":"tag-ilevia","16":"tag-lille","17":"tag-news","18":"tag-republique-francaise","19":"tag-societe","20":"tag-transport"},"share_on_mastodon":{"url":"https:\/\/pubeurope.com\/@fr\/115049579378400325","error":""},"_links":{"self":[{"href":"https:\/\/www.europesays.com\/fr\/wp-json\/wp\/v2\/posts\/326974","targetHints":{"allow":["GET"]}}],"collection":[{"href":"https:\/\/www.europesays.com\/fr\/wp-json\/wp\/v2\/posts"}],"about":[{"href":"https:\/\/www.europesays.com\/fr\/wp-json\/wp\/v2\/types\/post"}],"author":[{"embeddable":true,"href":"https:\/\/www.europesays.com\/fr\/wp-json\/wp\/v2\/users\/2"}],"replies":[{"embeddable":true,"href":"https:\/\/www.europesays.com\/fr\/wp-json\/wp\/v2\/comments?post=326974"}],"version-history":[{"count":0,"href":"https:\/\/www.europesays.com\/fr\/wp-json\/wp\/v2\/posts\/326974\/revisions"}],"wp:featuredmedia":[{"embeddable":true,"href":"https:\/\/www.europesays.com\/fr\/wp-json\/wp\/v2\/media\/326975"}],"wp:attachment":[{"href":"https:\/\/www.europesays.com\/fr\/wp-json\/wp\/v2\/media?parent=326974"}],"wp:term":[{"taxonomy":"category","embeddable":true,"href":"https:\/\/www.europesays.com\/fr\/wp-json\/wp\/v2\/categories?post=326974"},{"taxonomy":"post_tag","embeddable":true,"href":"https:\/\/www.europesays.com\/fr\/wp-json\/wp\/v2\/tags?post=326974"}],"curies":[{"name":"wp","href":"https:\/\/api.w.org\/{rel}","templated":true}]}}