{"id":326976,"date":"2025-08-18T11:40:12","date_gmt":"2025-08-18T11:40:12","guid":{"rendered":"https:\/\/www.europesays.com\/fr\/326976\/"},"modified":"2025-08-18T11:40:12","modified_gmt":"2025-08-18T11:40:12","slug":"la-tournee-dete-reunit-les-fans-de-rap-au-parc-bougainville","status":"publish","type":"post","link":"https:\/\/www.europesays.com\/fr\/326976\/","title":{"rendered":"la tourn\u00e9e d\u2019\u00e9t\u00e9 r\u00e9unit les fans de rap au parc Bougainville"},"content":{"rendered":"\n<p>\u00ab Allez les amis venez nous rejoindre, c\u2019est la tourn\u00e9e de l\u2019\u00e9t\u00e9, La Marseillaise\u00a0\u00bb, lance le MC de la soir\u00e9e MRbenoitD, aux habitants du quartier, ce samedi soir. Pour son avant-derni\u00e8re \u00e9tape marseillaise, la tourn\u00e9e s\u2019est install\u00e9e au c\u0153ur du parc Bougainville (3e), \u00e0 deux pas de la station de m\u00e9tro. Une s\u00e9rie de concerts qui a r\u00e9uni toutes les g\u00e9n\u00e9rations autour de la musique rap &#8211; entre battle de danse et playbacks &#8211; gr\u00e2ce \u00e0 Dj Sebti et El Matador, Freeman et Dj Moffak.<\/p>\n<p>En d\u00e9but de soir\u00e9e, les juges du concours de talents oratoires ont d\u00e9partag\u00e9 les jeunes candidats qui se sont produits sur sc\u00e8ne. \u00ab\u00a0Faire la place aux jeunes, c\u2019est leur donner la parole\u00a0\u00bb, fait valoir Hedi Ramdane, adjoint DVG au maire de Marseille, en charge de la Jeunesse. C\u2019est ainsi qu\u2019Emma Rose a \u00e9t\u00e9 r\u00e9compens\u00e9e pour son chant, No\u00e9mie pour sa prise de parole \u00e9mouvante et Kassim pour son \u00e9loquence. Ils sont s\u00e9lectionn\u00e9s pour la demi-finale pr\u00e9vue d\u2019ici \u00e0 la fin du mois d\u2019ao\u00fbt.<\/p>\n<p>D\u2019ici l\u00e0, le show se poursuit et il en aura pour tous les go\u00fbts. Rendez-vous ce jeudi 21\u00a0ao\u00fbt d\u00e8s 19h30, au parc Maison Blanche\u00a0&#8211; Charles Aznavour\u00a0(9e) pour la derni\u00e8re \u00e9tape marseillaise de la tourn\u00e9e d\u2019\u00e9t\u00e9. Cette fois, c\u2019est un hommage au l\u00e9gendaire groupe de rock britannique qui sera rendu par le quatuor \u00ab\u00a0Get The Beatles Back\u00a0\u00bb.<\/p>\n","protected":false},"excerpt":{"rendered":"\u00ab Allez les amis venez nous rejoindre, c\u2019est la tourn\u00e9e de l\u2019\u00e9t\u00e9, La Marseillaise\u00a0\u00bb, lance le MC de&hellip;\n","protected":false},"author":2,"featured_media":326977,"comment_status":"","ping_status":"","sticky":false,"template":"","format":"standard","meta":{"footnotes":""},"categories":[2814],"tags":[1111,11,1777,674,1011,27,884,12,882,25,38445],"class_list":{"0":"post-326976","1":"post","2":"type-post","3":"status-publish","4":"format-standard","5":"has-post-thumbnail","7":"category-marseille","8":"tag-actu","9":"tag-actualites","10":"tag-eu","11":"tag-europe","12":"tag-fr","13":"tag-france","14":"tag-marseille","15":"tag-news","16":"tag-provence-alpes-cote-dazur","17":"tag-republique-francaise","18":"tag-tournee-dete-la-marseillaise"},"share_on_mastodon":{"url":"https:\/\/pubeurope.com\/@fr\/115049583734761075","error":""},"_links":{"self":[{"href":"https:\/\/www.europesays.com\/fr\/wp-json\/wp\/v2\/posts\/326976","targetHints":{"allow":["GET"]}}],"collection":[{"href":"https:\/\/www.europesays.com\/fr\/wp-json\/wp\/v2\/posts"}],"about":[{"href":"https:\/\/www.europesays.com\/fr\/wp-json\/wp\/v2\/types\/post"}],"author":[{"embeddable":true,"href":"https:\/\/www.europesays.com\/fr\/wp-json\/wp\/v2\/users\/2"}],"replies":[{"embeddable":true,"href":"https:\/\/www.europesays.com\/fr\/wp-json\/wp\/v2\/comments?post=326976"}],"version-history":[{"count":0,"href":"https:\/\/www.europesays.com\/fr\/wp-json\/wp\/v2\/posts\/326976\/revisions"}],"wp:featuredmedia":[{"embeddable":true,"href":"https:\/\/www.europesays.com\/fr\/wp-json\/wp\/v2\/media\/326977"}],"wp:attachment":[{"href":"https:\/\/www.europesays.com\/fr\/wp-json\/wp\/v2\/media?parent=326976"}],"wp:term":[{"taxonomy":"category","embeddable":true,"href":"https:\/\/www.europesays.com\/fr\/wp-json\/wp\/v2\/categories?post=326976"},{"taxonomy":"post_tag","embeddable":true,"href":"https:\/\/www.europesays.com\/fr\/wp-json\/wp\/v2\/tags?post=326976"}],"curies":[{"name":"wp","href":"https:\/\/api.w.org\/{rel}","templated":true}]}}