{"id":326980,"date":"2025-08-18T11:42:14","date_gmt":"2025-08-18T11:42:14","guid":{"rendered":"https:\/\/www.europesays.com\/fr\/326980\/"},"modified":"2025-08-18T11:42:14","modified_gmt":"2025-08-18T11:42:14","slug":"pres-de-lyon-le-couple-se-reveille-la-cuisine-est-en-feu","status":"publish","type":"post","link":"https:\/\/www.europesays.com\/fr\/326980\/","title":{"rendered":"Pr\u00e8s de Lyon : le couple se r\u00e9veille, la cuisine est en feu"},"content":{"rendered":"<p>Un incendie s&rsquo;est d\u00e9clar\u00e9 ce lundi 18 ao\u00fbt, dans un appartement de Miribel (Ain), pr\u00e8s de Lyon.<\/p>\n<p>Grosse frayeur pour un couple de l&rsquo;Ain. <\/p>\n<p>Un incendie s&rsquo;est d\u00e9clar\u00e9 ce lundi matin, vers 5 heures, dans la cuisine de leur appartement \u00e0 <b>Miribel<\/b>.<\/p>\n<p>Le couple relog\u00e9<\/p>\n<p>Heureusement, le <b>couple a pu sortir \u00e0 temps<\/b>. Il n&rsquo;y a aucun bless\u00e9 \u00e0 d\u00e9plorer. Les pompiers ont rapidement ma\u00eetris\u00e9 le feu.<\/p>\n<p>Les occupants devront n\u00e9anmoins trouver une solution de relogement.\u00a0<\/p>\n<p>L&rsquo;origine de l&rsquo;incendie n&rsquo;est pas encore connue.<\/p>\n<p><\/p>\n","protected":false},"excerpt":{"rendered":"Un incendie s&rsquo;est d\u00e9clar\u00e9 ce lundi 18 ao\u00fbt, dans un appartement de Miribel (Ain), pr\u00e8s de Lyon. Grosse&hellip;\n","protected":false},"author":2,"featured_media":326981,"comment_status":"","ping_status":"","sticky":false,"template":"","format":"standard","meta":{"footnotes":""},"categories":[1889],"tags":[1111,11,2738,2430,902,1777,674,1011,27,1310,2428,11155,12,25],"class_list":{"0":"post-326980","1":"post","2":"type-post","3":"status-publish","4":"format-standard","5":"has-post-thumbnail","7":"category-lyon","8":"tag-actu","9":"tag-actualites","10":"tag-ain","11":"tag-auvergne-rhone-alpes","12":"tag-cuisine","13":"tag-eu","14":"tag-europe","15":"tag-fr","16":"tag-france","17":"tag-incendie","18":"tag-lyon","19":"tag-miribel","20":"tag-news","21":"tag-republique-francaise"},"share_on_mastodon":{"url":"https:\/\/pubeurope.com\/@fr\/115049591173183426","error":""},"_links":{"self":[{"href":"https:\/\/www.europesays.com\/fr\/wp-json\/wp\/v2\/posts\/326980","targetHints":{"allow":["GET"]}}],"collection":[{"href":"https:\/\/www.europesays.com\/fr\/wp-json\/wp\/v2\/posts"}],"about":[{"href":"https:\/\/www.europesays.com\/fr\/wp-json\/wp\/v2\/types\/post"}],"author":[{"embeddable":true,"href":"https:\/\/www.europesays.com\/fr\/wp-json\/wp\/v2\/users\/2"}],"replies":[{"embeddable":true,"href":"https:\/\/www.europesays.com\/fr\/wp-json\/wp\/v2\/comments?post=326980"}],"version-history":[{"count":0,"href":"https:\/\/www.europesays.com\/fr\/wp-json\/wp\/v2\/posts\/326980\/revisions"}],"wp:featuredmedia":[{"embeddable":true,"href":"https:\/\/www.europesays.com\/fr\/wp-json\/wp\/v2\/media\/326981"}],"wp:attachment":[{"href":"https:\/\/www.europesays.com\/fr\/wp-json\/wp\/v2\/media?parent=326980"}],"wp:term":[{"taxonomy":"category","embeddable":true,"href":"https:\/\/www.europesays.com\/fr\/wp-json\/wp\/v2\/categories?post=326980"},{"taxonomy":"post_tag","embeddable":true,"href":"https:\/\/www.europesays.com\/fr\/wp-json\/wp\/v2\/tags?post=326980"}],"curies":[{"name":"wp","href":"https:\/\/api.w.org\/{rel}","templated":true}]}}