{"id":326984,"date":"2025-08-18T11:45:22","date_gmt":"2025-08-18T11:45:22","guid":{"rendered":"https:\/\/www.europesays.com\/fr\/326984\/"},"modified":"2025-08-18T11:45:22","modified_gmt":"2025-08-18T11:45:22","slug":"jardins-ouverts-2025-le-programme-du-18-au-24-aout","status":"publish","type":"post","link":"https:\/\/www.europesays.com\/fr\/326984\/","title":{"rendered":"Jardins ouverts 2025 : le programme du 18 au 24 ao\u00fbt"},"content":{"rendered":"<p><strong>Dimanche 24 ao\u00fbt<\/strong>, plongez dans l\u2019atmosph\u00e8re paisible et fleurie du jardin de la maison du docteur Gachet, demeure modeste et pittoresque du XIXe si\u00e8cle, qui refl\u00e8te le charme rustique de l\u2019\u00e9poque.\u00a0<\/p>\n<p>Cette visite vous d\u00e9voilera les vertus des plantes du jardin, mais aussi leurs liens avec ce lieu unique dans lequel le docteur Paul Gachet, ami et m\u00e9c\u00e8ne de Van Gogh, vivait et recevait des artistes.<\/p>\n","protected":false},"excerpt":{"rendered":"Dimanche 24 ao\u00fbt, plongez dans l\u2019atmosph\u00e8re paisible et fleurie du jardin de la maison du docteur Gachet, demeure&hellip;\n","protected":false},"author":2,"featured_media":326985,"comment_status":"","ping_status":"","sticky":false,"template":"","format":"standard","meta":{"footnotes":""},"categories":[1592],"tags":[1111,11,1777,674,1011,27,662,12,626,25],"class_list":{"0":"post-326984","1":"post","2":"type-post","3":"status-publish","4":"format-standard","5":"has-post-thumbnail","7":"category-ile-de-france","8":"tag-actu","9":"tag-actualites","10":"tag-eu","11":"tag-europe","12":"tag-fr","13":"tag-france","14":"tag-ile-de-france","15":"tag-news","16":"tag-paris","17":"tag-republique-francaise"},"share_on_mastodon":{"url":"https:\/\/pubeurope.com\/@fr\/115049603065999654","error":""},"_links":{"self":[{"href":"https:\/\/www.europesays.com\/fr\/wp-json\/wp\/v2\/posts\/326984","targetHints":{"allow":["GET"]}}],"collection":[{"href":"https:\/\/www.europesays.com\/fr\/wp-json\/wp\/v2\/posts"}],"about":[{"href":"https:\/\/www.europesays.com\/fr\/wp-json\/wp\/v2\/types\/post"}],"author":[{"embeddable":true,"href":"https:\/\/www.europesays.com\/fr\/wp-json\/wp\/v2\/users\/2"}],"replies":[{"embeddable":true,"href":"https:\/\/www.europesays.com\/fr\/wp-json\/wp\/v2\/comments?post=326984"}],"version-history":[{"count":0,"href":"https:\/\/www.europesays.com\/fr\/wp-json\/wp\/v2\/posts\/326984\/revisions"}],"wp:featuredmedia":[{"embeddable":true,"href":"https:\/\/www.europesays.com\/fr\/wp-json\/wp\/v2\/media\/326985"}],"wp:attachment":[{"href":"https:\/\/www.europesays.com\/fr\/wp-json\/wp\/v2\/media?parent=326984"}],"wp:term":[{"taxonomy":"category","embeddable":true,"href":"https:\/\/www.europesays.com\/fr\/wp-json\/wp\/v2\/categories?post=326984"},{"taxonomy":"post_tag","embeddable":true,"href":"https:\/\/www.europesays.com\/fr\/wp-json\/wp\/v2\/tags?post=326984"}],"curies":[{"name":"wp","href":"https:\/\/api.w.org\/{rel}","templated":true}]}}