{"id":326986,"date":"2025-08-18T11:46:14","date_gmt":"2025-08-18T11:46:14","guid":{"rendered":"https:\/\/www.europesays.com\/fr\/326986\/"},"modified":"2025-08-18T11:46:14","modified_gmt":"2025-08-18T11:46:14","slug":"on-est-completement-abandonnes-par-letat-denonce-le-maire-de-ploemeur-dans-le-morbihan","status":"publish","type":"post","link":"https:\/\/www.europesays.com\/fr\/326986\/","title":{"rendered":"\u00ab\u00a0On est compl\u00e8tement abandonn\u00e9s\u00a0\u00bb par l&rsquo;\u00c9tat, d\u00e9nonce le maire de Ploemeur, dans le Morbihan"},"content":{"rendered":"<p class=\"c-chapo \">\n  \u00ab\u00a0On est sur l&rsquo;ann\u00e9e des oc\u00e9ans mais on n&rsquo;a plus de minist\u00e8re de plein pouvoir sur la mer\u00a0\u00bb, regrette l&rsquo;\u00e9lu breton, alors que de plus en plus d&rsquo;habitations c\u00f4ti\u00e8res sont menac\u00e9es par la mont\u00e9e des eaux.\n<\/p>\n<p>            lire plus tard<\/p>\n<p id=\"dialog__title\" class=\"dialog__title\">Pour sauvegarder cet article, connectez-vous ou cr\u00e9ez un compte franceinfo<\/p>\n<p class=\"dialog__description\">Sans paiement. Sans abonnement.<\/p>\n<p>        Fermer la fen\u00eatre d\u2019activation des notifications France Info<\/p>\n<p>            cr\u00e9er votre compte<\/p>\n<p>            se connecter<\/p>\n<p>        Fermer la fen\u00eatre de pr\u00e9sentation<\/p>\n<p>    <img loading=\"lazy\" decoding=\"async\" class=\"signature__image lazyload\" width=\"100\" height=\"100\" data- alt=\"\" src=\"https:\/\/www.europesays.com\/fr\/wp-content\/uploads\/2025\/05\/64a7df4c5fe71_placeholder-36b69ec8.png\"\/><\/p>\n<p>    Publi\u00e9 le 18\/08\/2025 11:03<\/p>\n<p>        Temps de lecture : 1min<\/p>\n<p>    <img decoding=\"async\"  alt=\"Des digues provisoires install\u00e9es sur la c\u00f4te bretonne pour lutter contre la mont\u00e9e des eaux et l'\u00e9rosion coti\u00e8re (photo d'illustration). (THIERRY CREUX \/ MAXPPP)\" width=\"432\" height=\"243\" src=\"https:\/\/www.europesays.com\/fr\/wp-content\/uploads\/2025\/08\/maxnewsworldthree671133-68a2ebcf6eba4785395421.jpg\" fetchpriority=\"high\"\/><\/p>\n<p>      Des digues provisoires install\u00e9es sur la c\u00f4te bretonne pour lutter contre la mont\u00e9e des eaux et l&rsquo;\u00e9rosion coti\u00e8re (photo d&rsquo;illustration). (THIERRY CREUX \/ MAXPPP)<\/p>\n<p>Face au changement climatique qui acc\u00e9l\u00e8re le recul du trait de c\u00f4te, \u00ab\u00a0on est compl\u00e8tement abandonn\u00e9s\u00a0\u00bb par l&rsquo;\u00c9tat, d\u00e9nonce lundi 18 ao\u00fbt <a href=\"https:\/\/www.radiofrance.fr\/franceinter\/podcasts\/l-invite-de-8h20-le-grand-entretien\/l-invite-de-8h20-le-grand-entretien-du-lundi-18-aout-2025-9093961\" target=\"_blank\" rel=\"noopener nofollow\">sur France Inter,<\/a> Ronan Loas, maire de Ploemeur, dans le Morbihan. Cette <a href=\"https:\/\/www.franceinfo.fr\/environnement\/crise-climatique\/le-niveau-des-mers-a-augmente-de-facon-plus-importante-que-prevu-en-2024-selon-la-nasa_7128249.html\" rel=\"nofollow noopener\" target=\"_blank\">\u00e9rosion du littoral<\/a> menace de plus en plus d&rsquo;habitations et d&rsquo;activit\u00e9s \u00e9conomiques. Selon le Cerema, un \u00e9tablissement public qui accompagne l&rsquo;\u00c9tat et les collectivit\u00e9s dans l&rsquo;adaptation au changement climatique, l&rsquo;\u00e9rosion c\u00f4ti\u00e8re pourrait affecter, si rien n&rsquo;est fait, 5\u00a0200\u00a0logements d&rsquo;ici 2050 en France, en raison de l&rsquo;acc\u00e9l\u00e9ration de la mont\u00e9e du niveau de la mer. \u00a0<br \/>\u00a0<\/p>\n<p>Or, il y a \u00ab\u00a0un vrai d\u00e9faut de l&rsquo;\u00c9tat sur ce sujet\u00a0\u00bb, d\u00e9plore le maire de Ploemeur. Ronan Loas regrette \u00ab\u00a0un cadre l\u00e9gal peu d\u00e9fini\u00a0\u00bb et l&rsquo;absence de \u00ab\u00a0cartographie\u00a0\u00bb pr\u00e9cise sur le sujet. \u00ab\u00a0On est sur l&rsquo;ann\u00e9e des oc\u00e9ans mais on n&rsquo;a plus de minist\u00e8re de plein pouvoir sur la mer. Qui incarne la mer en ce moment d&rsquo;un point de vue politique ?\u00a0\u00bb, interroge-t-il. Dans le gouvernement, la mission revient actuellement \u00e0 Agn\u00e8s Pannier-Runacher, qui est ministre de la Transition \u00e9cologique, de la Biodiversit\u00e9, de la For\u00eat, de la Mer et de la P\u00eache.\u00a0<br \/>\u00a0<br \/>\u00ab\u00a0On va bient\u00f4t rentrer dans le champ des n\u00e9gociations sur le projet de loi de finances\u00a0\u00bb, \u00ab\u00a0je ne voudrais pas que les communes littorales, qui sont souvent vues comme des communes plus favoris\u00e9es, plus aid\u00e9es, soient compl\u00e8tement abandonn\u00e9es sur ces politiques-l\u00e0\u00a0\u00bb, souligne Ronan Loas. Il en appelle directement au Premier ministre, Fran\u00e7ois Bayrou, pour qu&rsquo;il n&rsquo;y ait pas un d\u00e9crochage de l&rsquo;\u00c9tat sur ces questions.\u00a0<br \/>\u00a0<\/p>\n<p class=\"related-tags__title\" role=\"heading\" aria-level=\"2\">les mots-cl\u00e9s associ\u00e9s \u00e0 cet article\n    <\/p>\n","protected":false},"excerpt":{"rendered":"\u00ab\u00a0On est sur l&rsquo;ann\u00e9e des oc\u00e9ans mais on n&rsquo;a plus de minist\u00e8re de plein pouvoir sur la mer\u00a0\u00bb,&hellip;\n","protected":false},"author":2,"featured_media":326987,"comment_status":"","ping_status":"","sticky":false,"template":"","format":"standard","meta":{"footnotes":""},"categories":[1888],"tags":[1111,1928,11,1927,1777,674,1011,27,12,1926,626,1925,25],"class_list":{"0":"post-326986","1":"post","2":"type-post","3":"status-publish","4":"format-standard","5":"has-post-thumbnail","7":"category-paris","8":"tag-actu","9":"tag-actu-paris","10":"tag-actualites","11":"tag-actualites-paris","12":"tag-eu","13":"tag-europe","14":"tag-fr","15":"tag-france","16":"tag-news","17":"tag-news-paris","18":"tag-paris","19":"tag-paris-news","20":"tag-republique-francaise"},"share_on_mastodon":{"url":"https:\/\/pubeurope.com\/@fr\/115049607124587175","error":""},"_links":{"self":[{"href":"https:\/\/www.europesays.com\/fr\/wp-json\/wp\/v2\/posts\/326986","targetHints":{"allow":["GET"]}}],"collection":[{"href":"https:\/\/www.europesays.com\/fr\/wp-json\/wp\/v2\/posts"}],"about":[{"href":"https:\/\/www.europesays.com\/fr\/wp-json\/wp\/v2\/types\/post"}],"author":[{"embeddable":true,"href":"https:\/\/www.europesays.com\/fr\/wp-json\/wp\/v2\/users\/2"}],"replies":[{"embeddable":true,"href":"https:\/\/www.europesays.com\/fr\/wp-json\/wp\/v2\/comments?post=326986"}],"version-history":[{"count":0,"href":"https:\/\/www.europesays.com\/fr\/wp-json\/wp\/v2\/posts\/326986\/revisions"}],"wp:featuredmedia":[{"embeddable":true,"href":"https:\/\/www.europesays.com\/fr\/wp-json\/wp\/v2\/media\/326987"}],"wp:attachment":[{"href":"https:\/\/www.europesays.com\/fr\/wp-json\/wp\/v2\/media?parent=326986"}],"wp:term":[{"taxonomy":"category","embeddable":true,"href":"https:\/\/www.europesays.com\/fr\/wp-json\/wp\/v2\/categories?post=326986"},{"taxonomy":"post_tag","embeddable":true,"href":"https:\/\/www.europesays.com\/fr\/wp-json\/wp\/v2\/tags?post=326986"}],"curies":[{"name":"wp","href":"https:\/\/api.w.org\/{rel}","templated":true}]}}