{"id":326988,"date":"2025-08-18T11:47:09","date_gmt":"2025-08-18T11:47:09","guid":{"rendered":"https:\/\/www.europesays.com\/fr\/326988\/"},"modified":"2025-08-18T11:47:09","modified_gmt":"2025-08-18T11:47:09","slug":"a-la-une-bamako-hausse-le-ton-contre-paris","status":"publish","type":"post","link":"https:\/\/www.europesays.com\/fr\/326988\/","title":{"rendered":"\u00c0 la Une: Bamako hausse le ton contre Paris"},"content":{"rendered":"<p>Les photos de plusieurs conjur\u00e9s pr\u00e9sum\u00e9s, militaires et civils, apparaissent ce lundi dans les m\u00e9dias maliens, dont le journal L\u2019Aube. Photos visibles sur le site <strong><a href=\"https:\/\/www.maliweb.net\/politique\/chroniques\/focus-dejouer-les-pieges-3108413.html\" target=\"_blank\" rel=\"noopener\">Maliweb<\/a><\/strong>. On y voit les deux g\u00e9n\u00e9raux accus\u00e9s de tentative de coup d\u2019\u00c9tat, Abass Demb\u00e9l\u00e9 et Nema Sagara, plusieurs officiers sup\u00e9rieurs, des sous-officiers et\u2026 un ressortissant fran\u00e7ais. Un officier en poste \u00e0 l\u2019ambassade de France, soup\u00e7onn\u00e9 par les autorit\u00e9s maliennes de travailler pour le compte des services de renseignements fran\u00e7ais.<\/p>\n<p>\u00ab\u00a0Les signaux sont clairs, s\u2019exclame L\u2019Aube : la France officielle, par ses relais diplomatiques et ses leviers m\u00e9diatiques, tente de r\u00e9activer ses r\u00e9seaux, de semer le doute, de diviser les forces patriotiques. Elle veut reconqu\u00e9rir les territoires perdus, non pas sentimentalement, mais politiquement. Mais la France d\u2019Emmanuel Macron se heurte \u00e0 une r\u00e9alit\u00e9 nouvelle, lance encore le quotidien malien : les populations ne veulent plus de tutelle. Elles veulent des partenaires, pas des ma\u00eetres supranationaux t\u00e9l\u00e9guidant des roitelets locaux\u00a0\u00bb.<\/p>\n<p> \u00ab\u00a0L\u2019aide d\u2019\u00c9tats \u00e9trangers\u00a0\u00bb <\/p>\n<p>Les autorit\u00e9s maliennes sont sorties de leur silence en fin de semaine derni\u00e8re. Elle se sont exprim\u00e9es sur les\u00a0dizaines d\u2019arrestations de militaires\u00a0de ces derniers jours, accus\u00e9s de vouloir renverser le pouvoir.<\/p>\n<p>\u00ab\u00a0Dans son communiqu\u00e9, note <strong><a href=\"https:\/\/www.jeuneafrique.com\/1714870\/politique\/au-mali-la-junte-accuse-des-etats-etrangers-de-destabilisation-un-francais-arrete\/\" target=\"_blank\" rel=\"noopener\">Jeune Afrique<\/a><\/strong>, la junte a annonc\u00e9 \u201cl\u2019arrestation d\u2019un groupuscule d\u2019\u00e9l\u00e9ments\u00a0marginaux\u00a0des forces arm\u00e9es de s\u00e9curit\u00e9 maliennes\u201c, qui cherchait selon elle \u00e0 \u201cd\u00e9stabiliser les institutions de la R\u00e9publique. Ces militaires et des civils\u201c auraient obtenu \u201cl\u2019aide d\u2019\u00c9tats \u00e9trangers\u201c, accuse le gouvernement malien\u00a0\u00bb. Dont la France, donc\u2026<\/p>\n<p>La France qui a r\u00e9agi en d\u00e9non\u00e7ant des \u00ab\u00a0accusations sans fondement\u00a0\u00bb et qui affirme qu\u2019un \u00ab\u00a0dialogue est en cours avec Bamako afin de dissiper tout malentendu\u00a0\u00bb et obtenir la \u00ab\u00a0lib\u00e9ration sans d\u00e9lai\u00a0\u00bb de l\u2019officier arr\u00eat\u00e9.<\/p>\n<p> Des relations au plus bas\u2026 <\/p>\n<p>Commentaire d\u2019<strong><a href=\"https:\/\/www.afrik.com\/tensions-diplomatiques-entre-paris-et-bamako-l-arrestation-controversee-d-un-francais-au-mali\" target=\"_blank\" rel=\"noopener\">Afrik.com\u00a0<\/a><\/strong>: \u00ab\u00a0cette nouvelle crise diplomatique s\u2019inscrit dans un contexte de d\u00e9fiance croissante entre Bamako et Paris. Depuis la rupture de la coop\u00e9ration militaire avec la France et le rapprochement du\u00a0Mali\u00a0avec de nouveaux partenaires comme la Russie, les relations bilat\u00e9rales sont au plus bas. L\u2019arrestation de cet officier fran\u00e7ais pourrait bien marquer un nouveau tournant dans ce bras de fer, \u00e0 la fois diplomatique et id\u00e9ologique\u00a0\u00bb.<\/p>\n<p>Par ailleurs, poursuit Afrik.com, \u00ab\u00a0jusqu\u2019\u00e0 pr\u00e9sent, le gouvernement malien n\u2019a donn\u00e9 que peu de d\u00e9tails sur les arrestations en cours. Si les autorit\u00e9s ont reconnu l\u2019implication de civils et de\u00a0militaires dans ce suppos\u00e9 complot, elles n\u2019ont pas encore pr\u00e9sent\u00e9 de preuves convaincantes pour \u00e9tayer leurs affirmations. (\u2026) Le flou persiste donc autour de la nature exacte de cette affaire\u00a0\u00bb.<\/p>\n<p>Et le site panafricain de s\u2019interroger\u00a0: \u00ab\u00a0s\u2019agit-il d\u2019un r\u00e9el complot contre l\u2019\u00c9tat malien ou d\u2019une op\u00e9ration de communication interne pour resserrer les rangs autour du pouvoir militaire ? En l\u2019absence de preuves publiques, la communaut\u00e9 internationale reste prudente, tandis que Paris insiste sur le respect des r\u00e8gles diplomatiques\u00a0\u00bb.<\/p>\n<p> Prudence\u2026 <\/p>\n<p>En tout cas, insiste le quotidien <strong><a href=\"https:\/\/www.aujourd8.net\/arrestation-du-lt-cl-yann-vezilier-dans-la-tentative-de-destabilisation-au-mali-la-france-dement-et-demande-son-elargissement\/\" target=\"_blank\" rel=\"noopener\">Aujourd\u2019hui<\/a><\/strong> \u00e0 Ouagadougou, \u00ab\u00a0l\u2019arrestation des conjur\u00e9s au sein desquels il y a un Fran\u00e7ais, qui plus est un militaire, remet au go\u00fbt du jour les relations ex\u00e9crables entre l\u2019ex-Soudan fran\u00e7ais et l\u2019ancienne M\u00e9tropole.\u00a0Depuis le d\u00e9part forc\u00e9 de Barkhane, tout est coup\u00e9 entre la France et le Mali, sur le plan politique et s\u00e9curitaire\u00a0\u00bb, pointe le quotidien burkinab\u00e9. \u00ab\u00a0Qu\u00eate de vraie souverainet\u00e9, rupture avec les rebuts du n\u00e9ocolonialisme et toutes les scories de l\u2019increvable Fran\u00e7afrique, accusations contre Paris de ne pas jouer franc jeu dans la coop\u00e9ration surtout s\u00e9curitaire avec\u00a0le Mali\u00a0: tout ce qui a trait \u00e0 un geste ou \u00e0 une action des autorit\u00e9s fran\u00e7aises\u00a0sent le soufre. Le ressort de la confiance s\u2019est cass\u00e9 entre la France et le Mali, et plus g\u00e9n\u00e9ralement le Sahel. Alors, quand le nom d\u2019un Fran\u00e7ais est cit\u00e9 dans ce genre d\u2019affaire d\u2019\u00c9tat, tout devient sensible. La France l\u2019a bien compris et joue la prudence (\u2026)\u00a0\u00bb.<\/p>\n<p>Et Aujourd\u2019hui de s\u2019interroger\u00a0: \u00ab\u00a0le Mali va-t-il lib\u00e9rer l\u2019officier fran\u00e7ais, ou bien y aura-t-il un proc\u00e8s, vu que la justice s\u2019est saisie du dossier ? Quelle sera en somme la r\u00e9ponse du Mali \u00e0 la requ\u00eate des autorit\u00e9s fran\u00e7aises ?\u00a0\u00bb<\/p>\n","protected":false},"excerpt":{"rendered":"Les photos de plusieurs conjur\u00e9s pr\u00e9sum\u00e9s, militaires et civils, apparaissent ce lundi dans les m\u00e9dias maliens, dont le&hellip;\n","protected":false},"author":2,"featured_media":326989,"comment_status":"","ping_status":"","sticky":false,"template":"","format":"standard","meta":{"footnotes":""},"categories":[1888],"tags":[1111,1928,11,1927,879,1777,674,1011,27,1136,12,1926,626,1925,25,13125,18504],"class_list":{"0":"post-326988","1":"post","2":"type-post","3":"status-publish","4":"format-standard","5":"has-post-thumbnail","7":"category-paris","8":"tag-actu","9":"tag-actu-paris","10":"tag-actualites","11":"tag-actualites-paris","12":"tag-afrique","13":"tag-eu","14":"tag-europe","15":"tag-fr","16":"tag-france","17":"tag-mali","18":"tag-news","19":"tag-news-paris","20":"tag-paris","21":"tag-paris-news","22":"tag-republique-francaise","23":"tag-revue-de-presse","24":"tag-revue-de-presse-afrique"},"share_on_mastodon":{"url":"https:\/\/pubeurope.com\/@fr\/115049610854683436","error":""},"_links":{"self":[{"href":"https:\/\/www.europesays.com\/fr\/wp-json\/wp\/v2\/posts\/326988","targetHints":{"allow":["GET"]}}],"collection":[{"href":"https:\/\/www.europesays.com\/fr\/wp-json\/wp\/v2\/posts"}],"about":[{"href":"https:\/\/www.europesays.com\/fr\/wp-json\/wp\/v2\/types\/post"}],"author":[{"embeddable":true,"href":"https:\/\/www.europesays.com\/fr\/wp-json\/wp\/v2\/users\/2"}],"replies":[{"embeddable":true,"href":"https:\/\/www.europesays.com\/fr\/wp-json\/wp\/v2\/comments?post=326988"}],"version-history":[{"count":0,"href":"https:\/\/www.europesays.com\/fr\/wp-json\/wp\/v2\/posts\/326988\/revisions"}],"wp:featuredmedia":[{"embeddable":true,"href":"https:\/\/www.europesays.com\/fr\/wp-json\/wp\/v2\/media\/326989"}],"wp:attachment":[{"href":"https:\/\/www.europesays.com\/fr\/wp-json\/wp\/v2\/media?parent=326988"}],"wp:term":[{"taxonomy":"category","embeddable":true,"href":"https:\/\/www.europesays.com\/fr\/wp-json\/wp\/v2\/categories?post=326988"},{"taxonomy":"post_tag","embeddable":true,"href":"https:\/\/www.europesays.com\/fr\/wp-json\/wp\/v2\/tags?post=326988"}],"curies":[{"name":"wp","href":"https:\/\/api.w.org\/{rel}","templated":true}]}}