{"id":327001,"date":"2025-08-18T11:54:11","date_gmt":"2025-08-18T11:54:11","guid":{"rendered":"https:\/\/www.europesays.com\/fr\/327001\/"},"modified":"2025-08-18T11:54:11","modified_gmt":"2025-08-18T11:54:11","slug":"les-promesses-non-tenues-de-lallemagne-vis-a-vis-des-afghans","status":"publish","type":"post","link":"https:\/\/www.europesays.com\/fr\/327001\/","title":{"rendered":"Les promesses non tenues de l\u2019Allemagne vis-\u00e0-vis des Afghans"},"content":{"rendered":"<p>Des centaines d\u2019Afghans attendent toujours, f\u00e9brilement, au Pakistan leur \u00e9vacuation vers l\u2019Allemagne. Des activistes, artistes, journalistes, d\u2019anciens salari\u00e9s de l\u2019arm\u00e9e allemande, la Bundeswehr, qui fut longtemps engag\u00e9e dans l\u2019op\u00e9ration de maintien de la paix en Afghanistan au c\u00f4t\u00e9 des Am\u00e9ricains jusqu\u2019au retour des <a href=\"https:\/\/www.la-croix.com\/international\/afghanistan-quatre-ans-apres-le-retour-des-talibans-la-situation-humanitaire-se-deteriore-20250814\" data-tracking=\"inpage_click\" data-tracking-action=\"suivre un lien dans l&#039;article\" data-tracking-category=\"engagement\" rel=\"nofollow noopener\" target=\"_blank\">Talibans<\/a> au pouvoir voici quatre ans\u2026 Menac\u00e9s par le r\u00e9gime de Kaboul, tous avaient re\u00e7u du pr\u00e9c\u00e9dent gouvernement allemand, celui d\u2019Olaf Scholz, la promesse d\u2019obtenir l\u2019asile en Allemagne. Or elles attendent toujours leur \u00e9vacuation, se terrant au Pakistan, dans l\u2019attente des papiers qui leur permettraient de s\u2019exiler. Depuis 2021, Berlin a accueilli 35\u00a0000 Afghans menac\u00e9s par les Talibans.<\/p>\n<p>Cet article est r\u00e9serv\u00e9 aux abonn\u00e9s<\/p>\n<p>\n                    Vous souhaitez lire la suite\u00a0? Abonnez-vous sans engagement \u00e0 notre offre num\u00e9rique\n                <\/p>\n<p>                <a href=\"https:\/\/www.la-croix.com\/abonnement\" class=\"default-paywall__subscribe-button\" data-tracking=\"cta_click\" data-tracking-action=\"voir la page abonnement\" data-tracking-category=\"abonnement\" rel=\"nofollow noopener\" target=\"_blank\">Je m&rsquo;abonne<\/a><\/p>\n","protected":false},"excerpt":{"rendered":"Des centaines d\u2019Afghans attendent toujours, f\u00e9brilement, au Pakistan leur \u00e9vacuation vers l\u2019Allemagne. Des activistes, artistes, journalistes, d\u2019anciens salari\u00e9s&hellip;\n","protected":false},"author":2,"featured_media":327002,"comment_status":"","ping_status":"","sticky":false,"template":"","format":"standard","meta":{"footnotes":""},"categories":[1587],"tags":[11,672,1804,1805,1803,1777,674,1801,12,1802],"class_list":{"0":"post-327001","1":"post","2":"type-post","3":"status-publish","4":"format-standard","5":"has-post-thumbnail","7":"category-allemagne","8":"tag-actualites","9":"tag-allemagne","10":"tag-bundesrepublik-deutschland","11":"tag-de","12":"tag-deutschland","13":"tag-eu","14":"tag-europe","15":"tag-germany","16":"tag-news","17":"tag-republique-federale-dallemagne"},"share_on_mastodon":{"url":"https:\/\/pubeurope.com\/@fr\/115049638394605962","error":""},"_links":{"self":[{"href":"https:\/\/www.europesays.com\/fr\/wp-json\/wp\/v2\/posts\/327001","targetHints":{"allow":["GET"]}}],"collection":[{"href":"https:\/\/www.europesays.com\/fr\/wp-json\/wp\/v2\/posts"}],"about":[{"href":"https:\/\/www.europesays.com\/fr\/wp-json\/wp\/v2\/types\/post"}],"author":[{"embeddable":true,"href":"https:\/\/www.europesays.com\/fr\/wp-json\/wp\/v2\/users\/2"}],"replies":[{"embeddable":true,"href":"https:\/\/www.europesays.com\/fr\/wp-json\/wp\/v2\/comments?post=327001"}],"version-history":[{"count":0,"href":"https:\/\/www.europesays.com\/fr\/wp-json\/wp\/v2\/posts\/327001\/revisions"}],"wp:featuredmedia":[{"embeddable":true,"href":"https:\/\/www.europesays.com\/fr\/wp-json\/wp\/v2\/media\/327002"}],"wp:attachment":[{"href":"https:\/\/www.europesays.com\/fr\/wp-json\/wp\/v2\/media?parent=327001"}],"wp:term":[{"taxonomy":"category","embeddable":true,"href":"https:\/\/www.europesays.com\/fr\/wp-json\/wp\/v2\/categories?post=327001"},{"taxonomy":"post_tag","embeddable":true,"href":"https:\/\/www.europesays.com\/fr\/wp-json\/wp\/v2\/tags?post=327001"}],"curies":[{"name":"wp","href":"https:\/\/api.w.org\/{rel}","templated":true}]}}