{"id":327011,"date":"2025-08-18T11:59:09","date_gmt":"2025-08-18T11:59:09","guid":{"rendered":"https:\/\/www.europesays.com\/fr\/327011\/"},"modified":"2025-08-18T11:59:09","modified_gmt":"2025-08-18T11:59:09","slug":"voici-a-quoi-sattendre-a-lyon-et-dans-le-rhone","status":"publish","type":"post","link":"https:\/\/www.europesays.com\/fr\/327011\/","title":{"rendered":"voici \u00e0 quoi s&rsquo;attendre \u00e0 Lyon et dans le Rh\u00f4ne"},"content":{"rendered":"<p>            Par<br \/>\n        <strong><br \/>\n            <a href=\"https:\/\/actu.fr\/auteur\/anthony-soudani\" title=\"Consulter tous les articles de Anthony Soudani\" rel=\"nofollow noopener\" target=\"_blank\">Anthony Soudani<\/a><br \/>\n        <\/strong><\/p>\n<p>        Publi\u00e9 le<\/p>\n<p>            18 ao\u00fbt 2025 \u00e0 13h51        <\/p>\n<p>La canicule a pris fin \u00e0 <a href=\"https:\/\/actu.fr\/lyon\/\" rel=\"nofollow noopener\" target=\"_blank\">Lyon<\/a> et dans le Rh\u00f4ne ce dimanche 17 ao\u00fbt. Si la chaleur se fait encore sentir dans la capitale des Gaules ce lundi, avec pr\u00e8s de <strong>33\u00b0C dans l\u2019apr\u00e8s-midi<\/strong>, les temp\u00e9ratures vont chuter d\u00e8s mardi avec <a href=\"https:\/\/actu.fr\/auvergne-rhone-alpes\/lyon_69123\/rhone-des-orages-violents-et-une-baisse-des-temperatures-a-prevoir-les-secteurs-concernes_63044397.html\" rel=\"nofollow noopener\" target=\"_blank\">l\u2019arriv\u00e9e des orages<\/a>. Le Rh\u00f4ne est plac\u00e9 en <a href=\"https:\/\/actu.fr\/meteo\/retour-des-orages-forts-cette-semaine-en-france-voici-les-departements-deja-en-vigilance-ce-lundi_63044457.html\" rel=\"nofollow noopener\" target=\"_blank\">vigilance jaune<\/a>.<\/p>\n<p class=\" wall-content\">Voici les derni\u00e8res pr\u00e9visions de M\u00e9t\u00e9o-France et de Keraunos, observatoire fran\u00e7ais des tornades et orages violents.<\/p>\n<p>Des perturbations orageuses d\u00e8s mardi apr\u00e8s-midi<\/p>\n<p class=\" wall-content\">Le temps va virer \u00e0 l\u2019orage d\u00e8s mardi apr\u00e8s-midi sur la totalit\u00e9 du d\u00e9partement du Rh\u00f4ne. Des averses orageuses avec des rafales allant<strong> jusqu\u2019\u00e0 60 km\/h<\/strong> sont attendues \u00e0 Lyon. Cela devrait se calmer dans la soir\u00e9e, avant de reprendre de plus belle dans la nuit.\u00a0<\/p>\n<p class=\" wall-content\">Des orages sont en effet annonc\u00e9s dans la nuit de mardi \u00e0 mercredi \u00e0 Lyon et autour de la m\u00e9tropole. Les orages devraient de nouveau se produire sur la quasi-totalit\u00e9 du Rh\u00f4ne.<\/p>\n<p>Des orages plus violents dans le sud du Rh\u00f4ne<\/p>\n<p class=\" wall-content\">\u00ab\u00a0Le cut-off abordera progressivement la France par l\u2019Aquitaine. Les orages se multiplieront en journ\u00e9e sur un grand quart sud-est du pays. Ils seront parfois forts entre Occitanie, Auvergne et Alpes\u00a0\u00bb, pr\u00e9voit Keraunos dans son bulletin concernant le mardi 19 ao\u00fbt.<\/p>\n<p class=\" wall-content\">L\u2019Observatoire fran\u00e7ais des tornades et orages violents estime que la probabilit\u00e9 d\u2019orages est mod\u00e9r\u00e9e sur l\u2019ensemble du Rh\u00f4ne, voire \u00e9lev\u00e9e dans le sud du d\u00e9partement, \u00e0 la fronti\u00e8re de l\u2019Is\u00e8re (secteur de Vienne).\u00a0<\/p>\n<p class=\" wall-content\">Des orages violents sont d\u2019ailleurs possibles dans l\u2019Is\u00e8re et l\u2019Ain. Concernant le Rh\u00f4ne, les orages de plus forte intensit\u00e9 sont attendus dans le sud et sud-est du d\u00e9partement.<\/p>\n<p>Votre r\u00e9gion, votre actu !<\/p>\n<p>Recevez chaque jour les infos qui comptent pour vous.<\/p>\n<p>\t<a href=\"https:\/\/actu.fr\/newsletter\" class=\"ac-btn ac-btn--corner ac-btn--medium ac-btn--blue800\" rel=\"nofollow noopener\" target=\"_blank\">S&rsquo;incrire<\/a><br \/>\nEncore des orages mercredi ?\u00a0<\/p>\n<p class=\" wall-content\">M\u00e9t\u00e9o-France pr\u00e9voit \u00e9galement des orages dans le Rh\u00f4ne mercredi 20 ao\u00fbt. Ils pourraient \u00eatre une nouvelle fois accompagn\u00e9s d\u2019averses entre Belleville, Villefranche-sur-Sa\u00f4ne, L\u2019Arbresle et Soucieu-en-Jarrest.\u00a0<\/p>\n<p class=\" wall-content\">Dans l\u2019apr\u00e8s-midi, les orages pourraient gagner en intensit\u00e9 et concern\u00e9 la globalit\u00e9 du d\u00e9partement. \u00ab\u00a0Mercredi, le cut-off transitera sur les r\u00e9gions du sud. Dans ce contexte, un temps orageux concernera les trois quarts sud du pays, avec une activit\u00e9 plus marqu\u00e9e entre <strong>sud de la vall\u00e9e du Rh\u00f4ne<\/strong>, sud des Alpes et Corse\u00a0\u00bb, pr\u00e9voit Keraunos.<\/p>\n<p class=\" wall-content\">La probabilit\u00e9 d\u2019orages est \u00ab\u00a0faible\u00a0\u00bb dans la partie nord du Rh\u00f4ne et \u00ab\u00a0mod\u00e9r\u00e9e\u00a0\u00bb dans la partie sud, d\u2019apr\u00e8s l\u2019observatoire fran\u00e7ais des tornades et orages violents.<\/p>\n<p class=\" wall-content\">Personnalisez votre actualit\u00e9 en ajoutant vos villes et m\u00e9dias en favori avec <a href=\"https:\/\/moncompte.actu.fr\" title=\"D\u00e9couvez Mon Actu\" rel=\"nofollow noopener\" data-trk=\"{&quot;cta&quot;:{&quot;action&quot;:&quot;https:\\\/\\\/moncompte.actu.fr&quot;,&quot;category&quot;:&quot;mon compte&quot;,&quot;from&quot;:&quot;article footer&quot;,&quot;name&quot;:&quot;Mon actu&quot;,&quot;type&quot;:&quot;cta&quot;}}\" target=\"_blank\">Mon Actu<\/a>.<\/p>\n","protected":false},"excerpt":{"rendered":"Par Anthony Soudani Publi\u00e9 le 18 ao\u00fbt 2025 \u00e0 13h51 La canicule a pris fin \u00e0 Lyon et&hellip;\n","protected":false},"author":2,"featured_media":93273,"comment_status":"","ping_status":"","sticky":false,"template":"","format":"standard","meta":{"footnotes":""},"categories":[4],"tags":[11,1011,27,2487,2357,12,4594,25],"class_list":{"0":"post-327011","1":"post","2":"type-post","3":"status-publish","4":"format-standard","5":"has-post-thumbnail","7":"category-france","8":"tag-actualites","9":"tag-fr","10":"tag-france","11":"tag-meteo","12":"tag-meteo-france","13":"tag-news","14":"tag-orages","15":"tag-republique-francaise"},"share_on_mastodon":{"url":"https:\/\/pubeurope.com\/@fr\/115049658665734564","error":""},"_links":{"self":[{"href":"https:\/\/www.europesays.com\/fr\/wp-json\/wp\/v2\/posts\/327011","targetHints":{"allow":["GET"]}}],"collection":[{"href":"https:\/\/www.europesays.com\/fr\/wp-json\/wp\/v2\/posts"}],"about":[{"href":"https:\/\/www.europesays.com\/fr\/wp-json\/wp\/v2\/types\/post"}],"author":[{"embeddable":true,"href":"https:\/\/www.europesays.com\/fr\/wp-json\/wp\/v2\/users\/2"}],"replies":[{"embeddable":true,"href":"https:\/\/www.europesays.com\/fr\/wp-json\/wp\/v2\/comments?post=327011"}],"version-history":[{"count":0,"href":"https:\/\/www.europesays.com\/fr\/wp-json\/wp\/v2\/posts\/327011\/revisions"}],"wp:featuredmedia":[{"embeddable":true,"href":"https:\/\/www.europesays.com\/fr\/wp-json\/wp\/v2\/media\/93273"}],"wp:attachment":[{"href":"https:\/\/www.europesays.com\/fr\/wp-json\/wp\/v2\/media?parent=327011"}],"wp:term":[{"taxonomy":"category","embeddable":true,"href":"https:\/\/www.europesays.com\/fr\/wp-json\/wp\/v2\/categories?post=327011"},{"taxonomy":"post_tag","embeddable":true,"href":"https:\/\/www.europesays.com\/fr\/wp-json\/wp\/v2\/tags?post=327011"}],"curies":[{"name":"wp","href":"https:\/\/api.w.org\/{rel}","templated":true}]}}