{"id":327012,"date":"2025-08-18T12:00:35","date_gmt":"2025-08-18T12:00:35","guid":{"rendered":"https:\/\/www.europesays.com\/fr\/327012\/"},"modified":"2025-08-18T12:00:35","modified_gmt":"2025-08-18T12:00:35","slug":"classement-mondial-scottie-scheffler-affole-les-compteurs-premier-top-10-pour-macintyre","status":"publish","type":"post","link":"https:\/\/www.europesays.com\/fr\/327012\/","title":{"rendered":"Classement mondial : Scottie Scheffler affole les compteurs. Premier top 10 pour MacIntyre"},"content":{"rendered":"<p>\t\t\t\t\t\t<img width=\"770\" height=\"556\" src=\"https:\/\/www.europesays.com\/fr\/wp-content\/uploads\/2025\/06\/afp__20250619__2220969678__v1__midres__travelerschampionship2025roundone-770x556.jpg\" class=\"img-responsive wp-post-image\" alt=\"Photo by Alex Goodlett \/ GETTY IMAGES NORTH AMERICA \/ Getty Images via AFP\" decoding=\"async\" fetchpriority=\"high\"  \/>\t\t\t\t\t<\/p>\n<p>\t\t\t\t\t\t Partager cet article <\/p>\n<p class=\"screen-reader-text juiz_sps_maybe_hidden_text\">Partager la publication \u00ab\u00a0Classement mondial : Scottie Scheffler affole les compteurs. Premier top 10 pour MacIntyre\u00a0\u00bb<\/p>\n<p><strong>Victorieux de son 5e tournoi de la saison (dont deux Majeurs) ce dimanche 17 ao\u00fbt au BMW Championship, Scottie Scheffler fr\u00f4le d\u00e9sormais au classement mondial la moyenne de 22 points (21,2265) que seul Tiger Woods \u00e9tait parvenu \u00e0 atteindre \u00e0 sa tr\u00e8s grande \u00e9poque. Le Texan d\u2019adoption laisse son dauphin, Rory McIlroy, \u00e0 presque dix points derri\u00e8re. Affolant ! Deuxi\u00e8me de ce m\u00eame BMW Championship, Robert MacIntyre acc\u00e8de \u00e0 la 8e place mondiale. C\u2019est une premi\u00e8re pour le gaucher \u00e9cossais !\u00a0<\/strong><\/p>\n<p>\t\t\t\t\t<a id=\"177181\" href=\"http:\/\/charleskent-golf.com\/andalucia-majors\/\" target=\"_blank\" rel=\"sponsorised nofollow noopener\"><img decoding=\"async\" src=\"data:image\/svg+xml,%3Csvg%20xmlns=\" http:=\"\" class=\"img-responsive\" alt=\"\" data-lazy-src=\"https:\/\/www.europesays.com\/fr\/wp-content\/uploads\/2025\/06\/charleskent-e03-andalucia-majors-1170x275-1.gif\"\/><\/a><\/p>\n<p><strong>L.V.<\/strong><\/p>\n<p>Plus rien ne semble arr\u00eater <strong>Scottie Scheffler<\/strong> dans sa qu\u00eate de l\u2019excellence ! <a href=\"https:\/\/www.golfplanete.com\/actualites\/pga-tour-bmw-championship-scottie-scheffler-ecrit-lhistoire-au-terme-dune-remontee-sensationnelle\/\" target=\"_blank\" rel=\"noopener nofollow\">En l\u2019emportant dans le Maryland au BMW Championship<\/a>, le natif de Ridgewood, dans le New Jersey, accroche un cinqui\u00e8me succ\u00e8s cette saison sur le <strong>PGA Tour<\/strong>. C\u2019est la seconde fois d\u2019affil\u00e9e qu\u2019il r\u00e9alise un tel exploit. Seul <strong>Tiger Woods<\/strong> l\u2019avait fait avant lui. A\u2026 six reprises !\u00a0<\/p>\n<p>L\u2019autre point commun avec le Tigre, c\u2019est que le Texan d\u2019adoption flirte d\u00e9sormais avec les 22 points de moyenne au classement mondial. Au 17 ao\u00fbt 2025, il affiche ainsi une impressionnante moyenne de 21,2265. A titre de comparaison, <strong>Rory McIlroy<\/strong>, deuxi\u00e8me de ce m\u00eame classement mondial, propose une moyenne de\u2026 11,2596. Soit un \u00e9cart de presque dix points. 9,9669 tr\u00e8s exactement !\u00a0<\/p>\n<p>\t\t\t\t\t<a id=\"174987\" href=\"https:\/\/www.sudfrancegolf.com\/fr\/\" target=\"_blank\" rel=\"sponsorised nofollow noopener\"><img decoding=\"async\" src=\"data:image\/svg+xml,%3Csvg%20xmlns=\" http:=\"\" class=\"img-responsive\" alt=\"\" data-lazy-src=\"https:\/\/www.europesays.com\/fr\/wp-content\/uploads\/2025\/06\/giesudfrancegolf-e02-egolf-pass-2025-v2-1170x275-1.gif\"\/><\/a><br \/>\nLes 281 semaines cons\u00e9cutives de Tiger Woods dans le viseur<\/p>\n<p>Num\u00e9ro 1 mondial sans interruption depuis 118 semaines, Scottie Scheffler devrait, pour \u00e9galer son illustre ain\u00e9 (281 semaines d\u2019affil\u00e9e), rester n\u00b01 mondial jusqu\u2019en novembre\u2026 2028 ! Bref, il y a encore du chemin \u00e0 faire pour l\u2019Am\u00e9ricain pas encore trentenaire mais il est de toute \u00e9vidence en train d\u2019affoler tous les compteurs.\u00a0<\/p>\n<p>A une toute autre \u00e9chelle, signalons la tr\u00e8s belle avanc\u00e9e de <strong>Robert MacIntyre<\/strong> dans le top 10 mondial. L\u2019Ecossais, deuxi\u00e8me du BMW Championship, est d\u00e9sormais 8e, soit huit places de mieux que la semaine pass\u00e9e. C\u2019est la premi\u00e8re fois que le Britannique occupe un tel rang. Son meilleur classement jusque-l\u00e0 \u00e9tait une 12e place obtenue le 15 juin dernier. Toujours dans ce top 10 mondial, on remarque aussi la pr\u00e9sence de <strong>Tommy Fleetwood<\/strong>, 10e (+3).\u00a0<\/p>\n<p>\t\t\t\t\t<a id=\"179385\" href=\"https:\/\/tickets.europeantour.com\/eut\/#\/c6906933-bb43-434b-a22d-0ae172a572d4\/shop\/custom-pack?fac=EUT&amp;locale=fr&amp;skin=pgaetodf&amp;utm_campaign=ODF&amp;utm_content=Ticketing&amp;utm_medium=Web&amp;utm_source=Partner&amp;utm_term=PavonGolfPlanete\" target=\"_blank\" rel=\"sponsorised nofollow noopener\"><img decoding=\"async\" src=\"data:image\/svg+xml,%3Csvg%20xmlns=\" http:=\"\" class=\"img-responsive\" alt=\"\" data-lazy-src=\"https:\/\/www.europesays.com\/fr\/wp-content\/uploads\/2025\/07\/opendefrance-e03-plateau-1407-1170x275-1.jpg\"\/><\/a><\/p>\n<p><img loading=\"lazy\" decoding=\"async\" class=\"wp-image-182701 size-large aligncenter\" src=\"data:image\/svg+xml,%3Csvg%20xmlns=\" http:=\"\" alt=\"\" width=\"770\" height=\"467\" data-lazy- data-lazy- data-lazy-src=\"https:\/\/www.europesays.com\/fr\/wp-content\/uploads\/2025\/08\/captureclassmond1bis-770x467.jpg\"\/><\/p>\n<p><img loading=\"lazy\" decoding=\"async\" class=\"wp-image-182702 size-large aligncenter\" src=\"data:image\/svg+xml,%3Csvg%20xmlns=\" http:=\"\" alt=\"\" width=\"770\" height=\"453\" data-lazy- data-lazy- data-lazy-src=\"https:\/\/www.europesays.com\/fr\/wp-content\/uploads\/2025\/08\/captureclassmondial2-770x453.jpg\"\/><\/p>\n<p>\t\t\t\t\t<a id=\"181426\" href=\"https:\/\/leclub-golf.com\/fr\/green-fees?online=1&amp;utm_source=golf+planete&amp;utm_medium=referral&amp;utm_campaign=green+fee+en+ligne&amp;utm_id=green+fee+en+ligne_golf+planete_referral_banner\" target=\"_blank\" rel=\"sponsorised nofollow noopener\"><img decoding=\"async\" src=\"data:image\/svg+xml,%3Csvg%20xmlns=\" http:=\"\" class=\"img-responsive\" alt=\"\" data-lazy-src=\"https:\/\/www.europesays.com\/fr\/wp-content\/uploads\/2025\/08\/leclubgolf-e09-effet-classique-1170x275png.png\"\/><\/a><\/p>\n<p>Chez les Fran\u00e7ais, <strong>Victor Perez<\/strong>, <a href=\"https:\/\/www.golfplanete.com\/actualites\/victor-perez-mise-tout-ou-presque-sur-les-falls-series\/\" target=\"_blank\" rel=\"noopener nofollow\">qui retrouvera la comp\u00e9tition le 11 septembre au Procore Championship<\/a>, premier des sept tournois du <strong>FedEx Cup Fall<\/strong>, apparait \u00e0 la 110e place mondiale devant <strong>Matthieu Pavon<\/strong> (117e, -2), <strong>Martin Couvra<\/strong> (132e, +2) et <strong>Adrien Saddier<\/strong> (138e, =).<\/p>\n<p><a href=\"https:\/\/www.golfplanete.com\/actualites\/david-law-simpose-devant-des-bleus-tres-actifs\/\" target=\"_blank\" rel=\"noopener nofollow\">4e en Finlande sur l\u2019HotelPlanner Tour (ex-Challenge Tour)<\/a>, <strong>Oihan Guillamoundeguy<\/strong> avance de 25 places (335e) tandis que <strong>Cl\u00e9ment Guichard,<\/strong> <a href=\"https:\/\/www.golfplanete.com\/actualites\/clement-guichard-simpose-aux-pays-bas-et-prend-une-serieuse-option-sur-la-montee\/\" target=\"_blank\" rel=\"noopener nofollow\">vainqueur sur le Pro Golf Tour<\/a>, effectue un bond important. Le Normand entre dans le top 1000 : 904e (+254).\u00a0<\/p>\n<p>\t\t\t\t\t<a id=\"181417\" href=\"https:\/\/cabotbordeaux.com\/fr\/booking\/training-golf\" target=\"_blank\" rel=\"sponsorised nofollow noopener\"><img decoding=\"async\" src=\"data:image\/svg+xml,%3Csvg%20xmlns=\" http:=\"\" class=\"img-responsive\" alt=\"\" data-lazy-src=\"https:\/\/www.europesays.com\/fr\/wp-content\/uploads\/2025\/08\/cabot-e04-stage-septembre-1170x275-1.gif\"\/><\/a><\/p>\n<p><img loading=\"lazy\" decoding=\"async\" class=\"wp-image-182696 size-large aligncenter\" src=\"data:image\/svg+xml,%3Csvg%20xmlns=\" http:=\"\" alt=\"\" width=\"770\" height=\"494\" data-lazy- data-lazy- data-lazy-src=\"https:\/\/www.europesays.com\/fr\/wp-content\/uploads\/2025\/08\/captureclassfrench1-770x494.jpg\"\/><\/p>\n<p><img loading=\"lazy\" decoding=\"async\" class=\"wp-image-182697 size-large aligncenter\" src=\"data:image\/svg+xml,%3Csvg%20xmlns=\" http:=\"\" alt=\"\" width=\"770\" height=\"533\" data-lazy- data-lazy- data-lazy-src=\"https:\/\/www.europesays.com\/fr\/wp-content\/uploads\/2025\/08\/captureclassfrench2-1-770x533.jpg\"\/><\/p>\n<p>\t\t\t\t\t<a id=\"181434\" href=\"https:\/\/www.omegaeuropeanmasters.com\/fr\/tickets\/tickets\" target=\"_blank\" rel=\"sponsorised nofollow noopener\"><img decoding=\"async\" src=\"data:image\/svg+xml,%3Csvg%20xmlns=\" http:=\"\" class=\"img-responsive\" alt=\"\" data-lazy-src=\"https:\/\/www.europesays.com\/fr\/wp-content\/uploads\/2025\/08\/omegamasters-e02-billetterie-om25-1170x275-1.jpg\"\/><\/a><\/p>\n<p>Photo : Alex Goodlett \/ GETTY IMAGES NORTH AMERICA \/ Getty Images via AFP<\/p>\n<p>\t\t\t\t\t<a id=\"181442\" href=\"https:\/\/www.formigolf.fr\/voyage-pays~fairplay_golf__spa_resort_5etoiles_cadiz~199~espagne\" target=\"_blank\" rel=\"sponsorised nofollow noopener\"><img decoding=\"async\" src=\"data:image\/svg+xml,%3Csvg%20xmlns=\" http:=\"\" class=\"img-responsive\" alt=\"\" data-lazy-src=\"https:\/\/www.europesays.com\/fr\/wp-content\/uploads\/2025\/08\/formigolf-e08-andalousie-cadiz-1170x275-1.gif\"\/><\/a><\/p>\n","protected":false},"excerpt":{"rendered":"Partager cet article Partager la publication \u00ab\u00a0Classement mondial : Scottie Scheffler affole les compteurs. Premier top 10 pour&hellip;\n","protected":false},"author":2,"featured_media":190946,"comment_status":"","ping_status":"","sticky":false,"template":"","format":"standard","meta":{"footnotes":""},"categories":[1418],"tags":[1011,27,1472,60],"class_list":{"0":"post-327012","1":"post","2":"type-post","3":"status-publish","4":"format-standard","5":"has-post-thumbnail","7":"category-golf","8":"tag-fr","9":"tag-france","10":"tag-golf","11":"tag-sports"},"share_on_mastodon":{"url":"https:\/\/pubeurope.com\/@fr\/115049661934751145","error":""},"_links":{"self":[{"href":"https:\/\/www.europesays.com\/fr\/wp-json\/wp\/v2\/posts\/327012","targetHints":{"allow":["GET"]}}],"collection":[{"href":"https:\/\/www.europesays.com\/fr\/wp-json\/wp\/v2\/posts"}],"about":[{"href":"https:\/\/www.europesays.com\/fr\/wp-json\/wp\/v2\/types\/post"}],"author":[{"embeddable":true,"href":"https:\/\/www.europesays.com\/fr\/wp-json\/wp\/v2\/users\/2"}],"replies":[{"embeddable":true,"href":"https:\/\/www.europesays.com\/fr\/wp-json\/wp\/v2\/comments?post=327012"}],"version-history":[{"count":0,"href":"https:\/\/www.europesays.com\/fr\/wp-json\/wp\/v2\/posts\/327012\/revisions"}],"wp:featuredmedia":[{"embeddable":true,"href":"https:\/\/www.europesays.com\/fr\/wp-json\/wp\/v2\/media\/190946"}],"wp:attachment":[{"href":"https:\/\/www.europesays.com\/fr\/wp-json\/wp\/v2\/media?parent=327012"}],"wp:term":[{"taxonomy":"category","embeddable":true,"href":"https:\/\/www.europesays.com\/fr\/wp-json\/wp\/v2\/categories?post=327012"},{"taxonomy":"post_tag","embeddable":true,"href":"https:\/\/www.europesays.com\/fr\/wp-json\/wp\/v2\/tags?post=327012"}],"curies":[{"name":"wp","href":"https:\/\/api.w.org\/{rel}","templated":true}]}}