{"id":327025,"date":"2025-08-18T12:09:18","date_gmt":"2025-08-18T12:09:18","guid":{"rendered":"https:\/\/www.europesays.com\/fr\/327025\/"},"modified":"2025-08-18T12:09:18","modified_gmt":"2025-08-18T12:09:18","slug":"alain-delon-a-quoi-ressemble-sa-sublime-propriete-de-douchy-decoree-par-mireille-darc","status":"publish","type":"post","link":"https:\/\/www.europesays.com\/fr\/327025\/","title":{"rendered":"Alain Delon : \u00e0 quoi ressemble sa sublime propri\u00e9t\u00e9 de Douchy, d\u00e9cor\u00e9e par Mireille Darc ?"},"content":{"rendered":"<p>Alain Delon avait manifest\u00e9 son d\u00e9sir de vivre ses derniers<br \/>\nmoments \u00e0 Douchy, o\u00f9 il passait une grande partie de son temps<br \/>\nchaque ann\u00e9e. Cette vaste propri\u00e9t\u00e9 de 120 hectares, o\u00f9 il a v\u00e9cu<br \/>\navec Mireille Darc, est situ\u00e9e \u00e0 l&rsquo;abri des regards indiscrets et<br \/>\ndes photographes gr\u00e2ce \u00e0 ses murs et sa grille. C&rsquo;est dans le<br \/>\nvillage de Douchy-Montcorbon, dans le G\u00e2tinais, que l&rsquo;acteur avait<br \/>\nchoisi de s&rsquo;installer. \u00ab\u00a0Sa derni\u00e8re volont\u00e9 est de terminer ses<br \/>\njours \u00e0 Douchy et elle sera honor\u00e9e. Mon p\u00e8re est tr\u00e8s attach\u00e9 \u00e0<br \/>\ncette maison car il l&rsquo;a b\u00e2tie et y a v\u00e9cu : chaque parcelle de<br \/>\nDouchy lui ressemble, porte son empreinte. C&rsquo;est son<br \/>\nchez-lui&#8230;\u00a0\u00bb, avait d\u00e9clar\u00e9 son fils a\u00een\u00e9 Anthony dans une<br \/>\ninterview pour Paris Match au d\u00e9but de 2024. Depuis 50<br \/>\nans, l&rsquo;acteur du film Le Gu\u00e9pard avait fait de cet endroit son<br \/>\nsanctuaire.<\/p>\n<p><strong>Quand Alain Delon s&rsquo;installe \u00e0 Douchy, la propri\u00e9t\u00e9 a<br \/>\n\u00e9t\u00e9 ravag\u00e9e par un incendie<\/strong>. L&rsquo;acteur entreprend d&rsquo;abord<br \/>\nde d\u00e9molir le ch\u00e2teau, puis de creuser un \u00e9tang avant de faire<br \/>\n\u00e9riger une maison toute neuve, compl\u00e9t\u00e9e par un nouveau parc. \u00c0<br \/>\nl&rsquo;int\u00e9rieur, on y trouve une grande salle \u00e0 manger avec une<br \/>\nchemin\u00e9e, un bar, une piscine int\u00e9rieure, une salle de sport et<br \/>\nm\u00eame une salle de jeux \u00e9quip\u00e9e de flippers, d&rsquo;une table de poker et<br \/>\nde machines \u00e0 sous. Ce havre de paix a \u00e9t\u00e9 principalement con\u00e7u<br \/>\npour abriter <strong>son histoire d&rsquo;amour avec l&rsquo;une des femmes<br \/>\nc\u00e9l\u00e8bres de sa vie, <a href=\"https:\/\/www.closermag.fr\/people\/anouchka-delon-sa-mere-rosalie-van-breemen-installee-a-douchy-la-situation-se-tend-3408125\" rel=\"nofollow noopener\" target=\"_blank\"><br \/>\nMireille Darc<\/a><\/strong>. L&rsquo;actrice, qu&rsquo;il appelle tendrement<br \/>\n\u00ab\u00a0Mimi\u00a0\u00bb, se chargera de la d\u00e9coration int\u00e9rieure, tandis que lui<br \/>\ns&rsquo;occupera du jardin.<\/p>\n<blockquote class=\"instagram-media\" style=\"background: #FFF; border: 0; border-radius: 3px; margin: 1px; max-width: 540px; min-width: 326px; padding: 0; width: calc(100% - 2px);\" data-instgrm-captioned=\"\" data-instgrm-permalink=\"https:\/\/www.instagram.com\/p\/C1QIeuzKkv9\/?utm_source=ig_embed&amp;utm_campaign=loading\" data-instgrm-version=\"14\">\n<\/blockquote>\n<p><strong>Pourquoi Alain Delon tient<br \/>\ntant \u00e0 Douchy<\/strong><\/p>\n<p class=\"p1\"><strong>Le <a href=\"https:\/\/www.closermag.fr\/people\/alain-delon-cette-habitude-prise-a-douchy-qui-la-suivi-jusqua-la-fin-de-sa-vie-3571666\" rel=\"nofollow noopener\" target=\"_blank\"><br \/>\ndomaine de Douchy<\/a><\/strong> occupait une place particuli\u00e8re dans<br \/>\nle coeur d&rsquo;Alain Delon. Le moindre de ses recoins rec\u00e8le des<br \/>\nhistoires intimes, des souvenirs heureux et des anecdotes avec<br \/>\nMireille Darc, mais aussi avec sa famille et ses amis. La terre du<br \/>\ndomaine compte pour beaucoup dans l&rsquo;affection que lui porte<br \/>\nl&rsquo;acteur. <strong>Les plus de 50 chiens<\/strong> qui l&rsquo;ont foul\u00e9e<br \/>\n<strong>y sont tous enterr\u00e9s.<\/strong> Leur propri\u00e9taire a pris le<br \/>\nsoin de faire graver le nom de chacun d&rsquo;eux sur des pierres plates<br \/>\net de regrouper leurs tombes par carr\u00e9s. C&rsquo;est \u00e9galement l\u00e0 o\u00f9<br \/>\nl&rsquo;acteur a souhaitait \u00e9tablir sa derni\u00e8re demeure. Souhait respect\u00e9<br \/>\npar sa famille. Il a \u00e9t\u00e9 inhum\u00e9 dans la plus stricte intimit\u00e9<br \/>\nfamiliale\u00a0 pr\u00e8s de ses chiens, une proc\u00e9dure accord\u00e9e \u00e0 \u00ab\u00a0titre<br \/>\nexceptionnel\u00a0\u00bb, qui a n\u00e9cessit\u00e9 une autorisation pr\u00e9fectorale.<\/p>\n<p>Diaporama<br \/>\n<img decoding=\"async\" class=\"diapo_img img-responsive lazy-load\" loading=\"lazy\" src=\"https:\/\/www.europesays.com\/fr\/wp-content\/uploads\/2025\/04\/douchy-2.jpeg\"\/><\/p>\n<p>Bestimage<\/p>\n<p>1\/6 La derni\u00e8re demeure d&rsquo;Alain Delon<\/p>\n<p class=\"p1\">La forteresse s&rsquo;\u00e9tend sur 120 hectares, \u00e0 l&rsquo;abri des<br \/>\ncam\u00e9ras et autres curieux importuns. Des murs et une grille<br \/>\nach\u00e8vent de la prot\u00e9ger des regards. Ce sont dans les environs de<br \/>\nvillage de Douchy-Montcorbon, dans le G\u00e2tinais, qu&rsquo;Alain Delon a<br \/>\n\u00e9lu domicile.<\/p>\n<p><img decoding=\"async\" class=\"diapo_img img-responsive lazy-load\" loading=\"lazy\" src=\"https:\/\/www.europesays.com\/fr\/wp-content\/uploads\/2025\/08\/douchy-1.jpeg\"\/><\/p>\n<p>Capture d&rsquo;\u00e9cran &lsquo;MIREILLE DARC, LA<br \/>\nFEMME LIBRE \/ France 3<\/p>\n<p>2\/6 La tani\u00e8re du Gu\u00e9pard<\/p>\n<p class=\"p1\">\u00ab\u00a0Finir ses jours \u00e0 Douchy est sa derni\u00e8re volont\u00e9<br \/>\net elle sera respect\u00e9e. Mon p\u00e8re est attach\u00e9 \u00e0 cette maison car il<br \/>\nl&rsquo;a construite, l&rsquo;a habit\u00e9e\u00a0: chaque centim\u00e8tre carr\u00e9 de<br \/>\nDouchy lui ressemble, est charg\u00e9 de son histoire. C&rsquo;est chez<br \/>\nlui\u2026\u00a0\u00bb, a r\u00e9cemment expliqu\u00e9 son fils Anthony dans une longue<br \/>\ninterview accord\u00e9e au magazine Paris Match. Le Gu\u00e9pard y a<br \/>\n\u00e9tabli sa tani\u00e8re depuis 50 ans.<\/p>\n<p><img decoding=\"async\" class=\"diapo_img img-responsive lazy-load\" loading=\"lazy\" src=\"https:\/\/www.europesays.com\/fr\/wp-content\/uploads\/2025\/08\/douchy-3.jpg\"\/><\/p>\n<p>Capture d&rsquo;\u00e9cran &lsquo;MIREILLE DARC, LA<br \/>\nFEMME LIBRE \/ France 3<\/p>\n<p>3\/6 Les travaux d&rsquo;Alain Delon \u00e0 Douchy<\/p>\n<p class=\"p1\">Lorsqu&rsquo;Alain Delon pose ses valises \u00e0 Douchy, le<br \/>\ndomaine a \u00e9t\u00e9 endommag\u00e9 par un incendie. L&rsquo;acteur commence par<br \/>\nd\u00e9molir le ch\u00e2teau avant de faire creuser un \u00e9tang puis sortir de<br \/>\nterre une maison flambant neuve agr\u00e9ment\u00e9e d&rsquo;un nouveau parc.<\/p>\n<p><img decoding=\"async\" class=\"diapo_img img-responsive lazy-load\" loading=\"lazy\" src=\"https:\/\/www.europesays.com\/fr\/wp-content\/uploads\/2025\/08\/douchy-3.jpeg\"\/><\/p>\n<p>DOUCHY &#8211; LE CH\u00c2TEAU DE LA<br \/>\nBRULERIE<\/p>\n<p>4\/6 Le paradis d&rsquo;Alain Delon<\/p>\n<p class=\"p1\">A l&rsquo;int\u00e9rieur, on trouve p\u00eale-m\u00eale une grande salle \u00e0<br \/>\nmanger avec chemin\u00e9e, un bar, une piscine int\u00e9rieure, une salle de<br \/>\nsport ou encore une salle de jeux avec flippers, table de poker,<br \/>\nmachines \u00e0 sous.\u00a0<\/p>\n<p><img decoding=\"async\" class=\"diapo_img img-responsive lazy-load\" loading=\"lazy\" src=\"https:\/\/www.europesays.com\/fr\/wp-content\/uploads\/2025\/08\/alain-delon-et-mireille-darc-1.jpg\"\/><\/p>\n<p>Capture d&rsquo;\u00e9cran &lsquo;MIREILLE DARC, LA<br \/>\nFEMME LIBRE \/ France 3<\/p>\n<p>5\/6 Le coin secret de Mireille Darc et<br \/>\nd&rsquo;Alain Delon<\/p>\n<p>Ce petit coin de paradis a surtout \u00e9t\u00e9 con\u00e7u pour abriter son<br \/>\nhistoire d&rsquo;amour avec l&rsquo;une des c\u00e9l\u00e8bres femmes de sa vie, Mireille<br \/>\nDarc. L&rsquo;actrice qu&rsquo;il surnomme affectueusement \u00ab\u00a0Mimi\u00a0\u00bb se chargera<br \/>\nde la d\u00e9coration d&rsquo;int\u00e9rieure, pendant que lui s&rsquo;affairera au<br \/>\njardin.<\/p>\n<p><img decoding=\"async\" class=\"diapo_img img-responsive lazy-load\" loading=\"lazy\" src=\"https:\/\/www.europesays.com\/fr\/wp-content\/uploads\/2025\/08\/alain-delon-et-mireille-darc-2.jpg\"\/><\/p>\n<p>Bestimage<\/p>\n<p>6\/6 Les souvenirs d&rsquo;Alain Delon et Mireille<br \/>\nDarc<\/p>\n<p class=\"p1\">Le domaine de Douchy occupe une place particuli\u00e8re<br \/>\ndans le coeur d&rsquo;Alain Delon. Le moindre de ses recoins rec\u00e8le des<br \/>\nhistoires intimes, des souvenirs heureux et des anecdotes avec<br \/>\nMireille Darc mais aussi avec sa famille et ses amis.<\/p>\n<p class=\"p1\">Le domaine de Douchy occupe une place particuli\u00e8re<br \/>\ndans le coeur d&rsquo;Alain Delon. Le moindre de ses recoins rec\u00e8le des<br \/>\nhistoires intimes, des souvenirs heureux et des anecdotes avec<br \/>\nMireille Darc mais aussi avec sa famille et ses amis.<\/p>\n<p><script async src=\"\/\/www.instagram.com\/embed.js\"><\/script><\/p>\n","protected":false},"excerpt":{"rendered":"Alain Delon avait manifest\u00e9 son d\u00e9sir de vivre ses derniers moments \u00e0 Douchy, o\u00f9 il passait une grande&hellip;\n","protected":false},"author":2,"featured_media":327026,"comment_status":"","ping_status":"","sticky":false,"template":"","format":"standard","meta":{"footnotes":""},"categories":[1359],"tags":[5960,6053,58,59,1011,27,1638,973,6055],"class_list":{"0":"post-327025","1":"post","2":"type-post","3":"status-publish","4":"format-standard","5":"has-post-thumbnail","7":"category-people","8":"tag-alain-delon","9":"tag-diapo-infini","10":"tag-divertissement","11":"tag-entertainment","12":"tag-fr","13":"tag-france","14":"tag-has_diapo","15":"tag-people","16":"tag-republishing"},"share_on_mastodon":{"url":"https:\/\/pubeurope.com\/@fr\/115049697570239749","error":""},"_links":{"self":[{"href":"https:\/\/www.europesays.com\/fr\/wp-json\/wp\/v2\/posts\/327025","targetHints":{"allow":["GET"]}}],"collection":[{"href":"https:\/\/www.europesays.com\/fr\/wp-json\/wp\/v2\/posts"}],"about":[{"href":"https:\/\/www.europesays.com\/fr\/wp-json\/wp\/v2\/types\/post"}],"author":[{"embeddable":true,"href":"https:\/\/www.europesays.com\/fr\/wp-json\/wp\/v2\/users\/2"}],"replies":[{"embeddable":true,"href":"https:\/\/www.europesays.com\/fr\/wp-json\/wp\/v2\/comments?post=327025"}],"version-history":[{"count":0,"href":"https:\/\/www.europesays.com\/fr\/wp-json\/wp\/v2\/posts\/327025\/revisions"}],"wp:featuredmedia":[{"embeddable":true,"href":"https:\/\/www.europesays.com\/fr\/wp-json\/wp\/v2\/media\/327026"}],"wp:attachment":[{"href":"https:\/\/www.europesays.com\/fr\/wp-json\/wp\/v2\/media?parent=327025"}],"wp:term":[{"taxonomy":"category","embeddable":true,"href":"https:\/\/www.europesays.com\/fr\/wp-json\/wp\/v2\/categories?post=327025"},{"taxonomy":"post_tag","embeddable":true,"href":"https:\/\/www.europesays.com\/fr\/wp-json\/wp\/v2\/tags?post=327025"}],"curies":[{"name":"wp","href":"https:\/\/api.w.org\/{rel}","templated":true}]}}