{"id":327027,"date":"2025-08-18T12:10:12","date_gmt":"2025-08-18T12:10:12","guid":{"rendered":"https:\/\/www.europesays.com\/fr\/327027\/"},"modified":"2025-08-18T12:10:12","modified_gmt":"2025-08-18T12:10:12","slug":"a-berne-une-exposition-reunira-deux-tableaux-de-kirchner-separes-depuis-1933-rts-ch","status":"publish","type":"post","link":"https:\/\/www.europesays.com\/fr\/327027\/","title":{"rendered":"A Berne, une exposition r\u00e9unira deux tableaux de Kirchner s\u00e9par\u00e9s depuis 1933 &#8211; rts.ch"},"content":{"rendered":"<p>Samedi, le monumental tableau \u00ab\u00a0Sonntag der Bergbauern\u00a0\u00bb d&rsquo;Ernst Ludwig Kirchner a quitt\u00e9 Berlin pour Berne. Accroch\u00e9 \u00e0 la Chancellerie f\u00e9d\u00e9rale allemande depuis les ann\u00e9es 1970, il sera pr\u00e9sent\u00e9 pour la premi\u00e8re fois depuis 1933 au c\u00f4t\u00e9 de son pendant \u00e0 Berne lors d&rsquo;une exposition \u00e0 venir en septembre.<\/p>\n<p>Mesurant quatre m\u00e8tres de long et pr\u00e8s de deux m\u00e8tres de haut, la toile \u00ab\u00a0Sonntag der Bergbauern\u00a0\u00bb du peintre allemand Ernst Ludwig Kirchner (1880-1938) a \u00e9t\u00e9 sortie samedi de la Chancellerie f\u00e9d\u00e9rale allemande de Berlin \u00e0 l&rsquo;aide d&rsquo;une grue. Elle n&rsquo;arrivera \u00e0 Berne qu&rsquo;une semaine avant le d\u00e9but de l&rsquo;exposition \u00ab\u00a0Kirchner x Kirchner\u00a0\u00bb en septembre, a indiqu\u00e9 le Kunstmuseum de la ville.<\/p>\n<p>Les deux tableaux \u00ab\u00a0Sonntag der Bergbauern\u00a0\u00bb (\u00ab\u00a0Dimanche des paysans de montagne\u00a0\u00bb) et \u00ab\u00a0Alpsonntag. Szene am Brunnen\u00a0\u00bb (\u00ab\u00a0Dimanche sur l&rsquo;alpe. Sc\u00e8ne \u00e0 la fontaine\u00a0\u00bb) avaient \u00e9t\u00e9 pr\u00e9sent\u00e9s c\u00f4te \u00e0 c\u00f4te pour la derni\u00e8re fois en 1933 \u00e0 la Kunsthalle de Berne. Ils avaient alors inaugur\u00e9 une r\u00e9trospective de Kirchner, dont l&rsquo;artiste allemand \u00e9tait le commissaire.<\/p>\n<p>Un fait marquant que le Kunstmuseum comm\u00e9more avec son exposition qui d\u00e9butera le 12 septembre prochain et se terminera le 11 janvier 2026.<\/p>\n<p>Sensation historico-culturelle<\/p>\n<p>Con\u00e7ues comme un seul tableau par Kirchner, les deux oeuvres sont toutefois s\u00e9par\u00e9es depuis 92 ans. \u00ab\u00a0Alpsonntag. Szene am Brunnen\u00a0\u00bb fait partie de la collection du Kunstmuseum de Berne depuis 1933, \u00e0 l&rsquo;initiative de l&rsquo;artiste lui-m\u00eame.<\/p>\n<p> <img decoding=\"async\" src=\"https:\/\/www.europesays.com\/fr\/wp-content\/uploads\/2025\/08\/qrx8m7-28970867.image\" alt=\"Le tableau &quot;Alpsonntag. Szene am Brunnen&quot; fait partie de la collection du Kunstmuseum de Berne depuis 1933. [KEYSTONE - PETER KLAUNZER]\" title=\"Le tableau &quot;Alpsonntag. Szene am Brunnen&quot; fait partie de la collection du Kunstmuseum de Berne depuis 1933. [KEYSTONE - PETER KLAUNZER]\" loading=\"lazy\"\/>  Le tableau \u00ab\u00a0Alpsonntag. Szene am Brunnen\u00a0\u00bb fait partie de la collection du Kunstmuseum de Berne depuis 1933. [KEYSTONE &#8211; PETER KLAUNZER] <\/p>\n<p>\u00ab\u00a0Sonntag der Bergbauern\u00a0\u00bb a quant \u00e0 lui d&rsquo;abord \u00e9t\u00e9 pr\u00eat\u00e9, avant de rejoindre d\u00e9finitivement la collection d&rsquo;art de la R\u00e9publique f\u00e9d\u00e9rale d&rsquo;Allemagne en 1985. A l&rsquo;initiative du chancelier de l&rsquo;\u00e9poque, Helmut Schmidt, le tableau est accroch\u00e9 depuis 1970 dans la salle du cabinet de la chancellerie f\u00e9d\u00e9rale, d&rsquo;abord \u00e0 Bonn, puis \u00e0 Berlin.<\/p>\n<p>Le fait que la Chancellerie allemande ait exceptionnellement autoris\u00e9 le pr\u00eat de ce tableau, install\u00e9 de mani\u00e8re permanente et bien en vue, \u00ab\u00a0constitue un \u00e9v\u00e9nement qui fait sensation dans l\u2019histoire de l\u2019art et n&rsquo;est pas d\u00e9nu\u00e9 d&rsquo;implications culturelles et politiques importantes\u00a0\u00bb, souligne le mus\u00e9e bernois.<\/p>\n<p>Contenu externe<\/p>\n<p> Ce contenu externe ne peut pas \u00eatre affich\u00e9 car il est susceptible de collecter des donn\u00e9es personnelles. Pour voir ce contenu vous devez autoriser la cat\u00e9gorie <strong>R\u00e9seaux sociaux<\/strong>. <\/p>\n<p> Accepter Plus d&rsquo;info <\/p>\n<p>    Meret Oppenheim \u00e0 Berlin<\/p>\n<p>En \u00e9change du tableau monumental de Kirchner, le Kunstmuseum de Berne a pr\u00eat\u00e9 \u00e0 la Chancellerie allemande le tableau de Meret Oppenheim (1913-1985) \u00ab\u00a0Neue Sterne\u00a0\u00bb (\u00ab\u00a0Nouvelles \u00e9toiles\u00a0\u00bb).<\/p>\n<p>Cette oeuvre au format imposant est d\u00e9sormais accroch\u00e9e dans le b\u00e2timent. Artistiquement, \u00ab\u00a0Neue Sterne\u00a0\u00bb illustre le c\u00f4t\u00e9 surr\u00e9aliste d&rsquo;Oppenheim, l&rsquo;une des artistes helv\u00e9tiques les plus importantes du XXe si\u00e8cle.<\/p>\n<p class=\"sources\">ats\/ld<\/p>\n<p class=\"article-footnote\">\u00ab\u00a0Kirchner x Kirchner\u00a0\u00bb, Kunstmuseum, Berne, du 12 septembre 2025 au 11 janvier 2026.<\/p>\n","protected":false},"excerpt":{"rendered":"Samedi, le monumental tableau \u00ab\u00a0Sonntag der Bergbauern\u00a0\u00bb d&rsquo;Ernst Ludwig Kirchner a quitt\u00e9 Berlin pour Berne. Accroch\u00e9 \u00e0 la&hellip;\n","protected":false},"author":2,"featured_media":327028,"comment_status":"","ping_status":"","sticky":false,"template":"","format":"standard","meta":{"footnotes":""},"categories":[1358],"tags":[2593,1348,1384,1385,1693,2502,34132,46395,251,1386,58,59,46396,3293,37349,1011,27,46397,602],"class_list":{"0":"post-327027","1":"post","2":"type-post","3":"status-publish","4":"format-standard","5":"has-post-thumbnail","7":"category-arts-et-design","8":"tag-artiste","9":"tag-arts","10":"tag-arts-and-design","11":"tag-arts-et-design","12":"tag-arts-et-divertissement","13":"tag-arts-visuels","14":"tag-berne","15":"tag-bibliotheque-et-musee","16":"tag-culture","17":"tag-design","18":"tag-divertissement","19":"tag-entertainment","20":"tag-ernst-ludwig-kirchner","21":"tag-exposition","22":"tag-exposition-artistique","23":"tag-fr","24":"tag-france","25":"tag-meret-oppenheim","26":"tag-tourisme"},"share_on_mastodon":{"url":"https:\/\/pubeurope.com\/@fr\/115049701855164090","error":""},"_links":{"self":[{"href":"https:\/\/www.europesays.com\/fr\/wp-json\/wp\/v2\/posts\/327027","targetHints":{"allow":["GET"]}}],"collection":[{"href":"https:\/\/www.europesays.com\/fr\/wp-json\/wp\/v2\/posts"}],"about":[{"href":"https:\/\/www.europesays.com\/fr\/wp-json\/wp\/v2\/types\/post"}],"author":[{"embeddable":true,"href":"https:\/\/www.europesays.com\/fr\/wp-json\/wp\/v2\/users\/2"}],"replies":[{"embeddable":true,"href":"https:\/\/www.europesays.com\/fr\/wp-json\/wp\/v2\/comments?post=327027"}],"version-history":[{"count":0,"href":"https:\/\/www.europesays.com\/fr\/wp-json\/wp\/v2\/posts\/327027\/revisions"}],"wp:featuredmedia":[{"embeddable":true,"href":"https:\/\/www.europesays.com\/fr\/wp-json\/wp\/v2\/media\/327028"}],"wp:attachment":[{"href":"https:\/\/www.europesays.com\/fr\/wp-json\/wp\/v2\/media?parent=327027"}],"wp:term":[{"taxonomy":"category","embeddable":true,"href":"https:\/\/www.europesays.com\/fr\/wp-json\/wp\/v2\/categories?post=327027"},{"taxonomy":"post_tag","embeddable":true,"href":"https:\/\/www.europesays.com\/fr\/wp-json\/wp\/v2\/tags?post=327027"}],"curies":[{"name":"wp","href":"https:\/\/api.w.org\/{rel}","templated":true}]}}