{"id":327035,"date":"2025-08-18T12:14:20","date_gmt":"2025-08-18T12:14:20","guid":{"rendered":"https:\/\/www.europesays.com\/fr\/327035\/"},"modified":"2025-08-18T12:14:20","modified_gmt":"2025-08-18T12:14:20","slug":"decouvrez-les-premieres-images-deleanor-the-great-le-film-realise-par-scarlett-johanson","status":"publish","type":"post","link":"https:\/\/www.europesays.com\/fr\/327035\/","title":{"rendered":"D\u00e9couvrez les premi\u00e8res images d\u2019Eleanor the Great, le film r\u00e9alis\u00e9 par Scarlett Johanson"},"content":{"rendered":"<p>Pr\u00e9sent\u00e9 en mai dernier dans la section Un Certain Regard du 78\u1d49 Festival de Cannes, le film raconte l\u2019histoire d\u2019Eleanor Morgenstein, interpr\u00e9t\u00e9e par June Squibb (Nebraska), une nonag\u00e9naire p\u00e9tulante boulevers\u00e9e par la perte de sa meilleure amie. Elle prend la route de New York, afin notamment de retrouver sa fille (Jessica Hetch). En qu\u00eate de nouvelles rencontres, elle se retrouve dans un groupe de rescap\u00e9\u00b7es de la Shoah, o\u00f9 elle n\u2019a pas vraiment sa place. Son chemin croise ensuite celui d\u2019une journaliste et de son p\u00e8re (Erin Kellyman et Chiwetel Ejiofor), profond\u00e9ment boulevers\u00e9s par \u00ab\u00a0son\u00a0\u00bb histoire.<\/p>\n<p>\u00c0 travers ce r\u00e9cit port\u00e9 par le duo interg\u00e9n\u00e9rationnel Squibb-Kellyman, Scarlett Johansson explore des th\u00e8mes universels comme la perte d\u2019un proche, la solitude et la qu\u00eate de v\u00e9rit\u00e9. Elle a confi\u00e9 au magazine Deadline\u00a0:<\/p>\n<blockquote>\n<p>C\u2019est un film sur le deuil, sur les rapports humains et sur le pardon. Il s\u2019agit aussi de confronter la v\u00e9rit\u00e9 \u00e0 la r\u00e9alit\u00e9, et de se demander qui a le droit de raconter l\u2019histoire d\u2019autrui.<\/p>\n<\/blockquote>\n","protected":false},"excerpt":{"rendered":"Pr\u00e9sent\u00e9 en mai dernier dans la section Un Certain Regard du 78\u1d49 Festival de Cannes, le film raconte&hellip;\n","protected":false},"author":2,"featured_media":327036,"comment_status":"","ping_status":"","sticky":false,"template":"","format":"standard","meta":{"footnotes":""},"categories":[1354],"tags":[58,59,1346,1011,27,1360],"class_list":{"0":"post-327035","1":"post","2":"type-post","3":"status-publish","4":"format-standard","5":"has-post-thumbnail","7":"category-films","8":"tag-divertissement","9":"tag-entertainment","10":"tag-films","11":"tag-fr","12":"tag-france","13":"tag-movies"},"share_on_mastodon":{"url":"https:\/\/pubeurope.com\/@fr\/115049717081958400","error":""},"_links":{"self":[{"href":"https:\/\/www.europesays.com\/fr\/wp-json\/wp\/v2\/posts\/327035","targetHints":{"allow":["GET"]}}],"collection":[{"href":"https:\/\/www.europesays.com\/fr\/wp-json\/wp\/v2\/posts"}],"about":[{"href":"https:\/\/www.europesays.com\/fr\/wp-json\/wp\/v2\/types\/post"}],"author":[{"embeddable":true,"href":"https:\/\/www.europesays.com\/fr\/wp-json\/wp\/v2\/users\/2"}],"replies":[{"embeddable":true,"href":"https:\/\/www.europesays.com\/fr\/wp-json\/wp\/v2\/comments?post=327035"}],"version-history":[{"count":0,"href":"https:\/\/www.europesays.com\/fr\/wp-json\/wp\/v2\/posts\/327035\/revisions"}],"wp:featuredmedia":[{"embeddable":true,"href":"https:\/\/www.europesays.com\/fr\/wp-json\/wp\/v2\/media\/327036"}],"wp:attachment":[{"href":"https:\/\/www.europesays.com\/fr\/wp-json\/wp\/v2\/media?parent=327035"}],"wp:term":[{"taxonomy":"category","embeddable":true,"href":"https:\/\/www.europesays.com\/fr\/wp-json\/wp\/v2\/categories?post=327035"},{"taxonomy":"post_tag","embeddable":true,"href":"https:\/\/www.europesays.com\/fr\/wp-json\/wp\/v2\/tags?post=327035"}],"curies":[{"name":"wp","href":"https:\/\/api.w.org\/{rel}","templated":true}]}}