{"id":327037,"date":"2025-08-18T12:15:12","date_gmt":"2025-08-18T12:15:12","guid":{"rendered":"https:\/\/www.europesays.com\/fr\/327037\/"},"modified":"2025-08-18T12:15:12","modified_gmt":"2025-08-18T12:15:12","slug":"des-60-ans-le-vieillissement-saccelere-une-seule-collation-suffit-pour-vraiment-le-ralentir-selon-une-nutritionniste","status":"publish","type":"post","link":"https:\/\/www.europesays.com\/fr\/327037\/","title":{"rendered":"D\u00e8s 60\u00a0ans, le vieillissement s&rsquo;acc\u00e9l\u00e8re \u2014 une seule collation suffit pour vraiment le ralentir selon une nutritionniste"},"content":{"rendered":"<p>\n                Avec l&rsquo;\u00e2ge, certaines habitudes alimentaires gagnent en importance et l&rsquo;une d&rsquo;elle, tout particuli\u00e8rement, favoriserait une belle peau apr\u00e8s 60\u00a0ans.            <\/p>\n<p>Apr\u00e8s 60\u00a0ans, la masse musculaire diminue naturellement, le stress oxydatif augmente et le m\u00e9tabolisme perd en efficacit\u00e9. Le corps a alors besoin d&rsquo;un soutien quotidien en fibres, en antioxydants et en micronutriments cibl\u00e9s. Pas question pour autant de se tourner vers des poudres en sachet ou des compl\u00e9ments douteux. Certains aliments courants, bien choisis, peuvent ralentir les m\u00e9canismes du vieillissement. La cl\u00e9\u00a0: associer des compos\u00e9s qui agissent en synergie sur plusieurs fronts \u2013 inflammation, oxydation, glyc\u00e9mie, masse maigre \u2013 tout en restant faciles \u00e0 consommer.<\/p>\n<p>Dans un article du Vogue US, la nutritionniste Lauren Manaker pointe justement certains aliments cl\u00e9s pour bien vieillir. \u00ab\u00a0Les <a href=\"https:\/\/cuisine.journaldesfemmes.fr\/encyclopedie-produits\/1956843-framboise\/\" title=\"Framboise\" rel=\"nofollow noopener\" target=\"_blank\">framboises<\/a> font partie des meilleurs aliments pour bien vieillir. Elles apportent des fibres, des antioxydants et des nutriments essentiels comme la vitamine C et le magn\u00e9sium\u00a0\u00bb, explique-t-elle.\u00a0En clair\u00a0: ces petits fruits rouges ne se contentent pas d&rsquo;\u00eatre peu caloriques. Ils aident \u00e0 neutraliser les radicaux libres, ces mol\u00e9cules instables qui acc\u00e9l\u00e8rent le vieillissement cellulaire. Ils apportent aussi des ellagitanins, pr\u00e9curseurs d&rsquo;urolithines, des compos\u00e9s \u00e9tudi\u00e9s pour leur r\u00f4le dans la protection des mitochondries et la long\u00e9vit\u00e9 des cellules. Leur richesse en fibres aide \u00e0 stabiliser la glyc\u00e9mie et \u00e0 nourrir un microbiote diversifi\u00e9, un autre facteur cl\u00e9 dans le vieillissement en bonne sant\u00e9.<\/p>\n<p>Mais pour qu&rsquo;une <a href=\"https:\/\/sante.journaldesfemmes.fr\/fiches-nutrition\/2605561-collations-sante-meilleures-soir-rapide-sans-sucre-ecole-recette\/\" title=\"Collations\" rel=\"nofollow noopener\" target=\"_blank\">collation<\/a> ralentisse r\u00e9ellement les effets du temps, elle ne peut pas reposer sur un seul aliment. Il lui faut aussi des acides gras insatur\u00e9s, protecteurs du c\u0153ur, de la peau et du cerveau, ainsi que des prot\u00e9ines v\u00e9g\u00e9tales et de la vitamine E, connue pour son r\u00f4le dans la protection des membranes cellulaires. Cette combinaison aide \u00e0 maintenir la masse musculaire, \u00e0 moduler l&rsquo;inflammation de bas grade et \u00e0 pr\u00e9server les capacit\u00e9s cognitives. Pas besoin de multiplier les ingr\u00e9dients\u00a0: deux suffisent, \u00e0 condition de bien les choisir. Ainsi, la collation id\u00e9ale, \u00e0 la fois digeste, compl\u00e8te et anti-\u00e2ge, n&rsquo;est autre qu&rsquo;une poign\u00e9e d&rsquo;<a href=\"https:\/\/cuisine.journaldesfemmes.fr\/encyclopedie-produits\/1955618-amande\/\" title=\"Amande\" rel=\"nofollow noopener\" target=\"_blank\">amandes<\/a> enti\u00e8res accompagn\u00e9e de quelques framboises fra\u00eeches.<\/p>\n<p>Ce duo simple, mais efficace r\u00e9unit des fibres, des antioxydants puissants, du magn\u00e9sium, de la vitamine C, de la vitamine E et des bonnes graisses. De quoi soutenir les cellules, la m\u00e9moire, les muscles et la glyc\u00e9mie. Un geste modeste, mais qui s&rsquo;inscrit dans une vraie strat\u00e9gie de long\u00e9vit\u00e9.<br \/>\u00a0<\/p>\n","protected":false},"excerpt":{"rendered":"Avec l&rsquo;\u00e2ge, certaines habitudes alimentaires gagnent en importance et l&rsquo;une d&rsquo;elle, tout particuli\u00e8rement, favoriserait une belle peau apr\u00e8s&hellip;\n","protected":false},"author":2,"featured_media":327038,"comment_status":"","ping_status":"","sticky":false,"template":"","format":"standard","meta":{"footnotes":""},"categories":[10],"tags":[1011,27,72,71],"class_list":{"0":"post-327037","1":"post","2":"type-post","3":"status-publish","4":"format-standard","5":"has-post-thumbnail","7":"category-sante","8":"tag-fr","9":"tag-france","10":"tag-health","11":"tag-sante"},"share_on_mastodon":{"url":"https:\/\/pubeurope.com\/@fr\/115049720956586888","error":""},"_links":{"self":[{"href":"https:\/\/www.europesays.com\/fr\/wp-json\/wp\/v2\/posts\/327037","targetHints":{"allow":["GET"]}}],"collection":[{"href":"https:\/\/www.europesays.com\/fr\/wp-json\/wp\/v2\/posts"}],"about":[{"href":"https:\/\/www.europesays.com\/fr\/wp-json\/wp\/v2\/types\/post"}],"author":[{"embeddable":true,"href":"https:\/\/www.europesays.com\/fr\/wp-json\/wp\/v2\/users\/2"}],"replies":[{"embeddable":true,"href":"https:\/\/www.europesays.com\/fr\/wp-json\/wp\/v2\/comments?post=327037"}],"version-history":[{"count":0,"href":"https:\/\/www.europesays.com\/fr\/wp-json\/wp\/v2\/posts\/327037\/revisions"}],"wp:featuredmedia":[{"embeddable":true,"href":"https:\/\/www.europesays.com\/fr\/wp-json\/wp\/v2\/media\/327038"}],"wp:attachment":[{"href":"https:\/\/www.europesays.com\/fr\/wp-json\/wp\/v2\/media?parent=327037"}],"wp:term":[{"taxonomy":"category","embeddable":true,"href":"https:\/\/www.europesays.com\/fr\/wp-json\/wp\/v2\/categories?post=327037"},{"taxonomy":"post_tag","embeddable":true,"href":"https:\/\/www.europesays.com\/fr\/wp-json\/wp\/v2\/tags?post=327037"}],"curies":[{"name":"wp","href":"https:\/\/api.w.org\/{rel}","templated":true}]}}