{"id":327044,"date":"2025-08-18T12:19:12","date_gmt":"2025-08-18T12:19:12","guid":{"rendered":"https:\/\/www.europesays.com\/fr\/327044\/"},"modified":"2025-08-18T12:19:12","modified_gmt":"2025-08-18T12:19:12","slug":"le-systeme-est-truque-des-le-depart","status":"publish","type":"post","link":"https:\/\/www.europesays.com\/fr\/327044\/","title":{"rendered":"\u00ab le syst\u00e8me est truqu\u00e9 d\u00e8s le d\u00e9part \u00bb"},"content":{"rendered":"<p><img fetchpriority=\"high\" decoding=\"async\" width=\"1024\" height=\"682\" src=\"https:\/\/www.europesays.com\/fr\/wp-content\/uploads\/2025\/08\/musk-rentre-en-guerre-contre-apple-1024x682.webp.webp\" alt=\"Elon Musk fait face \u00e0 Apple dans une guerre autour de l\u2019App Store et de l\u2019intelligence artificielle.\" class=\"wp-image-987090\"  \/>Elon Musk accuse Apple de biais et menace d\u2019actions contre son App Store \u2013 DailyGeekShow.com<\/p>\n<p><strong>Elon Musk accuse Apple de favoriser ChatGPT dans l\u2019App Store au d\u00e9triment de Grok, l\u2019IA de sa soci\u00e9t\u00e9 xAI.<\/strong> Apple d\u00e9ment toute partialit\u00e9, mais la tension monte d\u2019un cran, sur fond de guerre d\u2019influence dans l\u2019intelligence artificielle.<\/p>\n<p>Musk attaque : favoritisme, menace de proc\u00e8s et accusation de triche<\/p>\n<p>Tout a commenc\u00e9 mardi, lorsque Elon Musk a publi\u00e9 une s\u00e9rie de messages incendiaires sur X. Il accuse Apple de <strong>favoriser <a href=\"https:\/\/dailygeekshow.com\/gpt-devait-revolutionner-lia-mais-openai-fait-face-a-une-guerre-ouverte-avec-sa-propre-communaute\/\" target=\"_blank\" rel=\"noopener\">OpenAI<\/a><\/strong> et son assistant ChatGPT sur l\u2019App Store. <\/p>\n<p>Lire aussi <a href=\"https:\/\/dailygeekshow.com\/james-cameron-ia-terminator\/\" target=\"_blank\" rel=\"noopener\">James Cameron met en garde contre l\u2019utilisation de l\u2019IA dans les syst\u00e8mes d\u2019armements<\/a><\/p>\n<p>Selon lui, la firme emp\u00eache toute autre IA de rivaliser, notamment <a href=\"https:\/\/dailygeekshow.com\/rien-ne-va-plus-pour-elon-musk-son-ia-grok-seffondre-totalement-face-a-openai-dans-une-demonstration-publique\/\" target=\"_blank\" rel=\"noopener\">Grok<\/a>, le chatbot cr\u00e9\u00e9 par sa soci\u00e9t\u00e9 xAI. \u00ab\u00a0Apple agit de mani\u00e8re \u00e0 rendre impossible pour toute entreprise d\u2019IA autre qu\u2019OpenAI d\u2019atteindre la premi\u00e8re place sur l\u2019App Store\u00a0\u00bb, a-t-il d\u00e9clar\u00e9. <strong>Il annonce dans la foul\u00e9e une action en justice<\/strong>.<\/p>\n<p>Ce n\u2019est pas la premi\u00e8re fois que Musk attaque OpenAI. Il a cofond\u00e9 la start-up en 2015, mais a quitt\u00e9 l\u2019aventure en 2018. Depuis, il critique r\u00e9guli\u00e8rement l\u2019entreprise, surtout depuis le succ\u00e8s mondial de ChatGPT en 2022. Cette nouvelle offensive s\u2019inscrit donc dans une <strong>rivalit\u00e9 ancienne et tr\u00e8s personnelle<\/strong>.<\/p>\n<p>Apple d\u00e9ment tout favoritisme et d\u00e9fend son mod\u00e8le de d\u00e9couverte<\/p>\n<p>Face \u00e0 ces accusations, Apple a r\u00e9agi rapidement. Dans un communiqu\u00e9 envoy\u00e9 \u00e0 l\u2019AFP jeudi, le groupe affirme que son App Store reste \u00ab\u00a0\u00e9quitable et exempt de tout parti pris\u00a0\u00bb. Il met en avant des milliers d\u2019applications gr\u00e2ce \u00e0 <strong>des classements, des recommandations algorithmiques et des choix \u00e9ditoriaux faits par des experts<\/strong>, selon des crit\u00e8res objectifs.<\/p>\n<p>Lire aussi <a href=\"https:\/\/dailygeekshow.com\/starship-explose-vol-apres-vol-mais-elon-musk-veut-redecoller-des-aout-2025-nous-serons-prets-pour-mars-en-2026\/\" target=\"_blank\" rel=\"noopener\">Starship explose vol apr\u00e8s vol, mais Elon Musk veut red\u00e9coller d\u00e8s ao\u00fbt 2025 : \u00ab Nous serons pr\u00eats pour Mars en 2026 \u00bb<\/a><\/p>\n<p>Apple collabore \u00e9galement avec de nombreux d\u00e9veloppeurs pour \u00ab\u00a0<strong>renforcer la visibilit\u00e9 des applications<\/strong> dans des cat\u00e9gories en constante \u00e9volution\u00a0\u00bb. D\u00e9j\u00e0 surveill\u00e9 par les r\u00e9gulateurs dans plusieurs pays, le groupe cherche \u00e0 <strong>pr\u00e9server son image d\u2019arbitre neutre<\/strong>.<\/p>\n<p>En 2024, <a href=\"https:\/\/dailygeekshow.com\/apple-intelligence-artificielle-2\/\" target=\"_blank\" rel=\"noopener\">Apple<\/a> a lanc\u00e9 sa propre strat\u00e9gie en IA g\u00e9n\u00e9rative avec \u00ab\u00a0Apple Intelligence\u00a0\u00bb, r\u00e9sultat d\u2019un accord avec OpenAI. Ce contexte alimente les soup\u00e7ons de Musk sur un <strong>partenariat trop rapproch\u00e9 entre les deux firmes<\/strong>.<\/p>\n<p>Un conflit embl\u00e9matique des tensions croissantes autour des plateformes<\/p>\n<p>Cette nouvelle passe d\u2019armes s\u2019inscrit dans une <strong>contestation plus large du mod\u00e8le App Store<\/strong>. De nombreux d\u00e9veloppeurs, dont Epic Games (Fortnite), critiquent d\u00e9j\u00e0 Apple pour son syst\u00e8me ferm\u00e9 et ses commissions jug\u00e9es excessives.<\/p>\n<p>Lire aussi <a href=\"https:\/\/dailygeekshow.com\/la-guerre-entre-geants-de-lia-prend-une-tournure-explosive-une-offre-astronomique-vise-chrome-joyau-du-web-de-google\/\" target=\"_blank\" rel=\"noopener\">La guerre entre g\u00e9ants de l\u2019IA prend une tournure explosive : une offre astronomique vise Chrome, joyau du Web de Google<\/a><\/p>\n<p>Un tribunal am\u00e9ricain a m\u00eame jug\u00e9 en 2021 qu\u2019Apple ne pouvait plus imposer son syst\u00e8me de paiement aux applications. De leur c\u00f4t\u00e9, Musk et <a href=\"https:\/\/dailygeekshow.com\/elon-musk-persiste-et-signe-avec-une-ia-ultra-provocante-entre-charme-virtuel-et-discours-revolutionnaire\/\" target=\"_blank\" rel=\"noopener\">xAI<\/a> consid\u00e8rent aujourd\u2019hui que cette plateforme, essentielle pour toucher le public, <strong>favorise certains acteurs au d\u00e9triment des autres<\/strong>.<\/p>\n<p>Pour l\u2019instant, personne n\u2019a fourni de preuve mat\u00e9rielle de discrimination. N\u00e9anmoins, ce bras de fer entre deux g\u00e9ants de la tech montre bien \u00e0 quel point <strong>l\u2019acc\u00e8s aux plateformes devient un enjeu strat\u00e9gique majeur dans la guerre des IA<\/strong>.<\/p>\n","protected":false},"excerpt":{"rendered":"Elon Musk accuse Apple de biais et menace d\u2019actions contre son App Store \u2013 DailyGeekShow.com Elon Musk accuse&hellip;\n","protected":false},"author":2,"featured_media":327045,"comment_status":"","ping_status":"","sticky":false,"template":"","format":"standard","meta":{"footnotes":""},"categories":[6],"tags":[35,33,34,1011,27,3997],"class_list":{"0":"post-327044","1":"post","2":"type-post","3":"status-publish","4":"format-standard","5":"has-post-thumbnail","7":"category-economie","8":"tag-business","9":"tag-economie","10":"tag-economy","11":"tag-fr","12":"tag-france","13":"tag-musk"},"share_on_mastodon":{"url":"https:\/\/pubeurope.com\/@fr\/115049736800508972","error":""},"_links":{"self":[{"href":"https:\/\/www.europesays.com\/fr\/wp-json\/wp\/v2\/posts\/327044","targetHints":{"allow":["GET"]}}],"collection":[{"href":"https:\/\/www.europesays.com\/fr\/wp-json\/wp\/v2\/posts"}],"about":[{"href":"https:\/\/www.europesays.com\/fr\/wp-json\/wp\/v2\/types\/post"}],"author":[{"embeddable":true,"href":"https:\/\/www.europesays.com\/fr\/wp-json\/wp\/v2\/users\/2"}],"replies":[{"embeddable":true,"href":"https:\/\/www.europesays.com\/fr\/wp-json\/wp\/v2\/comments?post=327044"}],"version-history":[{"count":0,"href":"https:\/\/www.europesays.com\/fr\/wp-json\/wp\/v2\/posts\/327044\/revisions"}],"wp:featuredmedia":[{"embeddable":true,"href":"https:\/\/www.europesays.com\/fr\/wp-json\/wp\/v2\/media\/327045"}],"wp:attachment":[{"href":"https:\/\/www.europesays.com\/fr\/wp-json\/wp\/v2\/media?parent=327044"}],"wp:term":[{"taxonomy":"category","embeddable":true,"href":"https:\/\/www.europesays.com\/fr\/wp-json\/wp\/v2\/categories?post=327044"},{"taxonomy":"post_tag","embeddable":true,"href":"https:\/\/www.europesays.com\/fr\/wp-json\/wp\/v2\/tags?post=327044"}],"curies":[{"name":"wp","href":"https:\/\/api.w.org\/{rel}","templated":true}]}}