{"id":327046,"date":"2025-08-18T12:20:12","date_gmt":"2025-08-18T12:20:12","guid":{"rendered":"https:\/\/www.europesays.com\/fr\/327046\/"},"modified":"2025-08-18T12:20:12","modified_gmt":"2025-08-18T12:20:12","slug":"a-11-ans-elle-sauve-un-petit-garcon-de-5-ans-tombe-dans-un-puits","status":"publish","type":"post","link":"https:\/\/www.europesays.com\/fr\/327046\/","title":{"rendered":"\u00c0 11 ans, elle sauve un petit gar\u00e7on de 5 ans tomb\u00e9 dans un puits"},"content":{"rendered":"<p>Un h\u00e9ro\u00efque <a href=\"https:\/\/www.20minutes.fr\/dossier\/sauvetage\" class=\"c-link c-link--is-underlined\" target=\"_blank\" rel=\"noopener\">sauvetage<\/a> par une\u2026 fillette de 11 ans. Mi-ao\u00fbt, une jeune fille a sauv\u00e9 la vie d\u2019un petit gar\u00e7on de 5 ans tomb\u00e9 dans un puits dans le Massachusetts (<a href=\"https:\/\/www.20minutes.fr\/monde\/etats-unis\/\" class=\"c-link c-link--is-underlined\" target=\"_blank\" rel=\"noopener\">\u00c9tats-Unis<\/a>), rapporte le\u00a0<a href=\"https:\/\/nypost.com\/2025\/08\/18\/us-news\/heroic-11-year-old-girl-rushes-to-save-toddler-stuck-in-hidden-well-after-hearing-neighbors-shriek\/\" target=\"_blank\" class=\"c-link c-link--is-underlined\" rel=\"noopener\">New York Post<\/a>.<\/p>\n<p><a href=\"https:\/\/www.20minutes.fr\/dossier\/enfant\" class=\"c-link c-link--is-underlined\" target=\"_blank\" rel=\"noopener\">L\u2019enfant<\/a> se trouvait chez elle quand elle a entendu des hurlements dans le <a href=\"https:\/\/www.20minutes.fr\/dossier\/voisin\" class=\"c-link c-link--is-underlined\" target=\"_blank\" rel=\"noopener\">voisinage<\/a>. \u00ab\u00a0J\u2019ai entendu des cris et quelqu\u2019un dire &lsquo;Appelez 911&rsquo;\u00a0\u00bb, se souvient-elle. Tout en appelant la police, la pr\u00e9adolescente s\u2019est pr\u00e9cipit\u00e9e dehors en suivant les cris et a d\u00e9couvert une voisine pr\u00e8s d\u2019un puits.<\/p>\n<p>Une \u00e9chelle descendue dans le puits<\/p>\n<p>Le fils de cette derni\u00e8re venait de tomber au fond de la fosse, d\u2019une profondeur de 6\u00a0m et remplie d\u2019eau. Le puits \u00e9tait normalement ferm\u00e9 par un couvercle mais celui-ci avait gliss\u00e9 pendant que le petit gar\u00e7on marchait dessus. Au fond, l\u2019enfant a r\u00e9ussi \u00e0 se tenir debout, la t\u00eate hors de l\u2019eau, et \u00e0 s\u2019agripper \u00e0 une canalisation.<\/p>\n<p>Aid\u00e9e de son p\u00e8re, la fillette a rapidement analys\u00e9 la situation et est all\u00e9e chercher une \u00e9chelle qu\u2019elle a prudemment descendue jusqu\u2019au fond du puits, permettant au gar\u00e7onnet de sortir. L\u2019enfant s\u2019en tire sans blessure grave, avec quelques \u00e9gratignures seulement. \u00ab\u00a0Il a \u00e9t\u00e9 tr\u00e8s courageux\u00a0\u00bb, a d\u00e9clar\u00e9 sa m\u00e8re au New York Post.<\/p>\n<\/p>\n<p>Une fois arriv\u00e9s sur place, les secours n\u2019ont donc pas eu grand-chose \u00e0 faire. Le gar\u00e7on a tout de m\u00eame \u00e9t\u00e9 pris en charge et transport\u00e9 \u00e0 l\u2019h\u00f4pital pour des examens. Les pompiers ont de nouveau bouch\u00e9 le puits avec une lourde plaque de m\u00e9tal en attendant une solution plus p\u00e9renne. De son c\u00f4t\u00e9, la jeune h\u00e9ro\u00efne est rest\u00e9e humble, assurant que \u00ab\u00a0n\u2019importe qui aurait fait la m\u00eame chose\u00a0\u00bb qu\u2019elle.<\/p>\n","protected":false},"excerpt":{"rendered":"Un h\u00e9ro\u00efque sauvetage par une\u2026 fillette de 11 ans. Mi-ao\u00fbt, une jeune fille a sauv\u00e9 la vie d\u2019un&hellip;\n","protected":false},"author":2,"featured_media":327047,"comment_status":"","ping_status":"","sticky":false,"template":"","format":"standard","meta":{"footnotes":""},"categories":[5],"tags":[47,11,847,73,118,1011,27,14,74,12,14551,28],"class_list":{"0":"post-327046","1":"post","2":"type-post","3":"status-publish","4":"format-standard","5":"has-post-thumbnail","7":"category-international","8":"tag-actualite","9":"tag-actualites","10":"tag-enfant","11":"tag-etats-unis","12":"tag-faits-divers","13":"tag-fr","14":"tag-france","15":"tag-international","16":"tag-monde","17":"tag-news","18":"tag-sauvetage","19":"tag-world"},"share_on_mastodon":{"url":"https:\/\/pubeurope.com\/@fr\/115049740627817257","error":""},"_links":{"self":[{"href":"https:\/\/www.europesays.com\/fr\/wp-json\/wp\/v2\/posts\/327046","targetHints":{"allow":["GET"]}}],"collection":[{"href":"https:\/\/www.europesays.com\/fr\/wp-json\/wp\/v2\/posts"}],"about":[{"href":"https:\/\/www.europesays.com\/fr\/wp-json\/wp\/v2\/types\/post"}],"author":[{"embeddable":true,"href":"https:\/\/www.europesays.com\/fr\/wp-json\/wp\/v2\/users\/2"}],"replies":[{"embeddable":true,"href":"https:\/\/www.europesays.com\/fr\/wp-json\/wp\/v2\/comments?post=327046"}],"version-history":[{"count":0,"href":"https:\/\/www.europesays.com\/fr\/wp-json\/wp\/v2\/posts\/327046\/revisions"}],"wp:featuredmedia":[{"embeddable":true,"href":"https:\/\/www.europesays.com\/fr\/wp-json\/wp\/v2\/media\/327047"}],"wp:attachment":[{"href":"https:\/\/www.europesays.com\/fr\/wp-json\/wp\/v2\/media?parent=327046"}],"wp:term":[{"taxonomy":"category","embeddable":true,"href":"https:\/\/www.europesays.com\/fr\/wp-json\/wp\/v2\/categories?post=327046"},{"taxonomy":"post_tag","embeddable":true,"href":"https:\/\/www.europesays.com\/fr\/wp-json\/wp\/v2\/tags?post=327046"}],"curies":[{"name":"wp","href":"https:\/\/api.w.org\/{rel}","templated":true}]}}