{"id":327048,"date":"2025-08-18T12:21:10","date_gmt":"2025-08-18T12:21:10","guid":{"rendered":"https:\/\/www.europesays.com\/fr\/327048\/"},"modified":"2025-08-18T12:21:10","modified_gmt":"2025-08-18T12:21:10","slug":"harcele-par-la-dz-mafia-le-proprietaire-dune-epicerie-contraint-de-fuir-a-letranger","status":"publish","type":"post","link":"https:\/\/www.europesays.com\/fr\/327048\/","title":{"rendered":"Harcel\u00e9 par la DZ Mafia, le propri\u00e9taire d\u2019une \u00e9picerie contraint de fuir \u00e0 l\u2019\u00e9tranger"},"content":{"rendered":"<p><strong>INFO LE FIGARO<\/strong> &#8211; Cet entrepreneur de Martigues est la cible d\u2019intimidations op\u00e9r\u00e9es par des sbires se revendiquant de l\u2019organisation criminelle sur fond de racket. Son domicile avait pr\u00e9c\u00e9demment \u00e9t\u00e9 vis\u00e9 par des tirs d\u2019arme \u00e0 feu.<\/p>\n<p class=\"fig-paragraph\">Des menaces si s\u00e9rieuses qu\u2019elles ont provoqu\u00e9 sa fuite au-del\u00e0 des fronti\u00e8res de l\u2019Hexagone. Selon nos informations, un entrepreneur install\u00e9 \u00e0 Martigues menac\u00e9 par le gang criminel de la\u00a0<a href=\"http:\/\/www.lefigaro.fr\/marseille\/assassinats-extorsions-intimidations-inspiree-par-les-cartels-sud-americains-la-dz-mafia-etend-sa-toile-sur-marseille-20241012\" data-fig-type=\"NewsFlash\" data-gtm-custom-categorie=\"navigation\" data-gtm-custom-action=\"crossclick\" data-gtm-custom-label=\"Contextuel\" data-gtm-event=\"customEventSPE\" data-fig-domain=\"LEFIGARO\" target=\"_blank\" rel=\"noopener\">DZ Mafia<\/a>\u00a0a \u00e9t\u00e9 contraint de plier bagage, se r\u00e9fugiant \u00e0 l\u2019\u00e9tranger pour se prot\u00e9ger des coups de pression r\u00e9p\u00e9t\u00e9s qui pleuvent depuis le d\u00e9but de l\u2019\u00e9t\u00e9 sur son \u00e9picerie.<\/p>\n<p class=\"fig-paragraph\"><a href=\"http:\/\/www.lefigaro.fr\/marseille\/braquage-de-son-epicerie-tirs-sur-sa-maison-a-martigues-un-entrepreneur-harcele-par-la-dz-mafia-20250806\" data-fig-type=\"NewsFlash\" data-gtm-custom-categorie=\"navigation\" data-gtm-custom-action=\"crossclick\" data-gtm-custom-label=\"Contextuel\" data-gtm-event=\"customEventSPE\" data-fig-domain=\"LEFIGARO\" target=\"_blank\" rel=\"noopener\">Comme r\u00e9v\u00e9l\u00e9 par Le Figaro<\/a> \u00a0d\u00e9but ao\u00fbt, ce patron implant\u00e9 depuis plusieurs ann\u00e9es dans les Bouches-du-Rh\u00f4ne est la cible d\u2019intimidations op\u00e9r\u00e9es par des sbires du cartel de la drogue sur fond de racket. Le 12 juillet dernier, deux individus au visage dissimul\u00e9 par des masques chirurgicaux \u00e9taient entr\u00e9s dans son commerce, violentant un employ\u00e9 avec la crosse d\u2019une arme de poing avant d\u2019exiger de parler au propri\u00e9taire des lieux. Le quadrag\u00e9naire, absent au moment des faits, aurait contract\u00e9 une dette aupr\u00e8s de la \u00ab<a href=\"http:\/\/www.lefigaro.fr\/actualite-france\/attaques-de-prisons-eliminations-sanglantes-la-dz-mafia-ce-gang-de-narcotrafiquants-sans-limite-qui-defie-l-etat-20250502\" data-fig-type=\"Article\" data-gtm-custom-categorie=\"navigation\" data-gtm-custom-action=\"crossclick\" data-gtm-custom-label=\"Contextuel\" data-gtm-event=\"customEventSPE\" data-fig-domain=\"LEFIGARO\" target=\"_blank\" rel=\"noopener\">DZ<\/a> \u00bb, qui exigerait un paiement en liquide.<\/p>\n<p>                                    <a class=\"fig-a11y-skip a11y-hidden\" href=\"#fig-a11y-skip-main-inarticle\"><br \/>\n        Passer la publicit\u00e9<br \/>\n    <\/a><\/p>\n<p class=\"fig-paragraph\">Le cauchemar de la victime s\u2019est prolong\u00e9 le lendemain, son propre domicile ayant \u00e9t\u00e9 vis\u00e9 par des tirs d\u2019arme \u00e0 feu, un projectile terminant sa course dans la salle de bains de la propri\u00e9t\u00e9. Des \u00abman\u0153uvres d\u2019intimidations\u00bb suffisantes pour d\u00e9clencher l\u2019ouverture d\u2019une enqu\u00eate pour des faits d\u2019\u00abextorsion en bande organis\u00e9e\u00bb par le parquet d\u2019Aix-en-Provence, qui en a saisi la\u00a0<a href=\"http:\/\/www.lefigaro.fr\/actualite-france\/equipes-de-cite-voleurs-sud-americains-et-gitans-serbes-la-brigade-de-repression-du-banditisme-au-defi-d-une-nouvelle-voyoucratie-20250215\" data-fig-type=\"Article\" data-gtm-custom-categorie=\"navigation\" data-gtm-custom-action=\"crossclick\" data-gtm-custom-label=\"Contextuel\" data-gtm-event=\"customEventSPE\" data-fig-domain=\"LEFIGARO\" target=\"_blank\" rel=\"noopener\">brigade de r\u00e9pression du banditisme<\/a>\u00a0(BRB). Les enqu\u00eateurs ont depuis auditionn\u00e9 l\u2019entrepreneur apr\u00e8s son d\u00e9p\u00f4t de plainte.<\/p>\n<p>Enqu\u00eate en cours<\/p>\n<p class=\"fig-paragraph\">Pas de quoi refroidir les agresseurs de l\u2019homme, ce dernier refusant de s\u2019ex\u00e9cuter et de \u00abpayer\u00bb ses corbeaux. Le 11 ao\u00fbt, le gang est revenu \u00e0 la charge en envoyant un \u00e9missaire devant l\u2019\u00e9picerie. D\u2019apr\u00e8s une source proche du dossier, l\u2019individu est parvenu \u00e0 entrer en contact avec la victime au t\u00e9l\u00e9phone via l\u2019un des employ\u00e9s de l\u2019alimentation, lui reprochant de ne pas \u00abprendre au s\u00e9rieux\u00bb les avertissements d\u00e9j\u00e0 formul\u00e9s \u00e0 son encontre. Le malfaiteur a ensuite quitt\u00e9 les lieux \u00e0 bord d\u2019un v\u00e9hicule.<\/p>\n<p class=\"fig-paragraph\">Les faits ont \u00e9t\u00e9 port\u00e9s \u00e0 la connaissance du parquet d\u2019Aix-en-Provence, qui confirme au Figaro que l\u2019enqu\u00eate ouverte pour identifier ces inqui\u00e9tants ma\u00eetres chanteurs \u00e9tait toujours en cours. Leurs m\u00e9thodes, employ\u00e9es pour faire craquer la victime \u00e0 tout prix, ont un temps\u00a0<a href=\"http:\/\/www.lefigaro.fr\/marseille\/c-est-quelque-chose-qu-on-ne-voyait-plus-a-marseille-de-violents-racketteurs-plonge-les-commerces-dans-la-terreur-20241128\" data-fig-type=\"NewsFlash\" data-gtm-custom-categorie=\"navigation\" data-gtm-custom-action=\"crossclick\" data-gtm-custom-label=\"Contextuel\" data-gtm-event=\"customEventSPE\" data-fig-domain=\"LEFIGARO\" target=\"_blank\" rel=\"noopener\">plong\u00e9 de nombreuses enseignes de Marseille et des Bouches-du-Rh\u00f4ne dans la terreur<\/a>. Fin 2024, des restaurants,\u00a0<a href=\"http:\/\/www.lefigaro.fr\/marseille\/a-aix-en-provence-des-malfaiteurs-se-revendiquant-de-la-dz-mafia-plongent-une-discotheque-dans-la-terreur-20250107\" data-fig-type=\"NewsFlash\" data-gtm-custom-categorie=\"navigation\" data-gtm-custom-action=\"crossclick\" data-gtm-custom-label=\"Contextuel\" data-gtm-event=\"customEventSPE\" data-fig-domain=\"LEFIGARO\" target=\"_blank\" rel=\"noopener\">une discoth\u00e8que<\/a>\u00a0et m\u00eame des\u00a0<a href=\"http:\/\/www.lefigaro.fr\/marseille\/marseille-une-serie-d-incendies-criminels-frappe-plusieurs-garages-automobiles-20250331\" data-fig-type=\"NewsFlash\" data-gtm-custom-categorie=\"navigation\" data-gtm-custom-action=\"crossclick\" data-gtm-custom-label=\"Contextuel\" data-gtm-event=\"customEventSPE\" data-fig-domain=\"LEFIGARO\" target=\"_blank\" rel=\"noopener\">garages<\/a>\u00a0avaient fait les frais d\u2019<a href=\"http:\/\/www.lefigaro.fr\/marseille\/dz-mafia-vague-d-interpellations-au-sein-du-gang-criminel-marseillais-soupconne-de-multiples-extorsions-20241121\" data-fig-type=\"NewsFlash\" data-gtm-custom-categorie=\"navigation\" data-gtm-custom-action=\"crossclick\" data-gtm-custom-label=\"Contextuel\" data-gtm-event=\"customEventSPE\" data-fig-domain=\"LEFIGARO\" target=\"_blank\" rel=\"noopener\">une \u00e9quipe de la DZ Mafia sp\u00e9cialis\u00e9e dans l\u2019extorsion en s\u00e9rie<\/a>\u00a0agissant avec impulsivit\u00e9 afin d\u2019asseoir la domination de l\u2019organisation criminelle.<\/p>\n","protected":false},"excerpt":{"rendered":"INFO LE FIGARO &#8211; Cet entrepreneur de Martigues est la cible d\u2019intimidations op\u00e9r\u00e9es par des sbires se revendiquant&hellip;\n","protected":false},"author":2,"featured_media":327049,"comment_status":"","ping_status":"","sticky":false,"template":"","format":"standard","meta":{"footnotes":""},"categories":[4],"tags":[11,1120,5141,2951,1011,27,12,25],"class_list":{"0":"post-327048","1":"post","2":"type-post","3":"status-publish","4":"format-standard","5":"has-post-thumbnail","7":"category-france","8":"tag-actualites","9":"tag-agression","10":"tag-arme-a-feu","11":"tag-criminalite","12":"tag-fr","13":"tag-france","14":"tag-news","15":"tag-republique-francaise"},"share_on_mastodon":{"url":"https:\/\/pubeurope.com\/@fr\/115049744558799602","error":""},"_links":{"self":[{"href":"https:\/\/www.europesays.com\/fr\/wp-json\/wp\/v2\/posts\/327048","targetHints":{"allow":["GET"]}}],"collection":[{"href":"https:\/\/www.europesays.com\/fr\/wp-json\/wp\/v2\/posts"}],"about":[{"href":"https:\/\/www.europesays.com\/fr\/wp-json\/wp\/v2\/types\/post"}],"author":[{"embeddable":true,"href":"https:\/\/www.europesays.com\/fr\/wp-json\/wp\/v2\/users\/2"}],"replies":[{"embeddable":true,"href":"https:\/\/www.europesays.com\/fr\/wp-json\/wp\/v2\/comments?post=327048"}],"version-history":[{"count":0,"href":"https:\/\/www.europesays.com\/fr\/wp-json\/wp\/v2\/posts\/327048\/revisions"}],"wp:featuredmedia":[{"embeddable":true,"href":"https:\/\/www.europesays.com\/fr\/wp-json\/wp\/v2\/media\/327049"}],"wp:attachment":[{"href":"https:\/\/www.europesays.com\/fr\/wp-json\/wp\/v2\/media?parent=327048"}],"wp:term":[{"taxonomy":"category","embeddable":true,"href":"https:\/\/www.europesays.com\/fr\/wp-json\/wp\/v2\/categories?post=327048"},{"taxonomy":"post_tag","embeddable":true,"href":"https:\/\/www.europesays.com\/fr\/wp-json\/wp\/v2\/tags?post=327048"}],"curies":[{"name":"wp","href":"https:\/\/api.w.org\/{rel}","templated":true}]}}