{"id":327052,"date":"2025-08-18T12:24:03","date_gmt":"2025-08-18T12:24:03","guid":{"rendered":"https:\/\/www.europesays.com\/fr\/327052\/"},"modified":"2025-08-18T12:24:03","modified_gmt":"2025-08-18T12:24:03","slug":"firminy-acces-gratuit-a-la-piscine-municipale-pendant-la-canicule","status":"publish","type":"post","link":"https:\/\/www.europesays.com\/fr\/327052\/","title":{"rendered":"Firminy : acc\u00e8s gratuit \u00e0 la piscine municipale pendant la canicule"},"content":{"rendered":"<p>A Chalmazel, le samedi 9 ao\u00fbt (\u00e0 partir de 13h), un \u00e9v\u00e8nement atypique et gratuit sera propos\u00e9 pour s&rsquo;immerger dans la for\u00eat sur le domaine de\u00a0H\u00eatre en Forez. Au programme : de\u00a013h \u00e0 17h, diverses activit\u00e9s nature encadr\u00e9es par des professionnels (\u00e0 partir de 4 ans). A 17h, un concert de chanson folk perch\u00e9. A 18h, une performance sonore dans\u00e9 dans les arbres propos\u00e9 par compagnie Exuvie.\u00a0De 19h30 \u00e0 20h, une randonn\u00e9e \u00e0 la rencontre des traces d&rsquo;animaux pour rejoindre le bourg de Chalmazel, avant un concert\u00a0place du ch\u00e2teau. <a href=\"https:\/\/www.facebook.com\/events\/535372709541297\/\" target=\"_blank\" rel=\"noopener nofollow\">EN SAVOIR +<\/a><\/p>\n","protected":false},"excerpt":{"rendered":"A Chalmazel, le samedi 9 ao\u00fbt (\u00e0 partir de 13h), un \u00e9v\u00e8nement atypique et gratuit sera propos\u00e9 pour&hellip;\n","protected":false},"author":2,"featured_media":327053,"comment_status":"","ping_status":"","sticky":false,"template":"","format":"standard","meta":{"footnotes":""},"categories":[9653],"tags":[1111,11,2430,1777,674,1011,27,12,25,4001],"class_list":{"0":"post-327052","1":"post","2":"type-post","3":"status-publish","4":"format-standard","5":"has-post-thumbnail","7":"category-saint-etienne","8":"tag-actu","9":"tag-actualites","10":"tag-auvergne-rhone-alpes","11":"tag-eu","12":"tag-europe","13":"tag-fr","14":"tag-france","15":"tag-news","16":"tag-republique-francaise","17":"tag-saint-etienne"},"share_on_mastodon":{"url":"https:\/\/pubeurope.com\/@fr\/115049756389553259","error":""},"_links":{"self":[{"href":"https:\/\/www.europesays.com\/fr\/wp-json\/wp\/v2\/posts\/327052","targetHints":{"allow":["GET"]}}],"collection":[{"href":"https:\/\/www.europesays.com\/fr\/wp-json\/wp\/v2\/posts"}],"about":[{"href":"https:\/\/www.europesays.com\/fr\/wp-json\/wp\/v2\/types\/post"}],"author":[{"embeddable":true,"href":"https:\/\/www.europesays.com\/fr\/wp-json\/wp\/v2\/users\/2"}],"replies":[{"embeddable":true,"href":"https:\/\/www.europesays.com\/fr\/wp-json\/wp\/v2\/comments?post=327052"}],"version-history":[{"count":0,"href":"https:\/\/www.europesays.com\/fr\/wp-json\/wp\/v2\/posts\/327052\/revisions"}],"wp:featuredmedia":[{"embeddable":true,"href":"https:\/\/www.europesays.com\/fr\/wp-json\/wp\/v2\/media\/327053"}],"wp:attachment":[{"href":"https:\/\/www.europesays.com\/fr\/wp-json\/wp\/v2\/media?parent=327052"}],"wp:term":[{"taxonomy":"category","embeddable":true,"href":"https:\/\/www.europesays.com\/fr\/wp-json\/wp\/v2\/categories?post=327052"},{"taxonomy":"post_tag","embeddable":true,"href":"https:\/\/www.europesays.com\/fr\/wp-json\/wp\/v2\/tags?post=327052"}],"curies":[{"name":"wp","href":"https:\/\/api.w.org\/{rel}","templated":true}]}}