{"id":327054,"date":"2025-08-18T12:25:15","date_gmt":"2025-08-18T12:25:15","guid":{"rendered":"https:\/\/www.europesays.com\/fr\/327054\/"},"modified":"2025-08-18T12:25:15","modified_gmt":"2025-08-18T12:25:15","slug":"violences-et-incivilites-un-plan-daction-autour-des-matchs-de-lasse","status":"publish","type":"post","link":"https:\/\/www.europesays.com\/fr\/327054\/","title":{"rendered":"Violences et incivilit\u00e9s : un plan d\u2019action autour des matchs de l\u2019ASSE"},"content":{"rendered":"<p><img loading=\"lazy\" decoding=\"async\" alt=\"\u00a9 Nahim Idir - Un nouveau plan d'action destin\u00e9 \u00e0 assurer la s\u00e9curit\u00e9 autour des matchs de l'ASSE.\" data-zoom-src=\"https:\/\/www.europesays.com\/fr\/wp-content\/uploads\/2025\/08\/initial-stade-geoffroy-guichard.jpg\" data-zoomable=\"\" height=\"702\" src=\"https:\/\/www.europesays.com\/fr\/wp-content\/uploads\/2025\/08\/initial-stade-geoffroy-guichard.jpg\" width=\"1248\"\/>  <\/p>\n<p class=\"article-desc\">\u00a9 Nahim Idir &#8211; Un nouveau plan d&rsquo;action destin\u00e9 \u00e0 assurer la s\u00e9curit\u00e9 autour des matchs de l&rsquo;ASSE. <\/p>\n<p>Un <strong>contrat local de s\u00e9curit\u00e9 <\/strong>a \u00e9t\u00e9 sign\u00e9 pour encadrer les rencontres <strong>\u00e0 chaque match de l\u2019AS Saint-\u00c9tienne<\/strong>. Fruit d\u2019un travail partenarial entre l\u2019\u00c9tat, la justice, les collectivit\u00e9s, la police, Transdev et le club, cet accord <strong>vise \u00e0 renforcer la s\u00fbret\u00e9<\/strong> autour du stade Geoffroy-Guichard. <\/p>\n<p> Lutter contre toutes les formes de violences les soirs de match de l\u2019ASSE <\/p>\n<p><strong>Surveillance accrue<\/strong>, <strong>encadrement des supporters<\/strong> et <strong>coordination des moyens humains et mat\u00e9riels<\/strong> doivent permettre de lutter contre les <strong>violences<\/strong> et <strong>discriminations<\/strong>, tout en garantissant un accueil serein aux spectateurs. <\/p>\n<p>Il s\u2019inscrit dans le prolongement de la convention nationale conclue fin juin entre l\u2019\u00c9tat et la Ligue de football professionnel.<\/p>\n","protected":false},"excerpt":{"rendered":"\u00a9 Nahim Idir &#8211; Un nouveau plan d&rsquo;action destin\u00e9 \u00e0 assurer la s\u00e9curit\u00e9 autour des matchs de l&rsquo;ASSE.&hellip;\n","protected":false},"author":2,"featured_media":327055,"comment_status":"","ping_status":"","sticky":false,"template":"","format":"standard","meta":{"footnotes":""},"categories":[9653],"tags":[1111,11,2430,1777,674,1011,27,12,25,4001,9893],"class_list":{"0":"post-327054","1":"post","2":"type-post","3":"status-publish","4":"format-standard","5":"has-post-thumbnail","7":"category-saint-etienne","8":"tag-actu","9":"tag-actualites","10":"tag-auvergne-rhone-alpes","11":"tag-eu","12":"tag-europe","13":"tag-fr","14":"tag-france","15":"tag-news","16":"tag-republique-francaise","17":"tag-saint-etienne","18":"tag-saint-etienne-mu00e9tropole"},"share_on_mastodon":{"url":"https:\/\/pubeurope.com\/@fr\/115049760272015763","error":""},"_links":{"self":[{"href":"https:\/\/www.europesays.com\/fr\/wp-json\/wp\/v2\/posts\/327054","targetHints":{"allow":["GET"]}}],"collection":[{"href":"https:\/\/www.europesays.com\/fr\/wp-json\/wp\/v2\/posts"}],"about":[{"href":"https:\/\/www.europesays.com\/fr\/wp-json\/wp\/v2\/types\/post"}],"author":[{"embeddable":true,"href":"https:\/\/www.europesays.com\/fr\/wp-json\/wp\/v2\/users\/2"}],"replies":[{"embeddable":true,"href":"https:\/\/www.europesays.com\/fr\/wp-json\/wp\/v2\/comments?post=327054"}],"version-history":[{"count":0,"href":"https:\/\/www.europesays.com\/fr\/wp-json\/wp\/v2\/posts\/327054\/revisions"}],"wp:featuredmedia":[{"embeddable":true,"href":"https:\/\/www.europesays.com\/fr\/wp-json\/wp\/v2\/media\/327055"}],"wp:attachment":[{"href":"https:\/\/www.europesays.com\/fr\/wp-json\/wp\/v2\/media?parent=327054"}],"wp:term":[{"taxonomy":"category","embeddable":true,"href":"https:\/\/www.europesays.com\/fr\/wp-json\/wp\/v2\/categories?post=327054"},{"taxonomy":"post_tag","embeddable":true,"href":"https:\/\/www.europesays.com\/fr\/wp-json\/wp\/v2\/tags?post=327054"}],"curies":[{"name":"wp","href":"https:\/\/api.w.org\/{rel}","templated":true}]}}