{"id":327058,"date":"2025-08-18T12:29:10","date_gmt":"2025-08-18T12:29:10","guid":{"rendered":"https:\/\/www.europesays.com\/fr\/327058\/"},"modified":"2025-08-18T12:29:10","modified_gmt":"2025-08-18T12:29:10","slug":"toulon-le-projet-dextension-du-parc-des-lices-entre-dans-sa-phase-vegetalisation","status":"publish","type":"post","link":"https:\/\/www.europesays.com\/fr\/327058\/","title":{"rendered":"Toulon\u00a0: le projet d\u2019extension du parc des Lices entre dans sa phase v\u00e9g\u00e9talisation"},"content":{"rendered":"<p>A l\u2019ombre des pins, les tractopelles pr\u00e9parent le terrain. Apr\u00e8s la d\u00e9construction de six b\u00e2timents administratifs d\u00e9saffect\u00e9s l\u2019an dernier, pour lui permettre de passer de 80 000 \u00e0 90 000 m\u00e8tres carr\u00e9s, la requalification du bas de l\u2019avenue de la Victoire du 8 mai 1945 et notamment des trottoirs, d\u00e9sormais recouverts d\u2019un bitume ocre, \u00e9largis et moins pentus afin que les personnes \u00e0 mobilit\u00e9 r\u00e9duite puissent les emprunter en toute s\u00e9curit\u00e9, et la d\u00e9simperm\u00e9abilisation de deux parkings face au square de Broglie et celui qui longe l\u2019avenue, le projet d\u2019extension du parc des Lices, au-dessus de la gare de Toulon, entre dans sa troisi\u00e8me phase\u00a0: celle d\u2019extension et de renaturation de la pin\u00e8de.<\/p>\n<p>\u00a0<\/p>\n<p><img loading=\"lazy\" decoding=\"async\" data-entity-uuid=\"d53c3da3-0dc7-4b8e-b9a7-3a4c6d6cd936\" data-entity-type=\"file\" src=\"https:\/\/www.europesays.com\/fr\/wp-content\/uploads\/2025\/08\/IMG20250317112909.jpg\" width=\"4160\" height=\"3120\"\/><\/p>\n<p>\u00a0<\/p>\n<p>Une mini-for\u00eat cr\u00e9\u00e9e<\/p>\n<p>\u00ab\u00a0On conserve la totalit\u00e9 des arbres et on va cr\u00e9er une mini-for\u00eat\u00a0\u00bb, explique Martine Berard, adjointe aux espaces verts. 390 arbres seront plant\u00e9s \u00e0 partir de la Toussaint. 3 200 m\u00e8tres carr\u00e9s de massifs et 1 500 de prairie verront aussi le jour. \u00ab\u00a0Les places, les avenues, les parkings, les parcs, il faut v\u00e9g\u00e9taliser. Nous avons besoin de cela. Nous ne plantons pas n\u2019importe quoi. Seulement des esp\u00e8ces m\u00e9diterran\u00e9ennes peu consommatrices en eau\u00a0\u00bb, poursuit la premi\u00e8re magistrate, Jos\u00e9e Massi.<\/p>\n<p>Cr\u00e9ation de bandes cyclables<\/p>\n<p>En plus de ces plantations, deux aires de jeux pour enfants seront r\u00e9nov\u00e9es, un espace aventure pour les plus grands cr\u00e9\u00e9. L\u2019espace sportif sera lui r\u00e9am\u00e9nag\u00e9. Un parcours de d\u00e9couverte de la biodiversit\u00e9 sera mis en place tout comme un parc \u00e0 chien. Des am\u00e9nagements qui seront reli\u00e9s \u00e0 deux axes de circulation douce<br \/>d\u00e9di\u00e9s d\u2019un c\u00f4t\u00e9 aux pi\u00e9tons, de l\u2019autre aux v\u00e9los ou rollers. \u00ab\u00a0J\u2019ai rencontr\u00e9 les associations de cyclistes. L\u2019id\u00e9e est de pouvoir traverser la ville par une boucle nord et une boucle sud. Avec ce projet, celle du nord sera r\u00e9alis\u00e9e \u00bb, se r\u00e9jouit Jos\u00e9e Massi. Le projet pr\u00e9voit la cr\u00e9ation de bandes cyclables sur les ponts Fran\u00e7ois-Fabi\u00e9 et Louis Armand. La fin de ces travaux est pr\u00e9vue pour la fin d\u2019ann\u00e9e. \u00a0<\/p>\n<p>\u00a0<\/p>\n<p><img loading=\"lazy\" decoding=\"async\" data-entity-uuid=\"95465fd4-9844-4d02-9ea7-2d443ac71179\" data-entity-type=\"file\" src=\"https:\/\/www.europesays.com\/fr\/wp-content\/uploads\/2025\/08\/IMG20250317154911.jpg\" width=\"4160\" height=\"3120\" alt=\"6 arbres seront bient\u00f4t plant\u00e9s sur la place de la Libert\u00e9. @TS\"\/><\/p>\n<p>\u00a0<\/p>\n<p>La place de la Libert\u00e9 bient\u00f4t ombrag\u00e9e<\/p>\n<p>En marge de ce point d\u2019\u00e9tape sur le parc des Lices, la maire de Toulon a aussi annonc\u00e9 que six arbres seront prochainement plant\u00e9s au niveau des arr\u00eats de bus de la place de la Libert\u00e9 \u00ab\u00a0afin d\u2019offrir de l\u2019ombre en \u00e9t\u00e9\u00a0\u00bb.\u00a0<\/p>\n","protected":false},"excerpt":{"rendered":"A l\u2019ombre des pins, les tractopelles pr\u00e9parent le terrain. Apr\u00e8s la d\u00e9construction de six b\u00e2timents administratifs d\u00e9saffect\u00e9s l\u2019an&hellip;\n","protected":false},"author":2,"featured_media":327059,"comment_status":"","ping_status":"","sticky":false,"template":"","format":"standard","meta":{"footnotes":""},"categories":[9619],"tags":[1111,11,1777,674,1011,27,12,882,25,2310],"class_list":{"0":"post-327058","1":"post","2":"type-post","3":"status-publish","4":"format-standard","5":"has-post-thumbnail","7":"category-toulon","8":"tag-actu","9":"tag-actualites","10":"tag-eu","11":"tag-europe","12":"tag-fr","13":"tag-france","14":"tag-news","15":"tag-provence-alpes-cote-dazur","16":"tag-republique-francaise","17":"tag-toulon"},"share_on_mastodon":{"url":"https:\/\/pubeurope.com\/@fr\/115049776548334448","error":""},"_links":{"self":[{"href":"https:\/\/www.europesays.com\/fr\/wp-json\/wp\/v2\/posts\/327058","targetHints":{"allow":["GET"]}}],"collection":[{"href":"https:\/\/www.europesays.com\/fr\/wp-json\/wp\/v2\/posts"}],"about":[{"href":"https:\/\/www.europesays.com\/fr\/wp-json\/wp\/v2\/types\/post"}],"author":[{"embeddable":true,"href":"https:\/\/www.europesays.com\/fr\/wp-json\/wp\/v2\/users\/2"}],"replies":[{"embeddable":true,"href":"https:\/\/www.europesays.com\/fr\/wp-json\/wp\/v2\/comments?post=327058"}],"version-history":[{"count":0,"href":"https:\/\/www.europesays.com\/fr\/wp-json\/wp\/v2\/posts\/327058\/revisions"}],"wp:featuredmedia":[{"embeddable":true,"href":"https:\/\/www.europesays.com\/fr\/wp-json\/wp\/v2\/media\/327059"}],"wp:attachment":[{"href":"https:\/\/www.europesays.com\/fr\/wp-json\/wp\/v2\/media?parent=327058"}],"wp:term":[{"taxonomy":"category","embeddable":true,"href":"https:\/\/www.europesays.com\/fr\/wp-json\/wp\/v2\/categories?post=327058"},{"taxonomy":"post_tag","embeddable":true,"href":"https:\/\/www.europesays.com\/fr\/wp-json\/wp\/v2\/tags?post=327058"}],"curies":[{"name":"wp","href":"https:\/\/api.w.org\/{rel}","templated":true}]}}