{"id":327060,"date":"2025-08-18T12:33:10","date_gmt":"2025-08-18T12:33:10","guid":{"rendered":"https:\/\/www.europesays.com\/fr\/327060\/"},"modified":"2025-08-18T12:33:10","modified_gmt":"2025-08-18T12:33:10","slug":"comment-une-jeune-femme-suicidaire-a-ete-sauvee-par-un-equipage-de-police-secours","status":"publish","type":"post","link":"https:\/\/www.europesays.com\/fr\/327060\/","title":{"rendered":"comment une jeune femme suicidaire a \u00e9t\u00e9 sauv\u00e9e par un \u00e9quipage de police secours"},"content":{"rendered":"<p>            Par<br \/>\n        <strong><br \/>\n            <a href=\"https:\/\/actu.fr\/auteur\/jm-aubert\" title=\"Consulter tous les articles de Jean-Marc Aubert\" target=\"_blank\" rel=\"noopener\">Jean-Marc Aubert<\/a><br \/>\n        <\/strong><\/p>\n<p>        Publi\u00e9 le<\/p>\n<p>            18 ao\u00fbt 2025 \u00e0 13h56        <\/p>\n<p>Elle voulait rejoindre son papa, d\u00e9c\u00e9d\u00e9 quelques jours plus t\u00f4t : une Montpelli\u00e9raine d\u00e9sesp\u00e9r\u00e9e \u00e2g\u00e9e de 22 ans qui voulait mettre fin \u00e0 ses jours a \u00e9t\u00e9 sauv\u00e9e par la bien nomm\u00e9e <strong>police secours<\/strong>. Les faits ont eu lieu vendredi 15 ao\u00fbt 2025, dans une r\u00e9sidence d\u2019une rue proche du rond-point du Grand M, dans le quartier de La Croix-d\u2019Argent.<\/p>\n<p class=\" wall-content\">Les sapeurs-pompiers du <strong>Sdis 34<\/strong> et la police nationale sont inform\u00e9s par des proches de la disparition inqui\u00e9tante de cette jeune femme. Elle est introuvable par les pompiers dans l\u2019appartement familial, o\u00f9 le pire est pressenti, car elle a laiss\u00e9 un mot qui ne fait aucun doute sur ses intentions funestes. Elle ne supporte pas le d\u00e9c\u00e8s de son papa.<\/p>\n<p>    <a href=\"https:\/\/www.google.com\/maps\/embed?pb=!1m18!1m12!1m3!1d3670.46694816759!2d3.854111446688171!3d43.59013634975052!2m3!1f0!2f0!3f0!3m2!1i1024!2i768!4f13.1!3m3!1m2!1s0x12b6ae3797743b5d%3A0xb6d3d5a5ee82b6f1!2sRond-point%20du%20Grand%20M%2C%2034070%20Montpellier!5e0!3m2!1sfr!2sfr!4v1755510378833!5m2!1sfr!2sfr\" title=\"Ouvrie le lien\" target=\"_blank\" rel=\"noopener\">Cliquez ici pour visualiser le contenu<\/a><\/p>\n<p class=\" wall-content\">Les recherches \u00e9tant rest\u00e9es infructueuses dans le logement, les pompiers repartent en verrouillant la porte et en emportant les cl\u00e9s. La patrouille de police secours arriv\u00e9e peu apr\u00e8s doit donc se rendre \u00e0 la caserne des casqu\u00e9s pour r\u00e9cup\u00e9rer les cl\u00e9s et mener des recherches approfondies dans la r\u00e9sidence.\u00a0<\/p>\n<p>Dans le box des sous-sols<\/p>\n<p class=\" wall-content\">Ils se rendent dans les sous-sols o\u00f9 ils visitent les box un \u00e0 un, avant de tomber sur celui ferm\u00e9 de la propri\u00e9taire aux intentions suicidaires. Fort heureusement, l\u2019acc\u00e8s n\u2019\u00e9tant pas ferm\u00e9, tout comme les porti\u00e8res du v\u00e9hicule, ils d\u00e9couvrent la jeune femme dans un \u00e9tat grave : elle a ingurgit\u00e9 une forte dose de m\u00e9dicaments puissants, de l\u2019alcool et elle pr\u00e9sente des plaies de scarification au couteau sur son corps.<\/p>\n<p>Vid\u00e9os : en ce moment sur Actu<\/p>\n<p class=\" wall-content\">Ces policiers lui prodiguent les premiers soins d\u2019urgence, jusqu\u2019\u00e0 l\u2019arriv\u00e9e des sapeurs-pompiers et du Smur-Samu rappel\u00e9s illico pour la conduire aux urgences de l\u2019h\u00f4pital Lapeyronie. Ses jours ne sont plus en danger. Mission accomplie pour cet \u00e9quipage de police secours du commissariat central de Montpellier.<\/p>\n<p class=\" wall-content\">Personnalisez votre actualit\u00e9 en ajoutant vos villes et m\u00e9dias en favori avec <a href=\"https:\/\/moncompte.actu.fr\" title=\"D\u00e9couvez Mon Actu\" rel=\"nofollow noopener\" data-trk=\"{&quot;cta&quot;:{&quot;action&quot;:&quot;https:\\\/\\\/moncompte.actu.fr&quot;,&quot;category&quot;:&quot;mon compte&quot;,&quot;from&quot;:&quot;article footer&quot;,&quot;name&quot;:&quot;Mon actu&quot;,&quot;type&quot;:&quot;cta&quot;}}\" target=\"_blank\">Mon Actu<\/a>.<\/p>\n","protected":false},"excerpt":{"rendered":"Par Jean-Marc Aubert Publi\u00e9 le 18 ao\u00fbt 2025 \u00e0 13h56 Elle voulait rejoindre son papa, d\u00e9c\u00e9d\u00e9 quelques jours&hellip;\n","protected":false},"author":2,"featured_media":152732,"comment_status":"","ping_status":"","sticky":false,"template":"","format":"standard","meta":{"footnotes":""},"categories":[9599],"tags":[1111,11,15154,1777,674,118,1011,27,2208,12,2680,1072,1311,25],"class_list":{"0":"post-327060","1":"post","2":"type-post","3":"status-publish","4":"format-standard","5":"has-post-thumbnail","7":"category-montpellier","8":"tag-actu","9":"tag-actualites","10":"tag-chu-de-montpellier","11":"tag-eu","12":"tag-europe","13":"tag-faits-divers","14":"tag-fr","15":"tag-france","16":"tag-montpellier","17":"tag-news","18":"tag-occitanie","19":"tag-police","20":"tag-pompiers","21":"tag-republique-francaise"},"share_on_mastodon":{"url":"https:\/\/pubeurope.com\/@fr\/115049791806435152","error":""},"_links":{"self":[{"href":"https:\/\/www.europesays.com\/fr\/wp-json\/wp\/v2\/posts\/327060","targetHints":{"allow":["GET"]}}],"collection":[{"href":"https:\/\/www.europesays.com\/fr\/wp-json\/wp\/v2\/posts"}],"about":[{"href":"https:\/\/www.europesays.com\/fr\/wp-json\/wp\/v2\/types\/post"}],"author":[{"embeddable":true,"href":"https:\/\/www.europesays.com\/fr\/wp-json\/wp\/v2\/users\/2"}],"replies":[{"embeddable":true,"href":"https:\/\/www.europesays.com\/fr\/wp-json\/wp\/v2\/comments?post=327060"}],"version-history":[{"count":0,"href":"https:\/\/www.europesays.com\/fr\/wp-json\/wp\/v2\/posts\/327060\/revisions"}],"wp:featuredmedia":[{"embeddable":true,"href":"https:\/\/www.europesays.com\/fr\/wp-json\/wp\/v2\/media\/152732"}],"wp:attachment":[{"href":"https:\/\/www.europesays.com\/fr\/wp-json\/wp\/v2\/media?parent=327060"}],"wp:term":[{"taxonomy":"category","embeddable":true,"href":"https:\/\/www.europesays.com\/fr\/wp-json\/wp\/v2\/categories?post=327060"},{"taxonomy":"post_tag","embeddable":true,"href":"https:\/\/www.europesays.com\/fr\/wp-json\/wp\/v2\/tags?post=327060"}],"curies":[{"name":"wp","href":"https:\/\/api.w.org\/{rel}","templated":true}]}}