{"id":327061,"date":"2025-08-18T12:34:19","date_gmt":"2025-08-18T12:34:19","guid":{"rendered":"https:\/\/www.europesays.com\/fr\/327061\/"},"modified":"2025-08-18T12:34:19","modified_gmt":"2025-08-18T12:34:19","slug":"la-robe-de-sa-femme-est-un-bijou-de-dentelle","status":"publish","type":"post","link":"https:\/\/www.europesays.com\/fr\/327061\/","title":{"rendered":"La robe de sa femme est un bijou de dentelle"},"content":{"rendered":"<p>Un c\u00e9l\u00e8bre athl\u00e8te fran\u00e7ais qui d\u00e9tient un record du monde vient d\u2019annoncer une belle nouvelle : il vient de se marier \u00e0 Montpellier avec celle qui partage sa vie depuis 2016. Le couple a d\u00e9voil\u00e9 ce lundi 17 ao\u00fbt 2025 des photos de leur mariage et on y d\u00e9couvre la robe de sa femme, un bijou de dentelles.<\/p>\n<p>Il y a un an maintenant, <a href=\"https:\/\/fr.news.yahoo.com\/kevin-mayer-larmes-d%C3%A9cathlonien-blesse-164100645.html\" data-ylk=\"slk:Kevin Mayer vivait un moment terrible.;elm:context_link;itc:0;sec:content-canvas;outcm:mb_qualified_link;_E:mb_qualified_link;ct:story;\" class=\"link  yahoo-link\" target=\"_blank\" rel=\"noopener\">Kevin Mayer vivait un moment terrible.<\/a> \u00c0 un mois des Jeux Olympiques de Paris, le champion fran\u00e7ais s\u2019\u00e9tait bless\u00e9 lors d\u2019un 110 m haies lors du meeting d&rsquo;athl\u00e9tisme dans la capitale. Alors qu\u2019il \u00e9tait bien lanc\u00e9, l\u2019athl\u00e8te de 33 ans s\u2019est \u00e9croul\u00e9 entre le 7e et 8e obstacle apr\u00e8s s\u2019\u00eatre fait mal au niveau de l\u2019arri\u00e8re de la cuisse gauche. En larmes comme s\u2019il savait que ses chances pour les JO condamn\u00e9es, il a n\u00e9anmoins r\u00e9ussi \u00e0 se relever et n\u2019a pas eu besoin d\u2019un fauteuil roulant pour sortir de la piste. Mais la sentence est tomb\u00e9e peu de temps apr\u00e8s cette sc\u00e8ne d\u00e9chirante : le recordman du monde du d\u00e9cathlon a officialis\u00e9 son forfait au JO en raison d\u2019une l\u00e9sion \u00e0 l\u2019ischio-jambier.<\/p>\n<p>Aujourd\u2019hui, ce mauvais souvenir semble loin derri\u00e8re K\u00e9vin Mayer. Il vient d\u2019annoncer une tr\u00e8s belle nouvelle sur les r\u00e9seaux sociaux ce lundi 18 ao\u00fbt 2025. <strong>Sa compagne Delphine Jariel et lui viennent de se marier apr\u00e8s <\/strong><a href=\"https:\/\/www.purepeople.com\/article\/kevin-mayer-vacances-de-reve-en-amoureux-apres-l-exploit_a305273\/1\" rel=\"nofollow noopener\" target=\"_blank\" data-ylk=\"slk:9 ans de relation.;elm:context_link;itc:0;sec:content-canvas\" class=\"link \"><strong>9 ans de relation.<\/strong><\/a> Le couple a d\u00e9voil\u00e9 les photos de leur union dans une publication en collaboration sur Instagram. On y d\u00e9couvre les magnifiques images de l\u2019\u00e9v\u00e9nement o\u00f9 le couple appara\u00eet rayonnant et plus amoureux que jamais. Lui dans son costume noir \u00e0 noeud papillon, elle dans sa robe toute en dentelles. En l\u00e9gende, ils \u00e9crivent simplement \u00ab\u00a0Mrs &amp; Mr\u00a0\u00bb (soit \u00ab\u00a0Mme &amp; Mr\u00a0\u00bb en fran\u00e7ais) accompagn\u00e9 d\u2019un coeur blanc.<\/p>\n<p><img decoding=\"async\" class=\"caas-img caas-lazy has-preview\" alt=\"Capture d'\u00e9cran Instagram Kevin Mayer du 18\/08\/2025.\" src=\"https:\/\/www.europesays.com\/fr\/wp-content\/uploads\/2025\/08\/b060dac4d8310a724d22376be50fa499.png\"\/><\/p>\n<p>\u00a9 Instagram, Capture Instagram<\/p>\n<p>Kevin et Delphine, une histoire qui date et qui dure<\/p>\n<p>Coqueluche des filles et des gar\u00e7ons, <strong>Kevin Mayer est rest\u00e9 de nombreuses ann\u00e9es un coeur \u00e0 prendre.<\/strong> \u00ab\u00a0Je suis c\u00e9libataire. Tout le monde pense que je suis gay sur les r\u00e9seaux sociaux. Je ne sais pas d\u2019o\u00f9 \u00e7a vient\u00a0\u00bb, avait-il d\u00e9clar\u00e9 en 2016 \u00e0 nos confr\u00e8res du Parisien. Quelques mois plus tard, \u00e0 la grande surprise de tout le monde, <a href=\"https:\/\/fr.news.yahoo.com\/mondiaux-dathl%C3%A9tisme-kevin-mayer-couple-125700367.html\" data-ylk=\"slk:le sportif s\u2019affichait avec Delphine dans les tribunes de Roland Garros.;elm:context_link;itc:0;sec:content-canvas;outcm:mb_qualified_link;_E:mb_qualified_link;ct:story;\" class=\"link  yahoo-link\" target=\"_blank\" rel=\"noopener\">le sportif s\u2019affichait avec Delphine dans les tribunes de Roland Garros.<\/a> Cette ancienne championne de planche \u00e0 voile n\u2019\u00e9tait autre que sa kin\u00e9 avant de devenir sa compagne puis aujourd\u2019hui sa femme.<\/p>\n<p><a href=\"https:\/\/www.purepeople.com\/article\/a-montpellier-cet-athlete-francais-qui-detient-un-record-du-monde-sest-marie-la-robe-de-sa-femme-est-un-bijou-de-dentelle_a541541\/1\" rel=\"nofollow noopener\" target=\"_blank\" data-ylk=\"slk:Article original sur Purepeople;elm:context_link;itc:0;sec:content-canvas\" class=\"link \">Article original sur Purepeople<\/a><\/p>\n","protected":false},"excerpt":{"rendered":"Un c\u00e9l\u00e8bre athl\u00e8te fran\u00e7ais qui d\u00e9tient un record du monde vient d\u2019annoncer une belle nouvelle : il vient&hellip;\n","protected":false},"author":2,"featured_media":327062,"comment_status":"","ping_status":"","sticky":false,"template":"","format":"standard","meta":{"footnotes":""},"categories":[9599],"tags":[1111,11,1777,674,1011,27,21405,46401,7243,2208,12,2680,46402,25],"class_list":{"0":"post-327061","1":"post","2":"type-post","3":"status-publish","4":"format-standard","5":"has-post-thumbnail","7":"category-montpellier","8":"tag-actu","9":"tag-actualites","10":"tag-eu","11":"tag-europe","12":"tag-fr","13":"tag-france","14":"tag-jeux-olympiques-de-paris","15":"tag-kevin-mayer","16":"tag-le-monde","17":"tag-montpellier","18":"tag-news","19":"tag-occitanie","20":"tag-recordman-du-monde","21":"tag-republique-francaise"},"share_on_mastodon":{"url":"https:\/\/pubeurope.com\/@fr\/115049795664090376","error":""},"_links":{"self":[{"href":"https:\/\/www.europesays.com\/fr\/wp-json\/wp\/v2\/posts\/327061","targetHints":{"allow":["GET"]}}],"collection":[{"href":"https:\/\/www.europesays.com\/fr\/wp-json\/wp\/v2\/posts"}],"about":[{"href":"https:\/\/www.europesays.com\/fr\/wp-json\/wp\/v2\/types\/post"}],"author":[{"embeddable":true,"href":"https:\/\/www.europesays.com\/fr\/wp-json\/wp\/v2\/users\/2"}],"replies":[{"embeddable":true,"href":"https:\/\/www.europesays.com\/fr\/wp-json\/wp\/v2\/comments?post=327061"}],"version-history":[{"count":0,"href":"https:\/\/www.europesays.com\/fr\/wp-json\/wp\/v2\/posts\/327061\/revisions"}],"wp:featuredmedia":[{"embeddable":true,"href":"https:\/\/www.europesays.com\/fr\/wp-json\/wp\/v2\/media\/327062"}],"wp:attachment":[{"href":"https:\/\/www.europesays.com\/fr\/wp-json\/wp\/v2\/media?parent=327061"}],"wp:term":[{"taxonomy":"category","embeddable":true,"href":"https:\/\/www.europesays.com\/fr\/wp-json\/wp\/v2\/categories?post=327061"},{"taxonomy":"post_tag","embeddable":true,"href":"https:\/\/www.europesays.com\/fr\/wp-json\/wp\/v2\/tags?post=327061"}],"curies":[{"name":"wp","href":"https:\/\/api.w.org\/{rel}","templated":true}]}}