{"id":327063,"date":"2025-08-18T12:36:54","date_gmt":"2025-08-18T12:36:54","guid":{"rendered":"https:\/\/www.europesays.com\/fr\/327063\/"},"modified":"2025-08-18T12:36:54","modified_gmt":"2025-08-18T12:36:54","slug":"10-expositions-incontournables-a-voir-de-caen-a-rouen","status":"publish","type":"post","link":"https:\/\/www.europesays.com\/fr\/327063\/","title":{"rendered":"10 expositions incontournables \u00e0 voir de Caen \u00e0 Rouen"},"content":{"rendered":"<p>De Caen \u00e0 Yvetot, en passant par Rouen et Le Havre, Villequier, Varengeville-sur-Mer, laissez-vous guider \u00e0 travers la Normandie par les choix d&rsquo;expositions de \u00ab\u00a0Connaissance des Arts\u00a0\u00bb.<\/p>\n<p style=\"text-align: justify;\">C\u2019est le meilleur moment pour fuir les fournaises urbaines et s\u2019offrir une escapade culturelle entre <a href=\"https:\/\/www.connaissancedesarts.com\/arts-expositions\/exposition-bleu-profond-a-deauville-un-voyage-feerique-au-fond-des-mers-avec-les-artistes-11203248\/\" rel=\"nofollow noopener\" target=\"_blank\">mer<\/a> et bocages !\u00a0 Du Havre \u00e0 Giverny, de Rouen au Mont-Saint-Michel, explorez la Normandie au fil d\u2019expositions passionnantes, \u00e0 commencer par celles s\u00e9lectionn\u00e9es ci-dessous par la r\u00e9daction de \u00ab\u00a0Connaissance des Arts\u00a0\u00bb. Retrouvez des noms aussi illustres que Picasso ou Lynch, (re)d\u00e9couvrez le mobilier raffin\u00e9 de Maxime Old et les cr\u00e9ations du designer Andrea Branzi, ou allez simplement fl\u00e2ner dans les rues du <a href=\"https:\/\/www.uneteauhavre.fr\/fr\/\" rel=\"nofollow noopener\" target=\"_blank\">Havre<\/a>, l\u2019\u0153il aux aguets sur les installations artistiques estivales.<\/p>\n<p class=\"entry-related__title\"><strong>\u00c0 regarder aussi : <\/strong><\/p>\n<p>\t\t1. Le paquebot, muse du modernisme<\/p>\n<p style=\"text-align: justify;\">Apr\u00e8s Nantes, l\u2019exposition accoste au Havre d\u2019o\u00f9 partaient les transatlantiques, de Normandie au France. Elle s\u2019int\u00e9resse \u00e0 la mani\u00e8re dont les lignes et les volumes de ces g\u00e9ants mythiques ont inspir\u00e9 une nouvelle esth\u00e9tique aux peintres, architectes, photographes et graphistes.<\/p>\n<p>\u00ab Paquebots. 1913-1942. Une travers\u00e9e transatlantique \u00bb, MuMA, Le Havre, du 26 avril au 21 septembre<br \/>\n<img loading=\"lazy\" width=\"653\" height=\"654\" decoding=\"async\" aria-describedby=\"caption-attachment-198378\" src=\"data:image\/svg+xml,%3Csvg%20xmlns=\" http:=\"\" alt=\"Jean-\u00c9mile Laboureur, Le Roulis transatlantique, 1907, huile sur toile, 55 x 55,6 cm. Nantes, Mus\u00e9e d\u2019arts de Nantes \u00a9 Mus\u00e9e d\u2019arts de Nantes, photo : C. Clos.\" class=\"size-medium wp-image-198378\" data-lazy-src=\"https:\/\/www.europesays.com\/fr\/wp-content\/uploads\/2025\/08\/cdajan25_paquebots_laboureur-tt-width-653-height-654-fill-0-crop-0-bgcolor-eeeeee.jpg\"\/><\/p>\n<p id=\"caption-attachment-198378\" class=\"wp-caption-text\">Jean-\u00c9mile Laboureur, Le Roulis transatlantique, 1907, huile sur toile, 55 x 55,6 cm, Nantes, Mus\u00e9e d\u2019arts de Nantes \u00a9 Mus\u00e9e d\u2019arts de Nantes, photo : C. Clos.<\/p>\n<p>2. Lynch, autrement<\/p>\n<p style=\"text-align: justify;\">D\u00e9voilant de nombreuses lithographies de David Lynch (1946-2025), cette exposition attendue sacre l\u2019art graphique du r\u00e9alisateur am\u00e9ricain, quelques mois apr\u00e8s sa mort. Mani\u00e8re de confirmer le talent prot\u00e9iforme de ce ma\u00eetre en f\u00e9eries hypnotiques et en obsessions visuelles, \u00e9l\u00e8ve inavou\u00e9 de Marcel Duchamp.<\/p>\n<p>\u00ab David Lynch \u00bb, galerie Duchamp, Yvetot, du 21 juin au 21 septembre<br \/>\n<img loading=\"lazy\" width=\"653\" height=\"489\" decoding=\"async\" aria-describedby=\"caption-attachment-204868\" src=\"data:image\/svg+xml,%3Csvg%20xmlns=\" http:=\"\" alt=\"Vue de l'exposition \u00ab David Lynch \u00bb \u00e0 la galerie Duchamp \u00e0 Yvetot \u00a9Agathe Hakoun\/Connaissance des Arts\" class=\"size-medium wp-image-204868\" data-lazy-src=\"https:\/\/www.europesays.com\/fr\/wp-content\/uploads\/2025\/08\/cda25_exposition_david_lynch_yvetot-tt-width-653-height-489-fill-0-crop-0-bgcolor-eeeeee.jpg\"\/><\/p>\n<p id=\"caption-attachment-204868\" class=\"wp-caption-text\">Vue de l\u2019exposition \u00ab David Lynch \u00bb \u00e0 la galerie Duchamp \u00e0 Yvetot \u00a9Agathe Hakoun\/Connaissance des Arts<\/p>\n<p>3.\u00a0 Fondation Gandur\u2009: un avant-go\u00fbt du futur mus\u00e9e<\/p>\n<p style=\"text-align: justify;\">Depuis quelques ann\u00e9es, <a href=\"https:\/\/www.connaissancedesarts.com\/musees\/entretien-avec-jean-claude-gandur-je-me-reveille-avec-de-lart-dans-les-yeux-le-collectionneur-devoile-son-futur-musee-a-caen-11202853\/\" rel=\"nofollow noopener\" target=\"_blank\">Jean-Claude Gandur<\/a> nourrissait le projet d\u2019un mus\u00e9e pour abriter la collection de sa Fondation, cr\u00e9\u00e9e \u00e0 Gen\u00e8ve en\u00a02010. Son pays natal n\u2019ayant pas donn\u00e9 suite \u00e0 ses sollicitations, l\u2019entrepreneur et m\u00e9c\u00e8ne a choisi la France\u00a0et, comme il l\u2019a annonc\u00e9 en mai dernier, c\u2019est la ville de Caen qui l\u2019accueillera \u00e0 l\u2019horizon\u00a02030. En guise de pr\u00e9figuration, l\u2019h\u00f4tel de ville, install\u00e9 au c\u0153ur de l\u2019Abbaye-aux-Hommes, r\u00e9unit quatre-vingt-une \u0153uvres qui t\u00e9moignent de ses go\u00fbts \u00e9clectiques. Organis\u00e9e dans le scriptorium, l\u2019exposition s\u2019articule autour des cinq grands axes \u2013\u00a0arch\u00e9ologie gr\u00e9co-romaine et \u00e9gyptienne, beaux-arts, arts d\u00e9coratifs, ethnologie, art africain contemporain\u00a0\u2013 qui structurent une collection de plus de quarante mille pi\u00e8ces. Au fil d\u2019un parcours qui favorise le dialogue entre les \u00e9poques et les civilisations, le visiteur d\u00e9couvrira, entre autres, un relief \u00e9gyptien du deuxi\u00e8me mill\u00e9naire avant J\u00e9sus-Christ, un Ange de l\u2019Annonciation d\u2019\u00e9poque Renaissance, du mobilier fran\u00e7ais du\u00a0XVIIIe\u00a0si\u00e8cle, une toile de Simon Hanta\u00ef ou encore un des Tableaux \u00e9clat\u00e9s de Niki de Saint Phalle r\u00e9alis\u00e9s dans les ann\u00e9es\u00a01990.<\/p>\n<p>\u00ab Dans l\u2019\u0153il du collectionneur \u00bb, h\u00f4tel de ville, Abbaye-aux-Hommes, Caen, du 26 juin au 28 septembre<br \/>\n<img loading=\"lazy\" width=\"653\" height=\"436\" decoding=\"async\" aria-describedby=\"caption-attachment-203832\" src=\"data:image\/svg+xml,%3Csvg%20xmlns=\" http:=\"\" alt=\"Vue de l'exposition \u00ab L'\u0153il du collectionneur. En route vers le futur mus\u00e9e caennais \u00bb \u00e0 l'H\u00f4tel de Ville de Caen, 2025. Photo : \u00a9 Maxime Bouvier - Ville de Caen\" class=\"size-medium wp-image-203832\" data-lazy-src=\"https:\/\/www.europesays.com\/fr\/wp-content\/uploads\/2025\/08\/cda25_itw_gandur_exposition_caen_2-tt-width-653-height-436-fill-0-crop-0-bgcolor-eeeeee.jpg\"\/><\/p>\n<p id=\"caption-attachment-203832\" class=\"wp-caption-text\">Vue de l\u2019exposition \u00ab L\u2019\u0153il du collectionneur. En route vers le futur mus\u00e9e caennais \u00bb \u00e0 l\u2019H\u00f4tel de Ville de Caen, 2025. Photo : \u00a9 Maxime Bouvier \u2013 Ville de Caen<\/p>\n<p>4. Le Havre\u2009: l\u2019art prend ses quartiers<\/p>\n<p style=\"text-align: justify;\">La 9e\u00a0\u00e9dition d\u2019<a href=\"https:\/\/www.connaissancedesarts.com\/arts-expositions\/art-contemporain\/un-ete-au-havre-9-nouvelles-creations-qui-metamorphosent-la-ville-11203195\/\" rel=\"nofollow noopener\" target=\"_blank\">Un \u00e9t\u00e9 au Havre<\/a> compte une dizaine de nouvelles cr\u00e9ations. Parmi les surprises, une installation de voiles monumentales de Nefeli Papadimouli, les cabanes-dioramas d\u2019Elsa &amp; Johanna diss\u00e9min\u00e9es dans la ville, ou une fontaine de Didier Marcel aux allures de d\u00e9esse antique devant l\u2019universit\u00e9\u2026<\/p>\n<p>\u00ab Un \u00e9t\u00e9 au Havre \u00bb, divers lieux, Le Havre, du 21 juin au 28 septembre<br \/>\n<img loading=\"lazy\" width=\"653\" height=\"373\" decoding=\"async\" aria-describedby=\"caption-attachment-203208\" src=\"data:image\/svg+xml,%3Csvg%20xmlns=\" http:=\"\" alt=\"Gregory Chatonsky , La ville qui n existait pas , episode 3, \u00a9 Gregory Chatonsky\" class=\"size-medium wp-image-203208\" data-lazy-src=\"https:\/\/www.europesays.com\/fr\/wp-content\/uploads\/2025\/08\/cda25_cr_un_ete_havre3-tt-width-653-height-373-fill-0-crop-0-bgcolor-eeeeee.jpg\"\/><\/p>\n<p id=\"caption-attachment-203208\" class=\"wp-caption-text\">Gregory Chatonsky, La ville qui n existait pas, episode 3 \u00a9 Gregory Chatonsky<\/p>\n<p>5. Une ode humaniste<\/p>\n<p style=\"text-align: justify;\">\u00ab Mes dessins sont la chronique\u00a0du quotidien d\u2019un homme lambda\u00a0\u00bb, confie l\u2019artiste Fabien M\u00e9relle pour d\u00e9crire ses \u0153uvres sur papier r\u00e9alis\u00e9es \u00e0 l\u2019encre de Chine qui d\u00e9crivent, avec force d\u00e9tails, les grandes \u00e9tapes de la vie\u2009: l\u2019enfance et sa puissance onirique, la force du couple, la tendresse de la cellule familiale. Prolongeant ses dessins dans l\u2019espace, ses sculptures m\u00ealent elles aussi avec d\u00e9licatesse l\u2019intime, l\u2019absurde et les r\u00eaves les plus enfouis. Oscillant entre \u00e9tranget\u00e9 et humour, l\u2019artiste se livre ici \u00e0 nu et invite le visiteur \u00e0 suivre les traces de son alter ego.<\/p>\n<p>\u00ab Fabien M\u00e9relle. Lignes de vie \u00bb, Centre d\u2019art contemporain de la Matmut-Daniel Havis, Saint Pierre de Varengeville, 14 juin au 1er octobre<br \/>\n<img loading=\"lazy\" width=\"653\" height=\"321\" decoding=\"async\" aria-describedby=\"caption-attachment-204744\" src=\"data:image\/svg+xml,%3Csvg%20xmlns=\" http:=\"\" alt=\"Fabien M\u00e9relle, &lt;i&gt;Kuniyoshi&lt;\/i&gt;, 2017 \u00a9Fabien M\u00e9relle\" class=\"size-medium wp-image-204744\" data-lazy-src=\"https:\/\/www.europesays.com\/fr\/wp-content\/uploads\/2025\/08\/cdaaout25_normandie_merelle-tt-width-653-height-321-fill-0-crop-0-bgcolor-eeeeee.jpg\"\/><\/p>\n<p id=\"caption-attachment-204744\" class=\"wp-caption-text\">Fabien M\u00e9relle, Kuniyoshi, 2017 \u00a9Fabien M\u00e9relle<\/p>\n<p>6. Andrea Branzi c\u00f4t\u00e9 jardin<\/p>\n<p style=\"text-align: justify;\">Les collections du mus\u00e9e sont \u00e0 l\u2019honneur au travers d\u2019une s\u00e9lection d\u2019\u0153uvres autour du th\u00e8me du jardin, de Pierre Bonnard \u00e0 Joan Mitchell. Le parcours est ponctu\u00e9 d\u2019objets, de dessins, de maquettes du designer Andrea Branzi pr\u00eat\u00e9s par le Centre Pompidou.<\/p>\n<p>\u00ab Les Collections au jardin. Andrea Branzi, le r\u00e8gne des vivants \u00bb, mus\u00e9e des Impressionnismes, Giverny, du 11 juillet au 2 novembre<br \/>\n<img loading=\"lazy\" width=\"653\" height=\"490\" decoding=\"async\" aria-describedby=\"caption-attachment-204745\" src=\"data:image\/svg+xml,%3Csvg%20xmlns=\" http:=\"\" alt=\"Andrea Branzi, &lt;i&gt;Germinal Seat&lt;\/i&gt;, 2022, bambou peint et aluminium, 143 x 80 x 60 cm, don des amis du Centre Pompidou, Groupe d\u2019Acquisition pour le Design, 2023, \u00a9 Adagp, Paris, 2025. Cr\u00e9dit photo : Centre Pompidou, Mnam-Cci\/Janeth Rodriguez Garcia\/Dist. GrandPalaisRmn.\" class=\"size-medium wp-image-204745\" data-lazy-src=\"https:\/\/www.europesays.com\/fr\/wp-content\/uploads\/2025\/08\/cdaaout25_normandie_branzi-tt-width-653-height-490-fill-0-crop-0-bgcolor-eeeeee.jpg\"\/><\/p>\n<p id=\"caption-attachment-204745\" class=\"wp-caption-text\">Andrea Branzi, Germinal Seat, 2022, bambou peint et aluminium, 143 x 80 x 60 cm, don des amis du Centre Pompidou, Groupe d\u2019Acquisition pour le Design, 2023, \u00a9 Adagp, Paris, 2025. Cr\u00e9dit photo : Centre Pompidou, Mnam-Cci\/Janeth Rodriguez Garcia\/Dist. GrandPalaisRmn.<\/p>\n<p>7. Des paysages comme des leitmotivs<\/p>\n<p style=\"text-align: justify;\">Hant\u00e9es par les falaises crayeuses de Normandie et les bouleaux infinis de Scandinavie, les peintures et les sculptures de St\u00e9phane Erouane Dumas transforment la r\u00e9p\u00e9tition en art majeur et l\u2019obsession en r\u00eaverie merveilleuse. Plus vrai que nature.<\/p>\n<p>\u00ab St\u00e9phane Erouane Dumas. Grandeur, nature \u00bb, mus\u00e9e Michel Ciry, Varengeville sur mer, du 19 juillet au 2 novembre<\/p>\n<p>St\u00e9phane Erouane Dumas<\/p>\n<p>8. L\u00e9opoldine revit \u00e0 Villequier<\/p>\n<p style=\"text-align: justify;\">\u00c0 Villequier, une exposition raconte l\u2019histoire romantique et tragique de la <a href=\"https:\/\/www.connaissancedesarts.com\/arts-expositions\/exposition-victor-hugo-a-villequier-hommage-a-leopoldine-la-fille-bien-aimee-dont-la-mort-inspira-un-chef-doeuvre-11204089\/\" rel=\"nofollow noopener\" target=\"_blank\">fille pr\u00e9f\u00e9r\u00e9e de Victor Hugo<\/a> avec Charles, le fils de la famille Vacquerie. Pr\u00e9sentation de documents dont le manuscrit du c\u00e9l\u00e8bre po\u00e8me Demain d\u00e8s l\u2019aube, rencontres litt\u00e9raires et spectacle musical sont l\u2019occasion de f\u00eater les deux cents ans de la naissance de L\u00e9opoldine, morte noy\u00e9e dans la Seine quelques semaines seulement apr\u00e8s son mariage.<\/p>\n<p>\u00ab Aime celui qui t\u2019aime \u00bb, mus\u00e9e Victor-Hugo, maison Vacquerie, quai Victor-Hugo, Villequier, du 19 juin au 3 novembre<br \/>\n<img loading=\"lazy\" width=\"653\" height=\"465\" decoding=\"async\" aria-describedby=\"caption-attachment-204418\" src=\"data:image\/svg+xml,%3Csvg%20xmlns=\" http:=\"\" alt=\"L\u00e9opoldine lisant Ad\u00e8le Hugo, avril 1837 Dessin \u00e0 la mine graphite Pr\u00eat des Maisons de Victor Hugo, Paris \u2013 Guernesey\" class=\"size-medium wp-image-204418\" data-lazy-src=\"https:\/\/www.europesays.com\/fr\/wp-content\/uploads\/2025\/08\/cda25_cr_leopoldine_villequier_2-tt-width-653-height-465-fill-0-crop-0-bgcolor-eeeeee.jpg\"\/><\/p>\n<p id=\"caption-attachment-204418\" class=\"wp-caption-text\">L\u00e9opoldine lisant Ad\u00e8le Hugo, avril 1837 , dessin \u00e0 la mine graphite Pr\u00eat des Maisons de Victor Hugo, Paris \u2013 Guernesey<\/p>\n<p>9. Cildo Meireles, emport\u00e9 par la houle<\/p>\n<p style=\"text-align: justify;\">Patrimoine et art contemporain dialoguent tout l\u2019\u00e9t\u00e9 en sept sites g\u00e9r\u00e9s par le Centre des monuments nationaux (CMN), associ\u00e9 pour l\u2019occasion au Centre national des arts plastiques (Cnap). La pr\u00e9sence de <a href=\"https:\/\/www.connaissancedesarts.com\/monuments-patrimoine\/un-artiste-un-monument-une-installation-monumentale-et-immersive-metamorphose-labbaye-du-mont-saint-michel-11203141\/\" rel=\"nofollow noopener\" target=\"_blank\">Cildo Meireles<\/a> (n\u00e9 en\u00a01948) \u00e0 l\u2019abbaye du Mont-Saint-Michel peut surprendre. L\u2019artiste br\u00e9silien s\u2019est fait conna\u00eetre par des installations tr\u00e8s politiques comme Red Shift (1967-1984) ou Insertions into ideological circuits (1970-1976), en r\u00e9ponse \u00e0 l\u2019oppression du r\u00e9gime militaire br\u00e9silien. Depuis, il n\u2019a cess\u00e9 de fustiger le capitalisme et l\u2019imp\u00e9rialisme en int\u00e9grant \u00e0 son art des symboles du consum\u00e9risme (bouteilles de Coca-Cola, billets de banque\u2026). R\u00e9alis\u00e9e en\u00a01991, l\u2019\u0153uvre pr\u00e9sent\u00e9e dans le r\u00e9fectoire des moines de l\u2019abbaye est d\u2019une autre nature. Intitul\u00e9e Marulho (la houle), l\u2019installation est un vaste paysage maritime que les visiteurs observent depuis un ponton. Elle est compos\u00e9e de petits livrets ouverts reproduisant des photographies de la mer, dispos\u00e9s \u00e0 m\u00eame le sol. De ces pages \u00e9mergent des territoires, r\u00e9els ou r\u00eav\u00e9s, des r\u00e9cits, des souvenirs\u2026 Le dispositif est accompagn\u00e9 d\u2019une bande-son qui r\u00e9p\u00e8te \u00e0 l\u2019infini le mot \u00ab\u00a0eau\u00a0\u00bb, susurr\u00e9 par quatre-vingts personnes de tous \u00e2ges, en trente langues. La mer est ici la m\u00e9taphore d\u2019un lien universel, qui unit les pays et les continents. Preuve que l\u2019engagement n\u2019emp\u00eache en rien la po\u00e9sie.<\/p>\n<p>\u00ab\u00a0Cildo Meireles. Marulho (la houle)\u00a0\u00bb, abbaye du Mont-Saint-Michel, du 26\u00a0juin au 16\u00a0novembre<br \/>\n<img loading=\"lazy\" width=\"653\" height=\"367\" decoding=\"async\" aria-describedby=\"caption-attachment-203412\" src=\"data:image\/svg+xml,%3Csvg%20xmlns=\" http:=\"\" alt=\"Cildo Meireles, Marulho (La houle), 1991-1997, collection du Cnap. \u00a9 Cildo Meireles \/ Cnap. Cr\u00e9dit photo : Mathieu Vincent - CMN\" class=\"size-medium wp-image-203412\" data-lazy-src=\"https:\/\/www.europesays.com\/fr\/wp-content\/uploads\/2025\/08\/cda25_cmn_cildo_saint-michel-tt-width-653-height-367-fill-0-crop-0-bgcolor-eeeeee.jpg\"\/><\/p>\n<p id=\"caption-attachment-203412\" class=\"wp-caption-text\">Cildo Meireles, Marulho (La houle), 1991-1997, collection du Cnap. \u00a9 Cildo Meireles \/ Cnap. Cr\u00e9dit photo : Mathieu Vincent \u2013 CMN<\/p>\n<p>10. Luxe, calme et volupt\u00e9<\/p>\n<p style=\"text-align: justify;\">Form\u00e9 \u00e0 l\u2019\u00c9cole Boule, \u00e9l\u00e8ve de Jacques-\u00c9mile Ruhlmann, Maxime Old (1910-1991) composa, durant six d\u00e9cennies, des meubles d\u00e9licats alliant l\u2019exigence de son ma\u00eetre et le fonctionnalisme du Bauhaus. Pour n\u2019avoir jamais \u00e9t\u00e9 \u00e9dit\u00e9es dans le cadre d\u2019une production industrielle, ses r\u00e9alisations furent r\u00e9serv\u00e9es \u00e0 des lieux prestigieux \u2013 ambassades et paquebots, h\u00f4tel de ville de Rouen et a\u00e9rogare de Marseille-Marignane. Gr\u00e2ce \u00e0 des pr\u00eats, la pr\u00e9sente exposition donne \u00e0 voir la coh\u00e9rence de plusieurs ensembles sign\u00e9s Old, qui livra des coiffeuses et des bureaux d\u2019un raffinement inou\u00ef, ou avec les essences et les m\u00e9taux, et dont on dit qu\u2019il pouvait passer une semaine \u00e0 soigner le galbe d\u2019une chaise. Sublime.<\/p>\n<p>\u00ab\u00a0Maxime Old, homme d\u2019int\u00e9rieurs\u00a0\u00bb, mus\u00e9e des Beaux-Arts, Rouen, du 28 juin au 5 janvier<br \/>\n<img loading=\"lazy\" width=\"653\" height=\"368\" decoding=\"async\" aria-describedby=\"caption-attachment-204724\" src=\"data:image\/svg+xml,%3Csvg%20xmlns=\" http:=\"\" alt=\"Table basse en ch\u00eane, sign\u00e9 Maxime Old, France, vers 1955. H: 51 cm L: 104 cm P: 50 cm \u00a9Galerie Lafon Vosseler\" class=\"size-medium wp-image-204724\" data-lazy-src=\"https:\/\/www.europesays.com\/fr\/wp-content\/uploads\/2025\/08\/cdaaout25_normandie_old-tt-width-653-height-368-fill-0-crop-0-bgcolor-eeeeee.jpg\"\/><\/p>\n<p id=\"caption-attachment-204724\" class=\"wp-caption-text\">Table basse en ch\u00eane, sign\u00e9 Maxime Old, France, vers 1955, 51 x 104 x 50 cm \u00a9Galerie Lafon Vosseler<\/p>\n","protected":false},"excerpt":{"rendered":"De Caen \u00e0 Yvetot, en passant par Rouen et Le Havre, Villequier, Varengeville-sur-Mer, laissez-vous guider \u00e0 travers la&hellip;\n","protected":false},"author":2,"featured_media":327064,"comment_status":"","ping_status":"","sticky":false,"template":"","format":"standard","meta":{"footnotes":""},"categories":[9587],"tags":[1111,11,1777,674,1011,27,12,5161,25,9590],"class_list":{"0":"post-327063","1":"post","2":"type-post","3":"status-publish","4":"format-standard","5":"has-post-thumbnail","7":"category-rouen","8":"tag-actu","9":"tag-actualites","10":"tag-eu","11":"tag-europe","12":"tag-fr","13":"tag-france","14":"tag-news","15":"tag-normandie","16":"tag-republique-francaise","17":"tag-rouen"},"share_on_mastodon":{"url":"https:\/\/pubeurope.com\/@fr\/115049807428388860","error":""},"_links":{"self":[{"href":"https:\/\/www.europesays.com\/fr\/wp-json\/wp\/v2\/posts\/327063","targetHints":{"allow":["GET"]}}],"collection":[{"href":"https:\/\/www.europesays.com\/fr\/wp-json\/wp\/v2\/posts"}],"about":[{"href":"https:\/\/www.europesays.com\/fr\/wp-json\/wp\/v2\/types\/post"}],"author":[{"embeddable":true,"href":"https:\/\/www.europesays.com\/fr\/wp-json\/wp\/v2\/users\/2"}],"replies":[{"embeddable":true,"href":"https:\/\/www.europesays.com\/fr\/wp-json\/wp\/v2\/comments?post=327063"}],"version-history":[{"count":0,"href":"https:\/\/www.europesays.com\/fr\/wp-json\/wp\/v2\/posts\/327063\/revisions"}],"wp:featuredmedia":[{"embeddable":true,"href":"https:\/\/www.europesays.com\/fr\/wp-json\/wp\/v2\/media\/327064"}],"wp:attachment":[{"href":"https:\/\/www.europesays.com\/fr\/wp-json\/wp\/v2\/media?parent=327063"}],"wp:term":[{"taxonomy":"category","embeddable":true,"href":"https:\/\/www.europesays.com\/fr\/wp-json\/wp\/v2\/categories?post=327063"},{"taxonomy":"post_tag","embeddable":true,"href":"https:\/\/www.europesays.com\/fr\/wp-json\/wp\/v2\/tags?post=327063"}],"curies":[{"name":"wp","href":"https:\/\/api.w.org\/{rel}","templated":true}]}}