{"id":327067,"date":"2025-08-18T12:44:10","date_gmt":"2025-08-18T12:44:10","guid":{"rendered":"https:\/\/www.europesays.com\/fr\/327067\/"},"modified":"2025-08-18T12:44:10","modified_gmt":"2025-08-18T12:44:10","slug":"au-pont-de-bretagne-un-obus-de-la-premiere-guerre-mondiale-retrouve-par-un-pecheur","status":"publish","type":"post","link":"https:\/\/www.europesays.com\/fr\/327067\/","title":{"rendered":"au pont de Bretagne, un obus de la Premi\u00e8re Guerre mondiale retrouv\u00e9 par un p\u00eacheur"},"content":{"rendered":"<p>            Par<br \/>\n        <strong><br \/>\n            <a href=\"https:\/\/actu.fr\/auteur\/laurene-fertin\" title=\"Consulter tous les articles de Laur\u00e8ne Fertin\" rel=\"nofollow noopener\" target=\"_blank\">Laur\u00e8ne Fertin<\/a><br \/>\n        <\/strong><\/p>\n<p>        Publi\u00e9 le<\/p>\n<p>            18 ao\u00fbt 2025 \u00e0 14h19        <\/p>\n<p>C\u2019est en pratiquant <strong>la p\u00eache \u00e0 l\u2019aimant<\/strong> qu\u2019un homme est tomb\u00e9, dimanche 17\u00a0ao\u00fbt 2025, sur <strong>un obus de la Premi\u00e8re Guerre mondiale<\/strong>.<\/p>\n<p class=\" wall-content\">La d\u00e9couverte a eu lieu <strong>sur le pont de Bretagne<\/strong>, confirme la police \u00e0 la r\u00e9daction d\u2019<a href=\"https:\/\/actu.fr\/rennes\/\" rel=\"nofollow noopener\" target=\"_blank\">actu Rennes<\/a>. <strong>Un t\u00e9moin,<\/strong> pr\u00e9sent sur place, a \u00e9t\u00e9 bloqu\u00e9 par une circulation arr\u00eat\u00e9e sur la pause d\u00e9jeuner. <strong>Un important dispositif<\/strong> \u00e9tait alors d\u00e9ploy\u00e9.<\/p>\n<p>Les d\u00e9mineurs sur place<\/p>\n<p class=\" wall-content\">Sur place, <strong>les d\u00e9mineurs<\/strong> venus de Loire-Atlantique ont \u00e9t\u00e9 d\u00e9p\u00each\u00e9s afin de s\u00e9curiser les lieux.<\/p>\n<p class=\" wall-content\"><a href=\"https:\/\/actu.fr\/bretagne\/rennes_35238\/evitez-le-secteur-des-engins-explosifs-decouverts-dans-le-centre-ville-de-rennes-les-demineurs-arrivent_62852239.html\" rel=\"nofollow noopener\" target=\"_blank\">Mardi 1er\u00a0juillet dernier, de la m\u00eame mani\u00e8re, des engins explosifs avaient \u00e9t\u00e9 d\u00e9couverts au m\u00eame endroit par un \u00e9clusier<\/a>. La circulation avait \u00e9t\u00e9 stopp\u00e9e.<\/p>\n<p class=\" wall-content\">Personnalisez votre actualit\u00e9 en ajoutant vos villes et m\u00e9dias en favori avec <a href=\"https:\/\/moncompte.actu.fr\" title=\"D\u00e9couvez Mon Actu\" rel=\"nofollow noopener\" data-trk=\"{&quot;cta&quot;:{&quot;action&quot;:&quot;https:\\\/\\\/moncompte.actu.fr&quot;,&quot;category&quot;:&quot;mon compte&quot;,&quot;from&quot;:&quot;article footer&quot;,&quot;name&quot;:&quot;Mon actu&quot;,&quot;type&quot;:&quot;cta&quot;}}\" target=\"_blank\">Mon Actu<\/a>.<\/p>\n","protected":false},"excerpt":{"rendered":"Par Laur\u00e8ne Fertin Publi\u00e9 le 18 ao\u00fbt 2025 \u00e0 14h19 C\u2019est en pratiquant la p\u00eache \u00e0 l\u2019aimant qu\u2019un&hellip;\n","protected":false},"author":2,"featured_media":218873,"comment_status":"","ping_status":"","sticky":false,"template":"","format":"standard","meta":{"footnotes":""},"categories":[2821],"tags":[1111,11,829,1777,674,118,1011,27,12,1072,584,25],"class_list":{"0":"post-327067","1":"post","2":"type-post","3":"status-publish","4":"format-standard","5":"has-post-thumbnail","7":"category-rennes","8":"tag-actu","9":"tag-actualites","10":"tag-bretagne","11":"tag-eu","12":"tag-europe","13":"tag-faits-divers","14":"tag-fr","15":"tag-france","16":"tag-news","17":"tag-police","18":"tag-rennes","19":"tag-republique-francaise"},"share_on_mastodon":{"url":"https:\/\/pubeurope.com\/@fr\/115049835070680446","error":""},"_links":{"self":[{"href":"https:\/\/www.europesays.com\/fr\/wp-json\/wp\/v2\/posts\/327067","targetHints":{"allow":["GET"]}}],"collection":[{"href":"https:\/\/www.europesays.com\/fr\/wp-json\/wp\/v2\/posts"}],"about":[{"href":"https:\/\/www.europesays.com\/fr\/wp-json\/wp\/v2\/types\/post"}],"author":[{"embeddable":true,"href":"https:\/\/www.europesays.com\/fr\/wp-json\/wp\/v2\/users\/2"}],"replies":[{"embeddable":true,"href":"https:\/\/www.europesays.com\/fr\/wp-json\/wp\/v2\/comments?post=327067"}],"version-history":[{"count":0,"href":"https:\/\/www.europesays.com\/fr\/wp-json\/wp\/v2\/posts\/327067\/revisions"}],"wp:featuredmedia":[{"embeddable":true,"href":"https:\/\/www.europesays.com\/fr\/wp-json\/wp\/v2\/media\/218873"}],"wp:attachment":[{"href":"https:\/\/www.europesays.com\/fr\/wp-json\/wp\/v2\/media?parent=327067"}],"wp:term":[{"taxonomy":"category","embeddable":true,"href":"https:\/\/www.europesays.com\/fr\/wp-json\/wp\/v2\/categories?post=327067"},{"taxonomy":"post_tag","embeddable":true,"href":"https:\/\/www.europesays.com\/fr\/wp-json\/wp\/v2\/tags?post=327067"}],"curies":[{"name":"wp","href":"https:\/\/api.w.org\/{rel}","templated":true}]}}