{"id":327068,"date":"2025-08-18T12:45:14","date_gmt":"2025-08-18T12:45:14","guid":{"rendered":"https:\/\/www.europesays.com\/fr\/327068\/"},"modified":"2025-08-18T12:45:14","modified_gmt":"2025-08-18T12:45:14","slug":"tres-bien-notee-sur-google-cette-patisserie-ouvre-une-deuxieme-boutique-en-centre-ville","status":"publish","type":"post","link":"https:\/\/www.europesays.com\/fr\/327068\/","title":{"rendered":"tr\u00e8s bien not\u00e9e sur Google, cette p\u00e2tisserie ouvre une deuxi\u00e8me boutique en centre-ville"},"content":{"rendered":"<p>            Par<br \/>\n        <strong><br \/>\n            <a href=\"https:\/\/actu.fr\/auteur\/ivan-capecchi\" title=\"Consulter tous les articles de Ivan CAPECCHI\" target=\"_blank\" rel=\"noopener\">Ivan CAPECCHI<\/a><br \/>\n        <\/strong><\/p>\n<p>        Publi\u00e9 le<\/p>\n<p>            18 ao\u00fbt 2025 \u00e0 12h16<br \/>\n        ; mis \u00e0 jour le 18 ao\u00fbt 2025 \u00e0 14h00    <\/p>\n<p>Not\u00e9e 4,7\/5 sur <strong>Google<\/strong>, la <strong>p\u00e2tisserie Jaune Citron<\/strong> s\u2019appr\u00eate \u00e0 franchir une nouvelle \u00e9tape, trois ans apr\u00e8s l\u2019ouverture de sa premi\u00e8re boutique <strong>rue de l\u2019Ail \u00e0 Strasbourg<\/strong>. Laura Schneider, sa g\u00e9rante, nous en dit plus sur ce projet.<\/p>\n<p>    <img   decoding=\"async\" loading=\"lazy\" src=\"https:\/\/www.europesays.com\/fr\/wp-content\/uploads\/2025\/08\/laura-schneider-960x640.jpg\" alt=\"Laura Schneider, g\u00e9rante de Jaune Citron.\" width=\"960\" height=\"640\"\/><br \/>\n    Laura Schneider, g\u00e9rante de Jaune Citron. (\u00a9Document remis)Jaune Citron ouvre une deuxi\u00e8me boutique en centre-ville<\/p>\n<p class=\" wall-content\">D\u2019ici fin novembre, <strong>Jaune Citron se dotera d\u2019une seconde adresse, situ\u00e9e Grand\u2019Rue<\/strong>.<\/p>\n<p>Jaune Citron sacr\u00e9e Meilleure p\u00e2tisserie \u00e0 explorer 2025 <\/p>\n<p>Plus t\u00f4t dans l&rsquo;ann\u00e9e, Laura Schneider, ancienne professeure des \u00e9coles devenue p\u00e2tissi\u00e8re, a re\u00e7u aux Invalides le prix de la \u00ab Meilleure p\u00e2tisserie \u00e0 explorer 2025 \u00bb, d\u00e9cern\u00e9 par La Liste. Install\u00e9e depuis 2022 \u00e0 Strasbourg avec sa boutique Jaune Citron, elle emploie aujourd\u2019hui douze personnes et pr\u00e9pare l\u2019ouverture d\u2019une seconde adresse Grand\u2019Rue.<\/p>\n<p class=\" wall-content\">L\u2019id\u00e9e ? <strong>B\u00e9n\u00e9ficier d\u2019un espace plus grand, \u00ab\u00a0tant pour l\u2019\u00e9quipe que pour les clients\u00a0\u00bb<\/strong>, glisse Laura Schneider, avant de d\u00e9tailler : \u00ab\u00a0Actuellement, quand tout le monde est assis dans le salon de th\u00e9 et qu\u2019il y a la queue au comptoir, \u00e7a n\u2019est pas tr\u00e8s agr\u00e9able. Dans la deuxi\u00e8me boutique, <strong>on va presque tripler le nombre de places assises, et il y aura un vrai salon de th\u00e9 \u00e0 part enti\u00e8re<\/strong>. <strong>La terrasse sera elle aussi \u00e9largie<\/strong>\u00ab\u00a0.<\/p>\n<p>    <img   decoding=\"async\" loading=\"lazy\" src=\"https:\/\/www.europesays.com\/fr\/wp-content\/uploads\/2025\/08\/patisserie-citron-960x640.jpg\" alt=\"La nouvelle adresse se trouve 39 Grand'Rue \u00e0 Strasbourg.\" width=\"960\" height=\"640\"\/><br \/>\n    La nouvelle adresse se trouve 39 Grand\u2019Rue \u00e0 Strasbourg. (\u00a9Ivan Capecchi \/ Actu Strasbourg)<\/p>\n<p>Votre r\u00e9gion, votre actu !<\/p>\n<p>Recevez chaque jour les infos qui comptent pour vous.<\/p>\n<p>\t<a href=\"https:\/\/actu.fr\/newsletter\" class=\"ac-btn ac-btn--corner ac-btn--medium ac-btn--blue800\" target=\"_blank\" rel=\"noopener\">S&rsquo;incrire<\/a><br \/>\nUne offre \u00e9largie pr\u00e9vue<\/p>\n<p class=\" wall-content\">C\u00f4t\u00e9 offre, \u00ab\u00a0on aura nos produits habituels <strong>mais il y aura aussi des nouveaut\u00e9s<\/strong>\u00ab\u00a0, annonce la g\u00e9rante.<\/p>\n<p class=\" wall-content\">\u00ab\u00a0Il y aura une <strong>offre sal\u00e9e un peu plus d\u00e9velopp\u00e9e<\/strong> pour les d\u00e9jeuners, de m\u00eame qu\u2019une <strong>offre sucr\u00e9e \u00e9largie<\/strong>, autre que de simples p\u00e2tisseries\u00a0\u00bb, d\u00e9taille-t-elle, tout en souhaitant garder \u00ab\u00a0quelques surprises\u00a0\u00bb pour les clients.\u00a0<\/p>\n<p class=\" wall-content\">Personnalisez votre actualit\u00e9 en ajoutant vos villes et m\u00e9dias en favori avec <a href=\"https:\/\/moncompte.actu.fr\" title=\"D\u00e9couvez Mon Actu\" rel=\"nofollow noopener\" data-trk=\"{&quot;cta&quot;:{&quot;action&quot;:&quot;https:\\\/\\\/moncompte.actu.fr&quot;,&quot;category&quot;:&quot;mon compte&quot;,&quot;from&quot;:&quot;article footer&quot;,&quot;name&quot;:&quot;Mon actu&quot;,&quot;type&quot;:&quot;cta&quot;}}\" target=\"_blank\">Mon Actu<\/a>.<\/p>\n","protected":false},"excerpt":{"rendered":"Par Ivan CAPECCHI Publi\u00e9 le 18 ao\u00fbt 2025 \u00e0 12h16 ; mis \u00e0 jour le 18 ao\u00fbt 2025&hellip;\n","protected":false},"author":2,"featured_media":327069,"comment_status":"","ping_status":"","sticky":false,"template":"","format":"standard","meta":{"footnotes":""},"categories":[2820],"tags":[1111,11,258,1777,674,1011,27,775,1652,12,25,640],"class_list":{"0":"post-327068","1":"post","2":"type-post","3":"status-publish","4":"format-standard","5":"has-post-thumbnail","7":"category-strasbourg","8":"tag-actu","9":"tag-actualites","10":"tag-alimentation","11":"tag-eu","12":"tag-europe","13":"tag-fr","14":"tag-france","15":"tag-grand-est","16":"tag-loisirs-culture","17":"tag-news","18":"tag-republique-francaise","19":"tag-strasbourg"},"share_on_mastodon":{"url":"https:\/\/pubeurope.com\/@fr\/115049839073039407","error":""},"_links":{"self":[{"href":"https:\/\/www.europesays.com\/fr\/wp-json\/wp\/v2\/posts\/327068","targetHints":{"allow":["GET"]}}],"collection":[{"href":"https:\/\/www.europesays.com\/fr\/wp-json\/wp\/v2\/posts"}],"about":[{"href":"https:\/\/www.europesays.com\/fr\/wp-json\/wp\/v2\/types\/post"}],"author":[{"embeddable":true,"href":"https:\/\/www.europesays.com\/fr\/wp-json\/wp\/v2\/users\/2"}],"replies":[{"embeddable":true,"href":"https:\/\/www.europesays.com\/fr\/wp-json\/wp\/v2\/comments?post=327068"}],"version-history":[{"count":0,"href":"https:\/\/www.europesays.com\/fr\/wp-json\/wp\/v2\/posts\/327068\/revisions"}],"wp:featuredmedia":[{"embeddable":true,"href":"https:\/\/www.europesays.com\/fr\/wp-json\/wp\/v2\/media\/327069"}],"wp:attachment":[{"href":"https:\/\/www.europesays.com\/fr\/wp-json\/wp\/v2\/media?parent=327068"}],"wp:term":[{"taxonomy":"category","embeddable":true,"href":"https:\/\/www.europesays.com\/fr\/wp-json\/wp\/v2\/categories?post=327068"},{"taxonomy":"post_tag","embeddable":true,"href":"https:\/\/www.europesays.com\/fr\/wp-json\/wp\/v2\/tags?post=327068"}],"curies":[{"name":"wp","href":"https:\/\/api.w.org\/{rel}","templated":true}]}}