{"id":327070,"date":"2025-08-18T12:46:15","date_gmt":"2025-08-18T12:46:15","guid":{"rendered":"https:\/\/www.europesays.com\/fr\/327070\/"},"modified":"2025-08-18T12:46:15","modified_gmt":"2025-08-18T12:46:15","slug":"quest-ce-que-cela-change-pour-les-bailleurs","status":"publish","type":"post","link":"https:\/\/www.europesays.com\/fr\/327070\/","title":{"rendered":"qu&rsquo;est-ce que cela change pour les bailleurs ?"},"content":{"rendered":"<p>&#13;<br \/>\n                            En r\u00e9sum\u00e9&#13;<br \/>\n                            \u2022 \u00c0 partir de mai 2026, un permis de location sera obligatoire \u00e0 Strasbourg, quartier gare.  <br \/>\u2022 Les logements anciens devront respecter des normes de s\u00e9curit\u00e9 et d\u2019efficacit\u00e9 \u00e9nerg\u00e9tique.  <br \/>\u2022 Les propri\u00e9taires non conformes risquent des amendes, assurant un march\u00e9 plus s\u00fbr pour les voyageurs.                            <\/p>\n<p data-start=\"95\" data-end=\"566\">\u00c0 partir du 1er mai 2026, louer un logement \u00e0 Strasbourg ne sera plus aussi simple qu\u2019avant. En effet, la ville introduit un permis de location pour les logements situ\u00e9s dans le quartier gare, une mesure qui pourrait bien perturber les voyageurs cherchant un h\u00e9bergement temporaire. Cette initiative, vot\u00e9e par l\u2019Eurom\u00e9tropole en mai 2025, vise \u00e0 garantir des logements plus s\u00fbrs, d\u00e9cents et \u00e9co-responsables pour les locataires, qu\u2019ils soient permanents ou de passage.<\/p>\n<p>Qu\u2019est-ce que le permis de location et comment cela affecte-t-il les voyageurs ?<\/p>\n<p data-start=\"654\" data-end=\"1382\">Le permis de location touchera principalement les logements anciens du quartier gare, construits avant 2006. Pour les voyageurs, cela signifie que les propri\u00e9taires de ces biens devront d\u00e9sormais obtenir une autorisation pr\u00e9alable de la municipalit\u00e9 avant de pouvoir louer leur logement. Chaque propri\u00e9taire devra fournir un dossier comprenant des diagnostics sur l\u2019\u00e9tat du logement : performance \u00e9nerg\u00e9tique, installations \u00e9lectriques, amiante et plomb. Ces v\u00e9rifications permettront de s\u2019assurer que les logements respectent des crit\u00e8res de s\u00e9curit\u00e9 et de salubrit\u00e9. Si vous louez un appartement dans ce secteur via des plateformes comme Airbnb, attendez-vous \u00e0 ce que le processus soit un peu plus rigoureux \u00e0 partir de 2026.<\/p>\n<p>Une d\u00e9marche s\u00e9curisante pour les voyageurs : des logements plus s\u00fbrs et plus verts<\/p>\n<p data-start=\"1473\" data-end=\"2134\">L\u2019objectif de cette nouvelle r\u00e8gle est de garantir que les logements propos\u00e9s aux voyageurs soient s\u00fbrs et en bon \u00e9tat. Les contr\u00f4les incluront des inspections de l\u2019isolation, de l\u2019\u00e9lectricit\u00e9 et de l\u2019hygi\u00e8ne, des aspects souvent n\u00e9glig\u00e9s lors des visites touristiques. Pour les voyageurs soucieux de la qualit\u00e9 de leur h\u00e9bergement, cette mesure devrait rassurer. Plus question de tomber sur un logement insalubre ou mal entretenu, puisque le permis de location garantira des standards de s\u00e9curit\u00e9 et de confort. De plus, le crit\u00e8re de performance \u00e9nerg\u00e9tique pourrait aussi r\u00e9pondre \u00e0 une demande croissante des voyageurs soucieux de leur empreinte \u00e9cologique.<\/p>\n<p>Un contr\u00f4le renforc\u00e9 pour un march\u00e9 plus transparent<\/p>\n<p data-start=\"2194\" data-end=\"2744\">D\u00e8s le 1er mai 2026, tous les propri\u00e9taires de logements dans le quartier gare, qu\u2019ils soient particuliers ou agences, devront soumettre une demande de permis de location avant de pouvoir accueillir des voyageurs. Si certains propri\u00e9taires de meubl\u00e9s touristiques ne respectent pas la r\u00e8gle, ils risquent une amende de 5 000 \u00e0 15 000 \u20ac. Pour les voyageurs, cela signifie un march\u00e9 de location plus transparent et s\u00e9curis\u00e9. Les h\u00f4tes devront se conformer \u00e0 des normes strictes, assurant ainsi que votre exp\u00e9rience soit plus agr\u00e9able et sans surprise.<\/p>\n<p>Impact sur l\u2019attractivit\u00e9 touristique et le futur du march\u00e9 locatif<\/p>\n<p data-start=\"2819\" data-end=\"3498\">Le permis de location pourrait \u00e9galement avoir un impact sur l\u2019attractivit\u00e9 de <a href=\"https:\/\/discover.ulysse.com\/strasbourg-randonnee-inedite-experience-urbaine\" rel=\"nofollow noopener\" target=\"_blank\">Strasbourg<\/a> en tant que destination touristique. Bien que cette mesure vise \u00e0 am\u00e9liorer la qualit\u00e9 des logements, elle pourrait \u00e9galement r\u00e9duire le nombre de logements disponibles \u00e0 la location, du moins dans le quartier gare. Toutefois, pour les voyageurs recherchant un s\u00e9jour en toute tranquillit\u00e9, cette r\u00e9gulation pourrait se traduire par un march\u00e9 locatif plus fiable, o\u00f9 l\u2019accent est mis sur la qualit\u00e9 plut\u00f4t que sur la quantit\u00e9. Si cette exp\u00e9rimentation r\u00e9ussit, la mesure pourrait \u00eatre \u00e9tendue \u00e0 d\u2019autres quartiers de la ville, voire \u00e0 d\u2019autres grandes destinations touristiques en France.<\/p>\n<p>                            <img loading=\"lazy\" alt=\"\" src=\"https:\/\/www.europesays.com\/fr\/wp-content\/uploads\/2025\/08\/1755521175_31_e48c0c92e74be801e787788c2ce301fd\"  class=\"avatar avatar-32 photo\" height=\"32\" width=\"32\" decoding=\"async\"\/>                            Vincent Mabire &#8211;<br \/>\n                            Il y a 46 minutes                        <\/p>\n","protected":false},"excerpt":{"rendered":"&#13; En r\u00e9sum\u00e9&#13; \u2022 \u00c0 partir de mai 2026, un permis de location sera obligatoire \u00e0 Strasbourg, quartier&hellip;\n","protected":false},"author":2,"featured_media":327071,"comment_status":"","ping_status":"","sticky":false,"template":"","format":"standard","meta":{"footnotes":""},"categories":[2820],"tags":[1111,11,1777,674,1011,27,775,12,25,640],"class_list":{"0":"post-327070","1":"post","2":"type-post","3":"status-publish","4":"format-standard","5":"has-post-thumbnail","7":"category-strasbourg","8":"tag-actu","9":"tag-actualites","10":"tag-eu","11":"tag-europe","12":"tag-fr","13":"tag-france","14":"tag-grand-est","15":"tag-news","16":"tag-republique-francaise","17":"tag-strasbourg"},"share_on_mastodon":{"url":"https:\/\/pubeurope.com\/@fr\/115049842943956918","error":""},"_links":{"self":[{"href":"https:\/\/www.europesays.com\/fr\/wp-json\/wp\/v2\/posts\/327070","targetHints":{"allow":["GET"]}}],"collection":[{"href":"https:\/\/www.europesays.com\/fr\/wp-json\/wp\/v2\/posts"}],"about":[{"href":"https:\/\/www.europesays.com\/fr\/wp-json\/wp\/v2\/types\/post"}],"author":[{"embeddable":true,"href":"https:\/\/www.europesays.com\/fr\/wp-json\/wp\/v2\/users\/2"}],"replies":[{"embeddable":true,"href":"https:\/\/www.europesays.com\/fr\/wp-json\/wp\/v2\/comments?post=327070"}],"version-history":[{"count":0,"href":"https:\/\/www.europesays.com\/fr\/wp-json\/wp\/v2\/posts\/327070\/revisions"}],"wp:featuredmedia":[{"embeddable":true,"href":"https:\/\/www.europesays.com\/fr\/wp-json\/wp\/v2\/media\/327071"}],"wp:attachment":[{"href":"https:\/\/www.europesays.com\/fr\/wp-json\/wp\/v2\/media?parent=327070"}],"wp:term":[{"taxonomy":"category","embeddable":true,"href":"https:\/\/www.europesays.com\/fr\/wp-json\/wp\/v2\/categories?post=327070"},{"taxonomy":"post_tag","embeddable":true,"href":"https:\/\/www.europesays.com\/fr\/wp-json\/wp\/v2\/tags?post=327070"}],"curies":[{"name":"wp","href":"https:\/\/api.w.org\/{rel}","templated":true}]}}