{"id":327076,"date":"2025-08-18T12:50:38","date_gmt":"2025-08-18T12:50:38","guid":{"rendered":"https:\/\/www.europesays.com\/fr\/327076\/"},"modified":"2025-08-18T12:50:38","modified_gmt":"2025-08-18T12:50:38","slug":"une-femme-transportee-durgence-a-lhopital-apres-une-grave-chute-a-velo","status":"publish","type":"post","link":"https:\/\/www.europesays.com\/fr\/327076\/","title":{"rendered":"une femme transport\u00e9e d&rsquo;urgence \u00e0 l&rsquo;h\u00f4pital apr\u00e8s une grave chute \u00e0 v\u00e9lo"},"content":{"rendered":"<p>            Par<br \/>\n        <strong><br \/>\n            <a href=\"https:\/\/actu.fr\/auteur\/emma-derome\" title=\"Consulter tous les articles de Emma Derome\" rel=\"nofollow noopener\" target=\"_blank\">Emma Derome<\/a><br \/>\n        <\/strong><\/p>\n<p>        Publi\u00e9 le<\/p>\n<p>            18 ao\u00fbt 2025 \u00e0 11h10        <\/p>\n<p>Les pompiers ont \u00e9t\u00e9 appel\u00e9s, dimanche 17\u00a0ao\u00fbt vers 17\u00a0heures, pour <strong>une grave chute au niveau du Quai de Versailles<\/strong>, le long de l\u2019Erdre, en centre-ville de Nantes.<\/p>\n<p class=\" wall-content\">Une femme de 36\u00a0ans est en effet tomb\u00e9e alors qu\u2019elle <a href=\"https:\/\/actu.fr\/pays-de-la-loire\/la-chapelle-sur-erdre_44035\/accident-pres-de-nantes-quatre-blesses-dans-une-collision-entre-un-bus-et-un-velo_62885739.html\" rel=\"nofollow noopener\" target=\"_blank\">conduisait son v\u00e9lo<\/a>. Elle a \u00e9t\u00e9 \u00ab\u2009gravement bless\u00e9e\u2009\u00bb, selon le Codis, centre op\u00e9rationnel d\u00e9partemental d\u2019incendie et de secours. Elle a \u00e9t\u00e9 prise en charge par une ambulance du SMUR et transport\u00e9e vers le CHU.<\/p>\n<p class=\" wall-content\">La police nationale, dont le commissariat principal est situ\u00e9 juste en face, s\u2019est \u00e9galement d\u00e9plac\u00e9e. On ne conna\u00eet pas les circonstances de l\u2019accident.<\/p>\n<p class=\" wall-content\">Personnalisez votre actualit\u00e9 en ajoutant vos villes et m\u00e9dias en favori avec <a href=\"https:\/\/moncompte.actu.fr\" title=\"D\u00e9couvez Mon Actu\" rel=\"nofollow noopener\" data-trk=\"{&quot;cta&quot;:{&quot;action&quot;:&quot;https:\\\/\\\/moncompte.actu.fr&quot;,&quot;category&quot;:&quot;mon compte&quot;,&quot;from&quot;:&quot;article footer&quot;,&quot;name&quot;:&quot;Mon actu&quot;,&quot;type&quot;:&quot;cta&quot;}}\" target=\"_blank\">Mon Actu<\/a>.<\/p>\n","protected":false},"excerpt":{"rendered":"Par Emma Derome Publi\u00e9 le 18 ao\u00fbt 2025 \u00e0 11h10 Les pompiers ont \u00e9t\u00e9 appel\u00e9s, dimanche 17\u00a0ao\u00fbt vers&hellip;\n","protected":false},"author":2,"featured_media":327077,"comment_status":"","ping_status":"","sticky":false,"template":"","format":"standard","meta":{"footnotes":""},"categories":[2818],"tags":[119,1111,11,1777,674,118,1011,27,766,12,2636,1311,25],"class_list":{"0":"post-327076","1":"post","2":"type-post","3":"status-publish","4":"format-standard","5":"has-post-thumbnail","7":"category-nantes","8":"tag-accident","9":"tag-actu","10":"tag-actualites","11":"tag-eu","12":"tag-europe","13":"tag-faits-divers","14":"tag-fr","15":"tag-france","16":"tag-nantes","17":"tag-news","18":"tag-pays-de-la-loire","19":"tag-pompiers","20":"tag-republique-francaise"},"share_on_mastodon":{"url":"https:\/\/pubeurope.com\/@fr\/115049858502646575","error":""},"_links":{"self":[{"href":"https:\/\/www.europesays.com\/fr\/wp-json\/wp\/v2\/posts\/327076","targetHints":{"allow":["GET"]}}],"collection":[{"href":"https:\/\/www.europesays.com\/fr\/wp-json\/wp\/v2\/posts"}],"about":[{"href":"https:\/\/www.europesays.com\/fr\/wp-json\/wp\/v2\/types\/post"}],"author":[{"embeddable":true,"href":"https:\/\/www.europesays.com\/fr\/wp-json\/wp\/v2\/users\/2"}],"replies":[{"embeddable":true,"href":"https:\/\/www.europesays.com\/fr\/wp-json\/wp\/v2\/comments?post=327076"}],"version-history":[{"count":0,"href":"https:\/\/www.europesays.com\/fr\/wp-json\/wp\/v2\/posts\/327076\/revisions"}],"wp:featuredmedia":[{"embeddable":true,"href":"https:\/\/www.europesays.com\/fr\/wp-json\/wp\/v2\/media\/327077"}],"wp:attachment":[{"href":"https:\/\/www.europesays.com\/fr\/wp-json\/wp\/v2\/media?parent=327076"}],"wp:term":[{"taxonomy":"category","embeddable":true,"href":"https:\/\/www.europesays.com\/fr\/wp-json\/wp\/v2\/categories?post=327076"},{"taxonomy":"post_tag","embeddable":true,"href":"https:\/\/www.europesays.com\/fr\/wp-json\/wp\/v2\/tags?post=327076"}],"curies":[{"name":"wp","href":"https:\/\/api.w.org\/{rel}","templated":true}]}}