{"id":327080,"date":"2025-08-18T12:54:14","date_gmt":"2025-08-18T12:54:14","guid":{"rendered":"https:\/\/www.europesays.com\/fr\/327080\/"},"modified":"2025-08-18T12:54:14","modified_gmt":"2025-08-18T12:54:14","slug":"pres-de-bordeaux-il-sequestre-une-dame-de-97-ans-et-lui-vole-ses-dessous-pour-un-acte-obscene","status":"publish","type":"post","link":"https:\/\/www.europesays.com\/fr\/327080\/","title":{"rendered":"Pr\u00e8s de Bordeaux, il s\u00e9questre une dame de 97 ans et lui vole ses dessous pour un acte obsc\u00e8ne"},"content":{"rendered":"<p>            Par<br \/>\n        <strong><br \/>\n            <a href=\"https:\/\/actu.fr\/auteur\/charlotte-lesprit\" title=\"Consulter tous les articles de Charlotte Lesprit\" rel=\"nofollow noopener\" target=\"_blank\">Charlotte Lesprit<\/a><br \/>\n        <\/strong><\/p>\n<p>        Publi\u00e9 le<\/p>\n<p>            18 ao\u00fbt 2025 \u00e0 14h32        <\/p>\n<p>Un individu s\u2019est introduit au domicile d\u2019<strong>une dame de 97\u00a0ans<\/strong>, jeudi 14 ao\u00fbt, \u00e0 <a href=\"https:\/\/actu.fr\/nouvelle-aquitaine\/floirac_33167\" rel=\"nofollow noopener\" target=\"_blank\">Floirac<\/a>, sur la rive droite de Bordeaux, un peu avant 9 heures du matin. C\u2019est <strong>l\u2019alarme du domicile<\/strong> qui a permis d\u2019alerter les enfants de la nonag\u00e9naire qui ont appel\u00e9 les forces de l\u2019ordre.<\/p>\n<p>L\u2019intrus hospitalis\u00e9<\/p>\n<p class=\" wall-content\">Une fois sur place, la <a href=\"https:\/\/actu.fr\/tag\/police\" rel=\"nofollow noopener\" target=\"_blank\">police<\/a> d\u00e9couvre que la victime a \u00e9t\u00e9 enferm\u00e9e dans sa chambre pendant que l\u2019intrus, un homme de 40\u00a0ans, avait <strong>vol\u00e9 deux culottes \u00e0 sa victime<\/strong> afin de s\u2019y masturber.\u00a0L\u2019homme a \u00e9t\u00e9 hospitalis\u00e9 en psychiatrie en raison de sa sant\u00e9 mentale.<\/p>\n<p class=\" wall-content\">Personnalisez votre actualit\u00e9 en ajoutant vos villes et m\u00e9dias en favori avec <a href=\"https:\/\/moncompte.actu.fr\" title=\"D\u00e9couvez Mon Actu\" rel=\"nofollow noopener\" data-trk=\"{&quot;cta&quot;:{&quot;action&quot;:&quot;https:\\\/\\\/moncompte.actu.fr&quot;,&quot;category&quot;:&quot;mon compte&quot;,&quot;from&quot;:&quot;article footer&quot;,&quot;name&quot;:&quot;Mon actu&quot;,&quot;type&quot;:&quot;cta&quot;}}\" target=\"_blank\">Mon Actu<\/a>.<\/p>\n","protected":false},"excerpt":{"rendered":"Par Charlotte Lesprit Publi\u00e9 le 18 ao\u00fbt 2025 \u00e0 14h32 Un individu s\u2019est introduit au domicile d\u2019une dame&hellip;\n","protected":false},"author":2,"featured_media":327081,"comment_status":"","ping_status":"","sticky":false,"template":"","format":"standard","meta":{"footnotes":""},"categories":[2817],"tags":[1111,11,1997,1777,674,118,1011,27,12,2219,1072,25],"class_list":{"0":"post-327080","1":"post","2":"type-post","3":"status-publish","4":"format-standard","5":"has-post-thumbnail","7":"category-bordeaux","8":"tag-actu","9":"tag-actualites","10":"tag-bordeaux","11":"tag-eu","12":"tag-europe","13":"tag-faits-divers","14":"tag-fr","15":"tag-france","16":"tag-news","17":"tag-nouvelle-aquitaine","18":"tag-police","19":"tag-republique-francaise"},"share_on_mastodon":{"url":"https:\/\/pubeurope.com\/@fr\/115049874332132024","error":""},"_links":{"self":[{"href":"https:\/\/www.europesays.com\/fr\/wp-json\/wp\/v2\/posts\/327080","targetHints":{"allow":["GET"]}}],"collection":[{"href":"https:\/\/www.europesays.com\/fr\/wp-json\/wp\/v2\/posts"}],"about":[{"href":"https:\/\/www.europesays.com\/fr\/wp-json\/wp\/v2\/types\/post"}],"author":[{"embeddable":true,"href":"https:\/\/www.europesays.com\/fr\/wp-json\/wp\/v2\/users\/2"}],"replies":[{"embeddable":true,"href":"https:\/\/www.europesays.com\/fr\/wp-json\/wp\/v2\/comments?post=327080"}],"version-history":[{"count":0,"href":"https:\/\/www.europesays.com\/fr\/wp-json\/wp\/v2\/posts\/327080\/revisions"}],"wp:featuredmedia":[{"embeddable":true,"href":"https:\/\/www.europesays.com\/fr\/wp-json\/wp\/v2\/media\/327081"}],"wp:attachment":[{"href":"https:\/\/www.europesays.com\/fr\/wp-json\/wp\/v2\/media?parent=327080"}],"wp:term":[{"taxonomy":"category","embeddable":true,"href":"https:\/\/www.europesays.com\/fr\/wp-json\/wp\/v2\/categories?post=327080"},{"taxonomy":"post_tag","embeddable":true,"href":"https:\/\/www.europesays.com\/fr\/wp-json\/wp\/v2\/tags?post=327080"}],"curies":[{"name":"wp","href":"https:\/\/api.w.org\/{rel}","templated":true}]}}