{"id":327084,"date":"2025-08-18T12:57:28","date_gmt":"2025-08-18T12:57:28","guid":{"rendered":"https:\/\/www.europesays.com\/fr\/327084\/"},"modified":"2025-08-18T12:57:28","modified_gmt":"2025-08-18T12:57:28","slug":"des-changements-notables-sur-le-reseau-tisseo-des-ce-lundi","status":"publish","type":"post","link":"https:\/\/www.europesays.com\/fr\/327084\/","title":{"rendered":"des changements notables sur le r\u00e9seau Tiss\u00e9o d\u00e8s ce lundi"},"content":{"rendered":"<p>            Par<br \/>\n        <strong><br \/>\n            <a href=\"https:\/\/actu.fr\/auteur\/lea-afonso\" title=\"Consulter tous les articles de L\u00e9a Afonso\" target=\"_blank\" rel=\"noopener\">L\u00e9a Afonso<\/a><br \/>\n        <\/strong><\/p>\n<p>        Publi\u00e9 le<\/p>\n<p>            18 ao\u00fbt 2025 \u00e0 12h02        <\/p>\n<p>Alors que les vacances d\u2019\u00e9t\u00e9 touchent \u00e0 leur fin pour certains Toulousains, <strong><a href=\"https:\/\/actu.fr\/tag\/tisseo\" target=\"_blank\" rel=\"noopener\">Tiss\u00e9o<\/a> <\/strong>n\u2019y \u00e9chappe pas\u2026 L\u2019organisme de transports en commun de <a href=\"https:\/\/actu.fr\/toulouse\/\" target=\"_blank\" rel=\"noopener\">Toulouse<\/a> reprend peu \u00e0 peu son rythme de croisi\u00e8re d\u00e8s ce lundi 18\u00a0ao\u00fbt 2025. En effet, <strong>quelques changements<\/strong> sont notables, voici lesquels.<\/p>\n<p>#1. La fin des rames courtes<\/p>\n<p class=\" wall-content\">Elles ont fait d\u00e9bat tout l\u2019\u00e9t\u00e9 \u2013 du moins durant trois semaines -, ces fameuses<strong> rames courtes sur la ligne A<\/strong>, compos\u00e9es de<strong> deux wagons au lieu de quatre<\/strong> ne circulent plus.\u00a0Depuis ce lundi au matin, le m\u00e9tro tel qu\u2019on le conna\u00eet toute l\u2019ann\u00e9e, long de 52\u00a0m\u00e8tres est bel est bien de retour, avec des rames r\u00e9vis\u00e9es\u2009!<\/p>\n<p class=\" wall-content\">Effectivement, comme <a href=\"https:\/\/actu.fr\/occitanie\/toulouse_31555\/c-est-comme-ca-il-faut-faire-avec-rames-courtes-du-metro-a-toulouse-les-passagers-n-en-peuvent-plus_62987468.html\" target=\"_blank\" rel=\"noopener\">nous vous en parlions dans un pr\u00e9c\u00e9dent article,<\/a> ces rames plus courtes, mises en service sur une p\u00e9riode o\u00f9 la fr\u00e9quentation est moindre, permet de <strong>r\u00e9aliser des \u00e9conomies d\u2019\u00e9nergie\u2009<\/strong>et de <strong>proc\u00e9der \u00e0 la maintenance des wagons<\/strong>.<\/p>\n<blockquote class=\"ac-article-quote wall-content\">\n<p>Sur l&rsquo;\u00e9t\u00e9 2023, ces rames ont permis d&rsquo;\u00e9conomiser 116\u2009000 km \u2014 ce qui \u00e9quivaut \u00e0 la circulation d\u2019une rame sur une ann\u00e9e \u2014, mais aussi 304 MWh, soit 30,4 tonnes de CO2 \u00e9vit\u00e9s.<\/p>\n<p>    <strong>Tiss\u00e9o<\/strong>\n            <\/p><\/blockquote>\n<p>#2. La reprise de T\u00e9l\u00e9o<\/p>\n<p class=\" wall-content\">Autre retour attendu\u2009:<strong> le red\u00e9marrage de T\u00e9l\u00e9o.<\/strong> Ferm\u00e9 durant 15\u00a0jours, il a repris du service ce lundi 18\u00a0ao\u00fbt au matin. Deux semaines qui ont permis de \u00ab\u2009r\u00e9aliser des <strong>op\u00e9rations de maintenance<\/strong> plus longues qui ne peuvent pas \u00eatre effectu\u00e9es pendant les fermetures de nuit. Cette interruption estivale fait partie d\u2019un cycle normal de <strong>maintenance g\u00e9n\u00e9rale r\u00e9glementaire,<\/strong> et elle a lieu chaque \u00e9t\u00e9\u2009\u00bb, <a href=\"https:\/\/actu.fr\/occitanie\/toulouse_31555\/toulouse-pourquoi-teleo-va-s-arreter-durant-deux-semaines-cet-ete_62963908.html\" target=\"_blank\" rel=\"noopener\">expliquait l\u2019autorit\u00e9 de transports \u00e0\u00a0Actu Toulouse.<\/a><\/p>\n<p>Vid\u00e9os : en ce moment sur Actu<\/p>\n<p class=\" wall-content\">Le t\u00e9l\u00e9ph\u00e9rique maintient tout de m\u00eame ses <strong>horaires estivaux,<\/strong> jusqu\u2019au dimanche 28\u00a0septembre 2025. Les <strong>premiers d\u00e9parts<\/strong> des deux terminus (Oncopole \u2013 Lise Enjalbert et Universit\u00e9 Paul Sabatier) sont pr\u00e9vu<strong>s \u00e0 5\u2009h\u200915 et les derniers d\u00e9parts \u00e0 00\u2009h\u200930.<\/strong> Une plage horaire \u00e9largie, de deux heures et demie en soir\u00e9e.<\/p>\n<p class=\" wall-content\">Personnalisez votre actualit\u00e9 en ajoutant vos villes et m\u00e9dias en favori avec <a href=\"https:\/\/moncompte.actu.fr\" title=\"D\u00e9couvez Mon Actu\" rel=\"nofollow noopener\" data-trk=\"{&quot;cta&quot;:{&quot;action&quot;:&quot;https:\\\/\\\/moncompte.actu.fr&quot;,&quot;category&quot;:&quot;mon compte&quot;,&quot;from&quot;:&quot;article footer&quot;,&quot;name&quot;:&quot;Mon actu&quot;,&quot;type&quot;:&quot;cta&quot;}}\" target=\"_blank\">Mon Actu<\/a>.<\/p>\n","protected":false},"excerpt":{"rendered":"Par L\u00e9a Afonso Publi\u00e9 le 18 ao\u00fbt 2025 \u00e0 12h02 Alors que les vacances d\u2019\u00e9t\u00e9 touchent \u00e0 leur&hellip;\n","protected":false},"author":2,"featured_media":327085,"comment_status":"","ping_status":"","sticky":false,"template":"","format":"standard","meta":{"footnotes":""},"categories":[2816],"tags":[1111,11,1777,674,1011,27,10596,12,2680,25,104,5400,2312,2803],"class_list":{"0":"post-327084","1":"post","2":"type-post","3":"status-publish","4":"format-standard","5":"has-post-thumbnail","7":"category-toulouse","8":"tag-actu","9":"tag-actualites","10":"tag-eu","11":"tag-europe","12":"tag-fr","13":"tag-france","14":"tag-metro-de-toulouse","15":"tag-news","16":"tag-occitanie","17":"tag-republique-francaise","18":"tag-societe","19":"tag-tisseo","20":"tag-toulouse","21":"tag-transport"},"share_on_mastodon":{"url":"https:\/\/pubeurope.com\/@fr\/115049886087012143","error":""},"_links":{"self":[{"href":"https:\/\/www.europesays.com\/fr\/wp-json\/wp\/v2\/posts\/327084","targetHints":{"allow":["GET"]}}],"collection":[{"href":"https:\/\/www.europesays.com\/fr\/wp-json\/wp\/v2\/posts"}],"about":[{"href":"https:\/\/www.europesays.com\/fr\/wp-json\/wp\/v2\/types\/post"}],"author":[{"embeddable":true,"href":"https:\/\/www.europesays.com\/fr\/wp-json\/wp\/v2\/users\/2"}],"replies":[{"embeddable":true,"href":"https:\/\/www.europesays.com\/fr\/wp-json\/wp\/v2\/comments?post=327084"}],"version-history":[{"count":0,"href":"https:\/\/www.europesays.com\/fr\/wp-json\/wp\/v2\/posts\/327084\/revisions"}],"wp:featuredmedia":[{"embeddable":true,"href":"https:\/\/www.europesays.com\/fr\/wp-json\/wp\/v2\/media\/327085"}],"wp:attachment":[{"href":"https:\/\/www.europesays.com\/fr\/wp-json\/wp\/v2\/media?parent=327084"}],"wp:term":[{"taxonomy":"category","embeddable":true,"href":"https:\/\/www.europesays.com\/fr\/wp-json\/wp\/v2\/categories?post=327084"},{"taxonomy":"post_tag","embeddable":true,"href":"https:\/\/www.europesays.com\/fr\/wp-json\/wp\/v2\/tags?post=327084"}],"curies":[{"name":"wp","href":"https:\/\/api.w.org\/{rel}","templated":true}]}}