{"id":327088,"date":"2025-08-18T13:04:16","date_gmt":"2025-08-18T13:04:16","guid":{"rendered":"https:\/\/www.europesays.com\/fr\/327088\/"},"modified":"2025-08-18T13:04:16","modified_gmt":"2025-08-18T13:04:16","slug":"priorite-dachat-acces-prix-les-infos-deplacement-pour-lille","status":"publish","type":"post","link":"https:\/\/www.europesays.com\/fr\/327088\/","title":{"rendered":"Priorit\u00e9 d&rsquo;achat, acc\u00e8s, prix\u2026 Les infos d\u00e9placement pour Lille"},"content":{"rendered":"<p>\n                Alors que l\u2019AS Monaco se rend au Stade Pierre-Mauroy pour affronter le LOSC, ce dimanche (20h45), pour la 2e journ\u00e9e de Ligue 1 et le premier d\u00e9placement de la saison, d\u00e9couvre les informations si tu souhaites venir encourager les Rouge et Blanc en parcage.\n            <\/p>\n<p>Direction le Nord de la France. Apr\u00e8s <a href=\"https:\/\/www.asmonaco.com\/applique-face-au-havre-las-monaco-tient-sa-1100e-victoire-en-ligue-1\/\" target=\"_blank\" rel=\"noopener nofollow\">un premier succ\u00e8s face au Havre<\/a> ce week-end en ouverture de la Ligue 1 McDonald\u2019s (3-1), l\u2019AS Monaco s\u2019appr\u00eate \u00e0 disputer son premier d\u00e9placement de la saison. Les Rouge &amp; Blanc se rendront en effet au Stade Pierre-Mauroy pour <a href=\"https:\/\/www.asmonaco.com\/decouvre-la-date-et-lheure-du-voyage-a-lille-pour-la-j2\/\" target=\"_blank\" rel=\"noopener nofollow\">affronter Lille ce dimanche \u00e0 20h45<\/a>, \u00e0 l\u2019occasion de la 2e journ\u00e9e de championnat.<\/p>\n<p><a href=\"https:\/\/www.europesays.com\/fr\/wp-content\/uploads\/2025\/08\/2025-02-22-lille-asm-03764-1.jpg\"><img fetchpriority=\"high\" decoding=\"async\" class=\"alignnone size-full wp-image-681619\" src=\"https:\/\/www.europesays.com\/fr\/wp-content\/uploads\/2025\/08\/2025-02-22-lille-asm-03764-1.jpg\" alt=\"\" width=\"1160\" height=\"650\"  \/><\/a><\/p>\n<p>Plus de 700 supporters en parcage l\u2019an dernier<\/p>\n<p>Si les Mon\u00e9gasques avaient pu conna\u00eetre une d\u00e9faite frustrante <a href=\"https:\/\/www.asmonaco.com\/surpris-par-lefficacite-du-losc-las-monaco-sincline\/\" target=\"_blank\" rel=\"noopener nofollow\">la saison derni\u00e8re (2-1)<\/a>, ils avaient n\u00e9anmoins pu compter sur le soutien sans faille des supporters en parcage puisque <a href=\"https:\/\/www.asmonaco.com\/plus-de-700-supporters-monegasques-en-parcage-a-lille\/\" target=\"_blank\" rel=\"noopener nofollow\">plus de 700 d\u2019entre eux<\/a> avaient r\u00e9pondu pr\u00e9sent. Cette ann\u00e9e encore, les hommes d\u2019Adi H\u00fctter auront besoin de vous pour pleinement lancer leur campagne \u00e0 l\u2019ext\u00e9rieur et rester en haut du classement.<\/p>\n<p><a href=\"https:\/\/www.europesays.com\/fr\/wp-content\/uploads\/2025\/08\/34881698-2025-02-22-lille-asm-04395.jpg\"><img loading=\"lazy\" decoding=\"async\" class=\"alignnone size-full wp-image-681852\" src=\"https:\/\/www.europesays.com\/fr\/wp-content\/uploads\/2025\/08\/34881698-2025-02-22-lille-asm-04395.jpg\" alt=\"\" width=\"1160\" height=\"650\"  \/><\/a><\/p>\n<p>Une priorit\u00e9 d\u2019achat jusqu\u2019\u00e0 ce mardi 15h<\/p>\n<p>Alors donc, ne perds pas de temps et viens prendre ta place sur la billetterie en ligne du Club, l\u2019achat de ce e-billet te garantissant ta place en secteurs visiteurs. <strong>A noter qu\u2019une priorit\u00e9 d\u2019achat est offerte jusqu\u2019\u00e0 ce mardi 15h pour les abonn\u00e9s 2025-2026, ainsi qu\u2019\u00e0 toute personne ayant achet\u00e9 un billet en secteur visiteurs la saison derni\u00e8re. Pass\u00e9 ce d\u00e9lai, la billetterie sera ouverte \u00e0 tous les supporters de l\u2019AS Monaco.<\/strong><\/p>\n<p><a href=\"https:\/\/www.europesays.com\/fr\/wp-content\/uploads\/2025\/08\/lille-asm-whatsapp-16-9.jpg\"><img loading=\"lazy\" decoding=\"async\" class=\"alignnone size-full wp-image-721885\" src=\"https:\/\/www.europesays.com\/fr\/wp-content\/uploads\/2025\/08\/lille-asm-whatsapp-16-9.jpg\" alt=\"\" width=\"1160\" height=\"653\"  \/><\/a><\/p>\n<p>\ud83d\uddd3 Les infos \u00e0 conna\u00eetre :<\/p>\n<ul>\n<li>Date : Dimanche 24 ao\u00fbt 2025<\/li>\n<li>Coup d\u2019envoi : 20h45<\/li>\n<li>Lieu : Stade Pierre-Mauroy<\/li>\n<li><strong>Achat de billet uniquement\u00a0sur la billetterie en ligne\u00a0de l\u2019AS Monaco<\/strong><\/li>\n<li><strong>Il ne s\u2019agit pas d\u2019une contremarque, mais bien d\u2019un e-billet qu\u2019il faudra pr\u00e9senter \u00e0 l\u2019entr\u00e9e du secteur visiteurs<\/strong><\/li>\n<li>Ouverture du secteur visiteurs : 19h15<\/li>\n<li>Prix : 10\u20ac<\/li>\n<li><strong>Pr\u00e9sentation obligatoire de la pi\u00e8ce d\u2019identit\u00e9<\/strong><\/li>\n<li><strong><strong>Acc\u00e8s en voiture via la rue de la Volont\u00e9 :<\/strong> <a href=\"https:\/\/maps.app.goo.gl\/99R224giPYcYPmqK6\" target=\"_blank\" rel=\"noopener nofollow\">Google Maps<\/a>, <a href=\"https:\/\/maps.apple.com\/?ll=50.611614,3.133061&amp;q=Lieu%20marqu%C3%A9%20d%E2%80%99un%20rep%C3%A8re&amp;t=h\" target=\"_blank\" rel=\"noopener nofollow\">Plans<\/a> et <a href=\"https:\/\/waze.com\/ul\/hu0fpzm93y\" target=\"_blank\" rel=\"noopener nofollow\">Waze<\/a><br \/><\/strong><\/li>\n<\/ul>\n<ul>\n<li class=\"x_MsoNormal\"><strong>Acc\u00e8s pi\u00e9tons <\/strong><strong>Via le parvis (c\u00f4t\u00e9 Sud) \u2013 Porte I : <a href=\"https:\/\/maps.app.goo.gl\/gB6gbKteru7Zj5Tv6\" target=\"_blank\" rel=\"noopener nofollow\">Google Maps<\/a><\/strong><b\/><\/li>\n<li class=\"x_MsoNormal\"><b>Evitez le Secteur Nord du parvis<\/b><\/li>\n<\/ul>\n<p>\ud83d\udcf2 Un groupe WhatsApp d\u00e9di\u00e9 aux fans \ud83c\uddf2\ud83c\udde8<\/p>\n<p>Pour rappel, l\u2019AS Monaco a mis en place un fil de conversation WhatsApp pour te permettre d\u2019avoir toutes les informations utiles pour venir supporter l\u2019\u00e9quipe au Stade Louis-II, comme \u00e0 l\u2019ext\u00e9rieur. Pour rejoindre ce groupe,\u00a0<strong><a href=\"https:\/\/www.asmonaco.com\/supporters-un-fil-infos-pratiques-maintenant-disponible\/\" target=\"_blank\" rel=\"noopener nofollow\">voici la marche \u00e0 suivre !<\/a><\/strong><\/p>\n<p><a href=\"https:\/\/www.europesays.com\/fr\/wp-content\/uploads\/2025\/04\/nouvelle-charte-supporter-1.png\"><img loading=\"lazy\" decoding=\"async\" class=\"alignnone size-full wp-image-379250\" src=\"https:\/\/www.europesays.com\/fr\/wp-content\/uploads\/2025\/04\/nouvelle-charte-supporter-1.png\"   alt=\"\" width=\"947\" height=\"578\"\/><\/a><\/p>\n","protected":false},"excerpt":{"rendered":"Alors que l\u2019AS Monaco se rend au Stade Pierre-Mauroy pour affronter le LOSC, ce dimanche (20h45), pour la&hellip;\n","protected":false},"author":2,"featured_media":327089,"comment_status":"","ping_status":"","sticky":false,"template":"","format":"standard","meta":{"footnotes":""},"categories":[2815],"tags":[1111,11,1777,674,1011,27,811,1307,12,25],"class_list":{"0":"post-327088","1":"post","2":"type-post","3":"status-publish","4":"format-standard","5":"has-post-thumbnail","7":"category-lille","8":"tag-actu","9":"tag-actualites","10":"tag-eu","11":"tag-europe","12":"tag-fr","13":"tag-france","14":"tag-hauts-de-france","15":"tag-lille","16":"tag-news","17":"tag-republique-francaise"},"share_on_mastodon":{"url":"https:\/\/pubeurope.com\/@fr\/115049914045457216","error":""},"_links":{"self":[{"href":"https:\/\/www.europesays.com\/fr\/wp-json\/wp\/v2\/posts\/327088","targetHints":{"allow":["GET"]}}],"collection":[{"href":"https:\/\/www.europesays.com\/fr\/wp-json\/wp\/v2\/posts"}],"about":[{"href":"https:\/\/www.europesays.com\/fr\/wp-json\/wp\/v2\/types\/post"}],"author":[{"embeddable":true,"href":"https:\/\/www.europesays.com\/fr\/wp-json\/wp\/v2\/users\/2"}],"replies":[{"embeddable":true,"href":"https:\/\/www.europesays.com\/fr\/wp-json\/wp\/v2\/comments?post=327088"}],"version-history":[{"count":0,"href":"https:\/\/www.europesays.com\/fr\/wp-json\/wp\/v2\/posts\/327088\/revisions"}],"wp:featuredmedia":[{"embeddable":true,"href":"https:\/\/www.europesays.com\/fr\/wp-json\/wp\/v2\/media\/327089"}],"wp:attachment":[{"href":"https:\/\/www.europesays.com\/fr\/wp-json\/wp\/v2\/media?parent=327088"}],"wp:term":[{"taxonomy":"category","embeddable":true,"href":"https:\/\/www.europesays.com\/fr\/wp-json\/wp\/v2\/categories?post=327088"},{"taxonomy":"post_tag","embeddable":true,"href":"https:\/\/www.europesays.com\/fr\/wp-json\/wp\/v2\/tags?post=327088"}],"curies":[{"name":"wp","href":"https:\/\/api.w.org\/{rel}","templated":true}]}}