{"id":327090,"date":"2025-08-18T13:06:20","date_gmt":"2025-08-18T13:06:20","guid":{"rendered":"https:\/\/www.europesays.com\/fr\/327090\/"},"modified":"2025-08-18T13:06:20","modified_gmt":"2025-08-18T13:06:20","slug":"acheter-a-marseille-en-2025","status":"publish","type":"post","link":"https:\/\/www.europesays.com\/fr\/327090\/","title":{"rendered":"Acheter \u00e0 Marseille en 2025"},"content":{"rendered":"<p>Acheter \u00e0 Marseille, c\u2019est miser sur une ville en pleine transformation. Les prix restent globalement inf\u00e9rieurs \u00e0 ceux de Lyon ou Bordeaux, mais certains arrondissements, notamment sur le littoral ou en centre-ville, affichent d\u00e9sormais des valeurs dignes de march\u00e9s premium. En 2025, l\u2019immobilier marseillais offre de r\u00e9elles opportunit\u00e9s d\u2019achat, que ce soit pour une r\u00e9sidence principale, un investissement locatif ou un bien patrimonial \u00e0 r\u00e9nover. Trouver votre <a href=\"https:\/\/www.lesiteimmo.com\/acheter\/maison\/marseille-13000\" target=\"_blank\" rel=\"noopener nofollow\">maison<\/a> ou votre <a href=\"https:\/\/www.lesiteimmo.com\/acheter\/appartement\/marseille-13000\" target=\"_blank\" rel=\"noopener nofollow\">appartement \u00e0 Marseille<\/a>.<\/p>\n<p><img loading=\"lazy\" decoding=\"async\" width=\"1024\" height=\"765\" class=\"wp-image-12269\" src=\"https:\/\/www.europesays.com\/fr\/wp-content\/uploads\/2025\/08\/massif-des-calanques-entoure-par-la-mer-sous-la-lumiere-du-soleil-et-un-ciel-bleu-en-france-1024x765.jpeg\" alt=\"\"  \/>Le massif des Calanques MarseilleDans cette sous-cat\u00e9gorie, vous trouverez :<\/p>\n<ul class=\"wp-block-list\">\n<li>Des analyses sur les <strong>tendances du march\u00e9 <a href=\"https:\/\/www.lesiteimmo.com\/immobilier\/marseille-13000\" target=\"_blank\" rel=\"noopener nofollow\">immobilier marseillais<\/a><\/strong><\/li>\n<li>Des comparatifs de <strong>prix au m\u00b2 par arrondissement<\/strong>, mis \u00e0 jour<\/li>\n<li>Les <strong>quartiers porteurs pour investir ou vivre<\/strong>, selon votre profil (famille, retrait\u00e9, primo-acc\u00e9dant)<\/li>\n<li>Des zooms sur l\u2019<strong>immobilier neuf<\/strong>, le <strong>luxe<\/strong>, les <strong>biens atypiques<\/strong> ou encore l\u2019<strong>achat en viager<\/strong><\/li>\n<li>Des conseils pour <strong>\u00e9viter les pi\u00e8ges<\/strong>, bien financer son achat ou <strong>r\u00e9ussir sa premi\u00e8re acquisition \u00e0 Marseille<\/strong><\/li>\n<\/ul>\n<p>Articles disponibles :<\/p>\n","protected":false},"excerpt":{"rendered":"Acheter \u00e0 Marseille, c\u2019est miser sur une ville en pleine transformation. Les prix restent globalement inf\u00e9rieurs \u00e0 ceux&hellip;\n","protected":false},"author":2,"featured_media":327091,"comment_status":"","ping_status":"","sticky":false,"template":"","format":"standard","meta":{"footnotes":""},"categories":[2814],"tags":[1111,11,1777,674,1011,27,884,12,882,25],"class_list":{"0":"post-327090","1":"post","2":"type-post","3":"status-publish","4":"format-standard","5":"has-post-thumbnail","7":"category-marseille","8":"tag-actu","9":"tag-actualites","10":"tag-eu","11":"tag-europe","12":"tag-fr","13":"tag-france","14":"tag-marseille","15":"tag-news","16":"tag-provence-alpes-cote-dazur","17":"tag-republique-francaise"},"share_on_mastodon":{"url":"https:\/\/pubeurope.com\/@fr\/115049921823237696","error":""},"_links":{"self":[{"href":"https:\/\/www.europesays.com\/fr\/wp-json\/wp\/v2\/posts\/327090","targetHints":{"allow":["GET"]}}],"collection":[{"href":"https:\/\/www.europesays.com\/fr\/wp-json\/wp\/v2\/posts"}],"about":[{"href":"https:\/\/www.europesays.com\/fr\/wp-json\/wp\/v2\/types\/post"}],"author":[{"embeddable":true,"href":"https:\/\/www.europesays.com\/fr\/wp-json\/wp\/v2\/users\/2"}],"replies":[{"embeddable":true,"href":"https:\/\/www.europesays.com\/fr\/wp-json\/wp\/v2\/comments?post=327090"}],"version-history":[{"count":0,"href":"https:\/\/www.europesays.com\/fr\/wp-json\/wp\/v2\/posts\/327090\/revisions"}],"wp:featuredmedia":[{"embeddable":true,"href":"https:\/\/www.europesays.com\/fr\/wp-json\/wp\/v2\/media\/327091"}],"wp:attachment":[{"href":"https:\/\/www.europesays.com\/fr\/wp-json\/wp\/v2\/media?parent=327090"}],"wp:term":[{"taxonomy":"category","embeddable":true,"href":"https:\/\/www.europesays.com\/fr\/wp-json\/wp\/v2\/categories?post=327090"},{"taxonomy":"post_tag","embeddable":true,"href":"https:\/\/www.europesays.com\/fr\/wp-json\/wp\/v2\/tags?post=327090"}],"curies":[{"name":"wp","href":"https:\/\/api.w.org\/{rel}","templated":true}]}}