{"id":327121,"date":"2025-08-18T13:29:33","date_gmt":"2025-08-18T13:29:33","guid":{"rendered":"https:\/\/www.europesays.com\/fr\/327121\/"},"modified":"2025-08-18T13:29:33","modified_gmt":"2025-08-18T13:29:33","slug":"a-quelle-heure-et-sur-quelle-chaine-regarder-lentree-en-lice-des-bleues-a-la-coupe-du-monde-feminine-de-rugby","status":"publish","type":"post","link":"https:\/\/www.europesays.com\/fr\/327121\/","title":{"rendered":"\u00e0 quelle heure et sur quelle cha\u00eene regarder l\u2019entr\u00e9e en lice des Bleues \u00e0 la Coupe du monde f\u00e9minine de rugby"},"content":{"rendered":"<p>Le XV de France entame la Coupe du monde samedi soir face aux Italiennes \u00e0 Exeter, en Angleterre<\/p>\n<p class=\"fig-paragraph\">C\u2019est parti pour la 10e \u00e9dition de la Coupe du monde f\u00e9minine de rugby. Pays h\u00f4te, et grande favorite, l\u2019Angleterre, lance la comp\u00e9tition d\u00e8s ce vendredi soir, face aux Am\u00e9ricaines \u00e0 Sunderland (coup d\u2019envoi \u00e0 20h30, en direct sur France TV).<\/p>\n<p class=\"fig-paragraph\"><a href=\"http:\/\/www.lefigaro.fr\/sports\/rugby\/coupe-du-monde-de-rugby-feminin-entre-experience-et-jeunesse-decouvrez-la-liste-de-l-equipe-de-france-20250802\" data-fig-type=\"NewsFlash\" data-gtm-custom-categorie=\"navigation\" data-gtm-custom-action=\"crossclick\" data-gtm-custom-label=\"Contextuel\" data-gtm-event=\"customEventSPE\" data-fig-domain=\"LEFIGARO\" target=\"_blank\" rel=\"noopener\">Les Bleues de Manae Feleu et Marine M\u00e9nager<\/a>, elles, enteront en lice samedi soir. Elles d\u00e9fieront les Italiennes au Sandy Park d\u2019Exeter, ville du sud-ouest de l\u2019Angleterre.<\/p>\n<p>                                    <a class=\"fig-a11y-skip a11y-hidden\" href=\"#fig-a11y-skip-main-inarticle\"><br \/>\n        Passer la publicit\u00e9<br \/>\n    <\/a><\/p>\n<p class=\"fig-paragraph\">Une rencontre inaugurale, dont le coup d\u2019envoi sera donn\u00e9 \u00e0 21h15, \u00e0 suivre en direct sur TF1. Et en live comment\u00e9 sur le figaro.fr.<\/p>\n","protected":false},"excerpt":{"rendered":"Le XV de France entame la Coupe du monde samedi soir face aux Italiennes \u00e0 Exeter, en Angleterre&hellip;\n","protected":false},"author":2,"featured_media":327122,"comment_status":"","ping_status":"","sticky":false,"template":"","format":"standard","meta":{"footnotes":""},"categories":[4],"tags":[11,13070,1011,27,12,25,12042],"class_list":{"0":"post-327121","1":"post","2":"type-post","3":"status-publish","4":"format-standard","5":"has-post-thumbnail","7":"category-france","8":"tag-actualites","9":"tag-coupe-du-monde-de-rugby-feminine","10":"tag-fr","11":"tag-france","12":"tag-news","13":"tag-republique-francaise","14":"tag-rugby-feminin"},"share_on_mastodon":{"url":"https:\/\/pubeurope.com\/@fr\/115050011928096383","error":""},"_links":{"self":[{"href":"https:\/\/www.europesays.com\/fr\/wp-json\/wp\/v2\/posts\/327121","targetHints":{"allow":["GET"]}}],"collection":[{"href":"https:\/\/www.europesays.com\/fr\/wp-json\/wp\/v2\/posts"}],"about":[{"href":"https:\/\/www.europesays.com\/fr\/wp-json\/wp\/v2\/types\/post"}],"author":[{"embeddable":true,"href":"https:\/\/www.europesays.com\/fr\/wp-json\/wp\/v2\/users\/2"}],"replies":[{"embeddable":true,"href":"https:\/\/www.europesays.com\/fr\/wp-json\/wp\/v2\/comments?post=327121"}],"version-history":[{"count":0,"href":"https:\/\/www.europesays.com\/fr\/wp-json\/wp\/v2\/posts\/327121\/revisions"}],"wp:featuredmedia":[{"embeddable":true,"href":"https:\/\/www.europesays.com\/fr\/wp-json\/wp\/v2\/media\/327122"}],"wp:attachment":[{"href":"https:\/\/www.europesays.com\/fr\/wp-json\/wp\/v2\/media?parent=327121"}],"wp:term":[{"taxonomy":"category","embeddable":true,"href":"https:\/\/www.europesays.com\/fr\/wp-json\/wp\/v2\/categories?post=327121"},{"taxonomy":"post_tag","embeddable":true,"href":"https:\/\/www.europesays.com\/fr\/wp-json\/wp\/v2\/tags?post=327121"}],"curies":[{"name":"wp","href":"https:\/\/api.w.org\/{rel}","templated":true}]}}