{"id":327125,"date":"2025-08-18T13:33:12","date_gmt":"2025-08-18T13:33:12","guid":{"rendered":"https:\/\/www.europesays.com\/fr\/327125\/"},"modified":"2025-08-18T13:33:12","modified_gmt":"2025-08-18T13:33:12","slug":"en-video-le-puissant-haka-des-all-blacks-accompagne-de-lacteur-jason-momoa","status":"publish","type":"post","link":"https:\/\/www.europesays.com\/fr\/327125\/","title":{"rendered":"en vid\u00e9o, le puissant haka des All Blacks accompagn\u00e9 de l\u2019acteur Jason Momoa"},"content":{"rendered":"<p><strong>LE SCAN SPORT &#8211; <\/strong>Une dizaine d\u2019anciens internationaux n\u00e9o-z\u00e9landais ont particip\u00e9 au tournage de la s\u00e9rie Chief of War au c\u00f4t\u00e9 de la star.<\/p>\n<p class=\"fig-paragraph\"><a href=\"https:\/\/tvmag.lefigaro.fr\/programme-tv\/series\/chief-of-war-sur-apple-tv-l-odyssee-de-hawaii-par-jason-momoa-20250803\" target=\"_blank\" data-fig-type=\"Article\" rel=\"sponsored noopener\" data-gtm-custom-categorie=\"navigation\" data-gtm-custom-action=\"crossclick\" data-gtm-custom-label=\"Contextuel\" data-gtm-event=\"customEventSPE\" data-fig-domain=\"TVMAG\">Dans la s\u00e9rie-\u00e9v\u00e9nement Chief of War,<\/a>\u00a0diffus\u00e9e actuellement sur Apple +, l\u2019acteur Jason Momoa, originaire d\u2019Hawa\u00cf, rend hommage \u00e0 l\u2019histoire de son peuple \u00e0 travers le r\u00e9cit de la vie, authentique, du guerrier Ka\u2019iana qui, \u00e0 la fin du 18e si\u00e8cle, avait unifi\u00e9, de fa\u00e7on violente, les quatre royaumes de l\u2019\u00eele du Pacifique pour repousser l\u2019invasion des Conquistadors.<\/p>\n<p class=\"fig-paragraph\">Fan de rugby, de la Nouvelle-Z\u00e9lande en particulier,\u00a0<a href=\"http:\/\/www.lefigaro.fr\/sports\/rugby\/rugby-weepu-messam-meeuws-une-dizaine-d-ex-all-blacks-au-casting-de-la-serie-chief-of-war-en-images-20250812\" data-fig-type=\"NewsFlash\" data-gtm-custom-categorie=\"navigation\" data-gtm-custom-action=\"crossclick\" data-gtm-custom-label=\"Contextuel\" data-gtm-event=\"customEventSPE\" data-fig-domain=\"LEFIGARO\" target=\"_blank\" rel=\"noopener\">la star a enr\u00f4l\u00e9 d\u2019anciens All Blacks au casting<\/a>. On retrouve ainsi, face \u00e0 la cam\u00e9ra, Frank Bunce (69 s\u00e9lections) et Kees Meeuws (ancien pilier de Castres et Agen, 45 s\u00e9lections), Piri Weepu (71 s\u00e9lections, champion du monde 2011 pass\u00e9 par Narbonne et Oyonnax) et Troy Flavell (pass\u00e9 par Bayonne et\u2026 Saint-Jean de Luz), Rene Ranger (15 s\u00e9lections, pass\u00e9 par Montpellier), Eric Rush, Pita Alatini, Liam Messam (62 caps, ex-Toulonnais) ou encore Ofa Tu\u2019ungafasi (pilier de 33 ans, 75 s\u00e9lections, le seul All Black encore en activit\u00e9)\u2026<\/p>\n<p>                                    <a class=\"fig-a11y-skip a11y-hidden\" href=\"#fig-a11y-skip-main-inarticle\"><br \/>\n        Passer la publicit\u00e9<br \/>\n    <\/a><\/p>\n<p class=\"fig-paragraph\">\u00abJe suis un grand supporter des All Blacks. Je les adore. J\u2019ai essay\u00e9 de faire venir Tana Umaga, mais Kees Meeuws est l\u2019un de mes joueurs pr\u00e9f\u00e9r\u00e9s de tous les temps\u00bb, a expliqu\u00e9 Jason Momoa.<\/p>\n<p class=\"fig-paragraph\">Une nouvelle vid\u00e9o le montre en compagnie des All Blacks, tous maoris, ex\u00e9cuter un puissant haka, muscles saillants, avec tatouages et tenues traditionnels. On le voit \u00e9galement jouer avec un ballon de rugby et poser avec la tunique des All Blacks.<\/p>\n","protected":false},"excerpt":{"rendered":"LE SCAN SPORT &#8211; Une dizaine d\u2019anciens internationaux n\u00e9o-z\u00e9landais ont particip\u00e9 au tournage de la s\u00e9rie Chief of&hellip;\n","protected":false},"author":2,"featured_media":327126,"comment_status":"","ping_status":"","sticky":false,"template":"","format":"standard","meta":{"footnotes":""},"categories":[1416],"tags":[2305,1011,27,4977,479,1468,60],"class_list":{"0":"post-327125","1":"post","2":"type-post","3":"status-publish","4":"format-standard","5":"has-post-thumbnail","7":"category-rugby","8":"tag-all-blacks","9":"tag-fr","10":"tag-france","11":"tag-le-scan-sport","12":"tag-rugby","13":"tag-rugby-football","14":"tag-sports"},"share_on_mastodon":{"url":"https:\/\/pubeurope.com\/@fr\/115050028182031416","error":""},"_links":{"self":[{"href":"https:\/\/www.europesays.com\/fr\/wp-json\/wp\/v2\/posts\/327125","targetHints":{"allow":["GET"]}}],"collection":[{"href":"https:\/\/www.europesays.com\/fr\/wp-json\/wp\/v2\/posts"}],"about":[{"href":"https:\/\/www.europesays.com\/fr\/wp-json\/wp\/v2\/types\/post"}],"author":[{"embeddable":true,"href":"https:\/\/www.europesays.com\/fr\/wp-json\/wp\/v2\/users\/2"}],"replies":[{"embeddable":true,"href":"https:\/\/www.europesays.com\/fr\/wp-json\/wp\/v2\/comments?post=327125"}],"version-history":[{"count":0,"href":"https:\/\/www.europesays.com\/fr\/wp-json\/wp\/v2\/posts\/327125\/revisions"}],"wp:featuredmedia":[{"embeddable":true,"href":"https:\/\/www.europesays.com\/fr\/wp-json\/wp\/v2\/media\/327126"}],"wp:attachment":[{"href":"https:\/\/www.europesays.com\/fr\/wp-json\/wp\/v2\/media?parent=327125"}],"wp:term":[{"taxonomy":"category","embeddable":true,"href":"https:\/\/www.europesays.com\/fr\/wp-json\/wp\/v2\/categories?post=327125"},{"taxonomy":"post_tag","embeddable":true,"href":"https:\/\/www.europesays.com\/fr\/wp-json\/wp\/v2\/tags?post=327125"}],"curies":[{"name":"wp","href":"https:\/\/api.w.org\/{rel}","templated":true}]}}